{"id":610210,"date":"2023-07-20T15:49:07","date_gmt":"2023-07-20T11:49:07","guid":{"rendered":"https:\/\/arantv.az\/?p=610210"},"modified":"2023-07-20T15:49:07","modified_gmt":"2023-07-20T11:49:07","slug":"aqta-ictimai-ias%c9%99-mu%c9%99ssis%c9%99l%c9%99rinin-r%c9%99hb%c9%99rl%c9%99rin%c9%99-muraci%c9%99t-edib-2","status":"publish","type":"post","link":"https:\/\/arantv.az\/?p=610210","title":{"rendered":"AQTA ictimai ia\u015f\u0259 m\u00fc\u0259ssis\u0259l\u0259rinin r\u0259hb\u0259rl\u0259rin\u0259 m\u00fcraci\u0259t edib"},"content":{"rendered":"<p>Az\u0259rbaycan Qida T\u0259hl\u00fck\u0259sizliyi Agentliyi (AQTA) \u00f6lk\u0259 \u0259razisind\u0259 f\u0259aliyy\u0259t g\u00f6st\u0259r\u0259n ictimai ia\u015f\u0259 m\u00fc\u0259ssis\u0259l\u0259rinin r\u0259hb\u0259rl\u0259rin\u0259 m\u00fcraci\u0259t edib.<\/p>\n<p>AQTA-dan\u00a0daxil olan m\u00fcraci\u0259td\u0259 deyilir:<\/p>\n<p>\u201cBu il yanvar\u0131n 1-d\u0259n q\u00fcvv\u0259y\u0259 min\u0259n \u201cQida t\u0259hl\u00fck\u0259sizliyi haqq\u0131nda\u201d Qanuna \u0259sas\u0259n, qida m\u0259hsullar\u0131n\u0131n da\u015f\u0131nmas\u0131 f\u0259aliyy\u0259ti il\u0259 m\u0259\u015f\u011ful olan qida subyektl\u0259ri m\u00fcvafiq qaydada qeydiyyata al\u0131nmal\u0131d\u0131r. Bel\u0259 obyektl\u0259rin qeydiyyata al\u0131nmadan v\u0259 ya t\u0259sdiq edilm\u0259d\u0259n qida sah\u0259sind\u0259 f\u0259aliyy\u0259t g\u00f6st\u0259rm\u0259si qada\u011fand\u0131r. H\u0259m\u00e7inin qida subyektl\u0259rinin qida m\u0259hsullar\u0131 il\u0259 bilavasit\u0259 t\u0259masda olan \u0259m\u0259kda\u015flar\u0131 ilkin v\u0259 d\u00f6vri tibbi m\u00fcayin\u0259l\u0259rd\u0259n ke\u00e7irilm\u0259lidir. Qida m\u0259hsullar\u0131n\u0131n ilkin istehsal\u0131, istehsal\u0131, emal\u0131, d\u00f6vriyy\u0259si v\u0259 utilizasiyas\u0131 prosesl\u0259rin\u0259 ilkin v\u0259 d\u00f6vri tibbi m\u00fcayin\u0259l\u0259rd\u0259n ke\u00e7m\u0259mi\u015f, habel\u0259 m\u00fcxt\u0259lif yoluxucu x\u0259st\u0259likl\u0259rin da\u015f\u0131y\u0131c\u0131lar\u0131 olan v\u0259 ya infeksion x\u0259st\u0259likl\u0259r\u0259 yoluxmu\u015f \u0259m\u0259kda\u015flar\u0131n burax\u0131lmas\u0131 qada\u011fand\u0131r. Lakin Agentlik t\u0259r\u0259find\u0259n apar\u0131lan n\u0259zar\u0259t t\u0259dbirl\u0259ri zaman\u0131 bir s\u0131ra da\u015f\u0131ma v\u0259 \u00e7atd\u0131r\u0131lma f\u0259aliyy\u0259ti il\u0259 m\u0259\u015f\u011ful olan qida subyektl\u0259rinin v\u0259 ya onlar\u0131n m\u00fcqavil\u0259 ba\u011flad\u0131\u011f\u0131 da\u015f\u0131y\u0131c\u0131 \u015f\u0259xsl\u0259rin qida sah\u0259sind\u0259 qeydiyyata al\u0131nmadan qanunsuz f\u0259aliyy\u0259t g\u00f6st\u0259rdiyi, el\u0259c\u0259 d\u0259 da\u015f\u0131malar\u0131 h\u0259yata ke\u00e7ir\u0259n i\u015f\u00e7il\u0259rin tibbi m\u00fcayin\u0259d\u0259n ke\u00e7m\u0259diyi a\u015fkar edilib. Eyni zamanda, h\u0259min da\u015f\u0131y\u0131c\u0131lar t\u0259r\u0259find\u0259n qida m\u0259hsullar\u0131n\u0131n da\u015f\u0131nmas\u0131 zaman\u0131 temperatur rejimin\u0259 \u0259m\u0259l olunmad\u0131\u011f\u0131, soyuq z\u0259ncir v\u0259 mal qon\u015fulu\u011fu prinsipl\u0259rinin pozulmas\u0131 hallar\u0131 m\u00fc\u0259yy\u0259n edilib.<\/p>\n<p>Tibbi m\u00fcayin\u0259d\u0259n ke\u00e7m\u0259y\u0259n v\u0259 x\u0259st\u0259lik da\u015f\u0131y\u0131c\u0131s\u0131 olan \u015f\u0259xsl\u0259rin qida il\u0259 t\u0259masda olmas\u0131 insanlarda m\u00fcxt\u0259lif infeksion v\u0259 d\u0259ri-z\u00f6hr\u0259vi x\u0259st\u0259likl\u0259rin ba\u015f verm\u0259sin\u0259, h\u0259m\u00e7inin qida m\u0259hsullar\u0131nda temperatur rejiminin v\u0259 mal qon\u015fulu\u011funun g\u00f6zl\u0259nilm\u0259m\u0259si h\u0259min m\u0259hsullarda patogen mikroorqanizml\u0259rin s\u00fcr\u0259tl\u0259 yay\u0131lmas\u0131na, k\u00fctl\u0259vi qida z\u0259h\u0259rl\u0259nm\u0259l\u0259rinin v\u0259 dig\u0259r m\u0259d\u0259-ba\u011f\u0131rsaq infeksiyalar\u0131n\u0131n ba\u015f verm\u0259sin\u0259 s\u0259b\u0259b ola bil\u0259r. Qeyd edil\u0259n pozuntular n\u0259tic\u0259sind\u0259 istehlak\u00e7\u0131larda h\u0259r hans\u0131 qida z\u0259h\u0259rl\u0259nm\u0259l\u0259rin\u0259, h\u0259yat v\u0259 sa\u011flaml\u0131\u011fa yarana bil\u0259c\u0259k t\u0259hl\u00fck\u0259l\u0259r\u0259 g\u00f6r\u0259 birba\u015fa m\u0259suliyy\u0259ti is\u0259 ia\u015f\u0259 obyektl\u0259rinin r\u0259hb\u0259rl\u0259ri da\u015f\u0131yacaq.<\/p>\n<div id=\"22889818619\"><\/div>\n<p>\u0130nsanlar\u0131n h\u0259yat v\u0259 sa\u011flaml\u0131\u011f\u0131n\u0131n qorunmas\u0131, qida t\u0259hl\u00fck\u0259sizliyi sah\u0259sind\u0259 qanunvericiliyin t\u0259l\u0259bl\u0259rin\u0259 \u0259m\u0259l olunmas\u0131 m\u0259qs\u0259dil\u0259 qida obyektl\u0259rind\u0259 istehsal v\u0259 ya emal edil\u0259n qidalar\u0131n da\u015f\u0131nmas\u0131 v\u0259 istehlak\u00e7\u0131lara \u00e7atd\u0131r\u0131lmas\u0131 yaln\u0131z qeydiyyatdan ke\u00e7mi\u015f v\u0259 temperatur rejimi t\u0259min olunan avadanl\u0131qlara (n\u0259qliyyat vasit\u0259l\u0259rin\u0259) malik, qida il\u0259 t\u0259masda olan \u015f\u0259xsl\u0259ri tibbi m\u00fcayin\u0259d\u0259n ke\u00e7mi\u015f qida subyektl\u0259ri (obyektl\u0259ri) t\u0259r\u0259find\u0259n h\u0259yata ke\u00e7irilm\u0259lidir. Qida sah\u0259sind\u0259 qanunvericiliyin t\u0259l\u0259bl\u0259rinin yerin\u0259 yetirilm\u0259m\u0259sin\u0259 v\u0259 istehlak\u00e7\u0131lar\u0131n h\u00fcquqlar\u0131n\u0131n m\u00fcdafi\u0259sini h\u0259yata ke\u00e7ir\u0259n m\u00fcvafiq icra hakimiyy\u0259ti orqan\u0131n\u0131n qanuni yaz\u0131l\u0131 t\u0259l\u0259bl\u0259rin\u0259 \u0259m\u0259l olunmamas\u0131na g\u00f6r\u0259 is\u0259 inzibati v\u0259 cinay\u0259t m\u0259suliyy\u0259ti n\u0259z\u0259rd\u0259 tutulub.<\/p>\n<p>Qeyd ed\u0259k ki, qida z\u0259ncirinin b\u00fct\u00fcn m\u0259rh\u0259l\u0259l\u0259rind\u0259 qida v\u0259 yem m\u0259hsullar\u0131n\u0131n, el\u0259c\u0259 d\u0259 qida m\u0259hsullar\u0131 il\u0259 t\u0259masda olan material v\u0259 m\u0259mulatlar\u0131n t\u0259hl\u00fck\u0259sizliyin\u0259, qida m\u0259hsullar\u0131n\u0131n minimum keyfiyy\u0259tin\u0259, h\u0259m\u00e7inin qida v\u0259 yem m\u0259hsullar\u0131na, d\u00f6vl\u0259t baytarl\u0131q v\u0259 fitosanitar n\u0259zar\u0259tind\u0259 olan y\u00fckl\u0259r\u0259, eyni zamanda istehlak\u00e7\u0131lar\u0131n h\u00fcquqlar\u0131n\u0131n m\u00fcdafi\u0259si sah\u0259sind\u0259 d\u00f6vl\u0259t n\u0259zar\u0259tinin h\u0259yata ke\u00e7irilm\u0259si AQTA-n\u0131n s\u0259lahiyy\u0259tl\u0259rin\u0259 aiddir\u201d.<\/p>\n","protected":false},"excerpt":{"rendered":"<p>Az\u0259rbaycan Qida T\u0259hl\u00fck\u0259sizliyi Agentliyi (AQTA) \u00f6lk\u0259 \u0259razisind\u0259 f\u0259aliyy\u0259t g\u00f6st\u0259r\u0259n ictimai ia\u015f\u0259 m\u00fc\u0259ssis\u0259l\u0259rinin r\u0259hb\u0259rl\u0259rin\u0259 m\u00fcraci\u0259t edib. AQTA-dan\u00a0daxil olan m\u00fcraci\u0259td\u0259 deyilir: \u201cBu il yanvar\u0131n 1-d\u0259n q\u00fcvv\u0259y\u0259 min\u0259n \u201cQida t\u0259hl\u00fck\u0259sizliyi haqq\u0131nda\u201d Qanuna \u0259sas\u0259n, qida m\u0259hsullar\u0131n\u0131n da\u015f\u0131nmas\u0131 f\u0259aliyy\u0259ti il\u0259 m\u0259\u015f\u011ful olan qida subyektl\u0259ri m\u00fcvafiq qaydada qeydiyyata al\u0131nmal\u0131d\u0131r. Bel\u0259 obyektl\u0259rin qeydiyyata al\u0131nmadan v\u0259 ya t\u0259sdiq edilm\u0259d\u0259n qida sah\u0259sind\u0259 f\u0259aliyy\u0259t g\u00f6st\u0259rm\u0259si qada\u011fand\u0131r. H\u0259m\u00e7inin qida subyektl\u0259rinin qida m\u0259hsullar\u0131 il\u0259 bilavasit\u0259 t\u0259masda olan \u0259m\u0259kda\u015flar\u0131 ilkin v\u0259 d\u00f6vri tibbi m\u00fcayin\u0259l\u0259rd\u0259n ke\u00e7irilm\u0259lidir. Qida m\u0259hsullar\u0131n\u0131n ilkin istehsal\u0131, istehsal\u0131, emal\u0131, d\u00f6vriyy\u0259si v\u0259 utilizasiyas\u0131 prosesl\u0259rin\u0259 ilkin v\u0259 d\u00f6vri tibbi m\u00fcayin\u0259l\u0259rd\u0259n ke\u00e7m\u0259mi\u015f, habel\u0259 m\u00fcxt\u0259lif&hellip;<\/p>\n","protected":false},"author":2,"featured_media":608579,"comment_status":"closed","ping_status":"closed","sticky":false,"template":"","format":"standard","meta":{"om_disable_all_campaigns":false,"_monsterinsights_skip_tracking":false,"_monsterinsights_sitenote_active":false,"_monsterinsights_sitenote_note":"","_monsterinsights_sitenote_category":0},"categories":[1],"tags":[],"aioseo_notices":[],"gutentor_comment":0,"rttpg_featured_image_url":{"full":["https:\/\/arantv.az\/wp-content\/uploads\/2023\/06\/aqta_loqo.jpg",800,600,false],"landscape":["https:\/\/arantv.az\/wp-content\/uploads\/2023\/06\/aqta_loqo.jpg",800,600,false],"portraits":["https:\/\/arantv.az\/wp-content\/uploads\/2023\/06\/aqta_loqo.jpg",800,600,false],"thumbnail":["https:\/\/arantv.az\/wp-content\/uploads\/2023\/06\/aqta_loqo-500x280.jpg",500,280,true],"medium":["https:\/\/arantv.az\/wp-content\/uploads\/2023\/06\/aqta_loqo-487x365.jpg",487,365,true],"large":["https:\/\/arantv.az\/wp-content\/uploads\/2023\/06\/aqta_loqo.jpg",640,480,false],"1536x1536":["https:\/\/arantv.az\/wp-content\/uploads\/2023\/06\/aqta_loqo.jpg",800,600,false],"2048x2048":["https:\/\/arantv.az\/wp-content\/uploads\/2023\/06\/aqta_loqo.jpg",800,600,false],"post-thumbnail":["https:\/\/arantv.az\/wp-content\/uploads\/2023\/06\/aqta_loqo-240x172.jpg",240,172,true],"advps-thumb-one":["https:\/\/arantv.az\/wp-content\/uploads\/2023\/06\/aqta_loqo.jpg",800,600,false]},"rttpg_author":{"display_name":"V\u00fcsal Rafiqo\u011flu","author_link":"https:\/\/arantv.az\/?author=2"},"rttpg_comment":0,"rttpg_category":"<a href=\"https:\/\/arantv.az\/?cat=1\" rel=\"category\">C\u0259miyy\u0259t<\/a>","rttpg_excerpt":"Az\u0259rbaycan Qida T\u0259hl\u00fck\u0259sizliyi Agentliyi (AQTA) \u00f6lk\u0259 \u0259razisind\u0259 f\u0259aliyy\u0259t g\u00f6st\u0259r\u0259n ictimai ia\u015f\u0259 m\u00fc\u0259ssis\u0259l\u0259rinin r\u0259hb\u0259rl\u0259rin\u0259 m\u00fcraci\u0259t edib. AQTA-dan\u00a0daxil olan m\u00fcraci\u0259td\u0259 deyilir: \u201cBu il yanvar\u0131n 1-d\u0259n q\u00fcvv\u0259y\u0259 min\u0259n \u201cQida t\u0259hl\u00fck\u0259sizliyi haqq\u0131nda\u201d Qanuna \u0259sas\u0259n, qida m\u0259hsullar\u0131n\u0131n da\u015f\u0131nmas\u0131 f\u0259aliyy\u0259ti il\u0259 m\u0259\u015f\u011ful olan qida subyektl\u0259ri m\u00fcvafiq qaydada qeydiyyata al\u0131nmal\u0131d\u0131r. Bel\u0259 obyektl\u0259rin qeydiyyata al\u0131nmadan v\u0259 ya t\u0259sdiq edilm\u0259d\u0259n qida sah\u0259sind\u0259 f\u0259aliyy\u0259t g\u00f6st\u0259rm\u0259si&hellip;","_links":{"self":[{"href":"https:\/\/arantv.az\/index.php?rest_route=\/wp\/v2\/posts\/610210"}],"collection":[{"href":"https:\/\/arantv.az\/index.php?rest_route=\/wp\/v2\/posts"}],"about":[{"href":"https:\/\/arantv.az\/index.php?rest_route=\/wp\/v2\/types\/post"}],"author":[{"embeddable":true,"href":"https:\/\/arantv.az\/index.php?rest_route=\/wp\/v2\/users\/2"}],"replies":[{"embeddable":true,"href":"https:\/\/arantv.az\/index.php?rest_route=%2Fwp%2Fv2%2Fcomments&post=610210"}],"version-history":[{"count":0,"href":"https:\/\/arantv.az\/index.php?rest_route=\/wp\/v2\/posts\/610210\/revisions"}],"wp:featuredmedia":[{"embeddable":true,"href":"https:\/\/arantv.az\/index.php?rest_route=\/wp\/v2\/media\/608579"}],"wp:attachment":[{"href":"https:\/\/arantv.az\/index.php?rest_route=%2Fwp%2Fv2%2Fmedia&parent=610210"}],"wp:term":[{"taxonomy":"category","embeddable":true,"href":"https:\/\/arantv.az\/index.php?rest_route=%2Fwp%2Fv2%2Fcategories&post=610210"},{"taxonomy":"post_tag","embeddable":true,"href":"https:\/\/arantv.az\/index.php?rest_route=%2Fwp%2Fv2%2Ftags&post=610210"}],"curies":[{"name":"wp","href":"https:\/\/api.w.org\/{rel}","templated":true}]}}