{"id":610223,"date":"2023-07-20T15:54:54","date_gmt":"2023-07-20T11:54:54","guid":{"rendered":"https:\/\/arantv.az\/?p=610223"},"modified":"2023-07-20T15:54:54","modified_gmt":"2023-07-20T11:54:54","slug":"lacin-s%c9%99rh%c9%99d-buraxilis-m%c9%99nt%c9%99q%c9%99sind%c9%99n-istifad%c9%99-ed%c9%99nl%c9%99rin-sayi-bilindi","status":"publish","type":"post","link":"https:\/\/arantv.az\/?p=610223","title":{"rendered":"\u201cLa\u00e7\u0131n\u201d s\u0259rh\u0259d-burax\u0131l\u0131\u015f m\u0259nt\u0259q\u0259sind\u0259n istifad\u0259 ed\u0259nl\u0259rin say\u0131 bilindi"},"content":{"rendered":"<p>\u201cAz\u0259rbaycan\u0131n La\u00e7\u0131n yolunda s\u0259rh\u0259d-burax\u0131l\u0131\u015f m\u0259nt\u0259q\u0259si yaratmas\u0131 bu qanunsuz \u0259m\u0259ll\u0259r\u0259 son qoymaq \u00fc\u00e7\u00fcn z\u0259ruri t\u0259dbir idi\u201d.<\/p>\n<p>APA x\u0259b\u0259r verir ki, bu bar\u0259d\u0259 Az\u0259rbaycan\u0131n AT\u018fT yan\u0131ndak\u0131 daimi n\u00fcmay\u0259nd\u0259si, s\u0259fir R\u00f6v\u015f\u0259n Sad\u0131qb\u0259yli qurumun Daimi \u015euras\u0131n\u0131n iclas\u0131nda Erm\u0259nistan X\u0130N r\u0259hb\u0259rin\u0259 cavab\u0131nda deyib.<\/p>\n<p>\u201cEyni zamanda, Az\u0259rbaycan\u0131n Qaraba\u011f b\u00f6lg\u0259sind\u0259 ya\u015fayan erm\u0259ni sakinl\u0259rinin h\u0259r iki istiqam\u0259td\u0259 \u015f\u0259ffaf v\u0259 nizaml\u0131 ke\u00e7idi \u00fc\u00e7\u00fcn m\u00fcvafiq \u015f\u0259rait yarad\u0131l\u0131b. S\u0259rh\u0259d-burax\u0131l\u0131\u015f m\u0259nt\u0259q\u0259sinin yarad\u0131ld\u0131\u011f\u0131 tarixd\u0259n &#8211; aprelin 23-d\u0259n indiy\u0259d\u0259k Erm\u0259nistan t\u0259r\u0259finin onlar\u0131 bu ke\u00e7idd\u0259n istifad\u0259d\u0259n \u00e7\u0259kindirm\u0259k \u00fc\u00e7\u00fcn apard\u0131\u011f\u0131 c\u0259hdl\u0259r\u0259 v\u0259 yalan t\u0259bli\u011fata baxmayaraq, 1927 n\u0259f\u0259r burax\u0131l\u0131\u015f m\u0259nt\u0259q\u0259sind\u0259n istifad\u0259 ed\u0259r\u0259k s\u0259rh\u0259di ke\u00e7ib\u201d, &#8211; s\u0259fir qeyd edib.<\/p>\n","protected":false},"excerpt":{"rendered":"<p>\u201cAz\u0259rbaycan\u0131n La\u00e7\u0131n yolunda s\u0259rh\u0259d-burax\u0131l\u0131\u015f m\u0259nt\u0259q\u0259si yaratmas\u0131 bu qanunsuz \u0259m\u0259ll\u0259r\u0259 son qoymaq \u00fc\u00e7\u00fcn z\u0259ruri t\u0259dbir idi\u201d. APA x\u0259b\u0259r verir ki, bu bar\u0259d\u0259 Az\u0259rbaycan\u0131n AT\u018fT yan\u0131ndak\u0131 daimi n\u00fcmay\u0259nd\u0259si, s\u0259fir R\u00f6v\u015f\u0259n Sad\u0131qb\u0259yli qurumun Daimi \u015euras\u0131n\u0131n iclas\u0131nda Erm\u0259nistan X\u0130N r\u0259hb\u0259rin\u0259 cavab\u0131nda deyib. \u201cEyni zamanda, Az\u0259rbaycan\u0131n Qaraba\u011f b\u00f6lg\u0259sind\u0259 ya\u015fayan erm\u0259ni sakinl\u0259rinin h\u0259r iki istiqam\u0259td\u0259 \u015f\u0259ffaf v\u0259 nizaml\u0131 ke\u00e7idi \u00fc\u00e7\u00fcn m\u00fcvafiq \u015f\u0259rait yarad\u0131l\u0131b. S\u0259rh\u0259d-burax\u0131l\u0131\u015f m\u0259nt\u0259q\u0259sinin yarad\u0131ld\u0131\u011f\u0131 tarixd\u0259n &#8211; aprelin 23-d\u0259n indiy\u0259d\u0259k Erm\u0259nistan t\u0259r\u0259finin onlar\u0131 bu ke\u00e7idd\u0259n istifad\u0259d\u0259n \u00e7\u0259kindirm\u0259k \u00fc\u00e7\u00fcn apard\u0131\u011f\u0131 c\u0259hdl\u0259r\u0259 v\u0259 yalan t\u0259bli\u011fata baxmayaraq, 1927 n\u0259f\u0259r burax\u0131l\u0131\u015f m\u0259nt\u0259q\u0259sind\u0259n istifad\u0259 ed\u0259r\u0259k s\u0259rh\u0259di ke\u00e7ib\u201d, &#8211; s\u0259fir qeyd&hellip;<\/p>\n","protected":false},"author":2,"featured_media":610224,"comment_status":"closed","ping_status":"closed","sticky":false,"template":"","format":"standard","meta":{"om_disable_all_campaigns":false,"_monsterinsights_skip_tracking":false,"_monsterinsights_sitenote_active":false,"_monsterinsights_sitenote_note":"","_monsterinsights_sitenote_category":0},"categories":[4],"tags":[],"aioseo_notices":[],"gutentor_comment":0,"rttpg_featured_image_url":{"full":["https:\/\/arantv.az\/wp-content\/uploads\/2023\/07\/64b9192863f9064b9192863f91168985220064b9192863f8e64b9192863f8f.jpg",620,413,false],"landscape":["https:\/\/arantv.az\/wp-content\/uploads\/2023\/07\/64b9192863f9064b9192863f91168985220064b9192863f8e64b9192863f8f.jpg",620,413,false],"portraits":["https:\/\/arantv.az\/wp-content\/uploads\/2023\/07\/64b9192863f9064b9192863f91168985220064b9192863f8e64b9192863f8f.jpg",620,413,false],"thumbnail":["https:\/\/arantv.az\/wp-content\/uploads\/2023\/07\/64b9192863f9064b9192863f91168985220064b9192863f8e64b9192863f8f-500x280.jpg",500,280,true],"medium":["https:\/\/arantv.az\/wp-content\/uploads\/2023\/07\/64b9192863f9064b9192863f91168985220064b9192863f8e64b9192863f8f-548x365.jpg",548,365,true],"large":["https:\/\/arantv.az\/wp-content\/uploads\/2023\/07\/64b9192863f9064b9192863f91168985220064b9192863f8e64b9192863f8f.jpg",620,413,false],"1536x1536":["https:\/\/arantv.az\/wp-content\/uploads\/2023\/07\/64b9192863f9064b9192863f91168985220064b9192863f8e64b9192863f8f.jpg",620,413,false],"2048x2048":["https:\/\/arantv.az\/wp-content\/uploads\/2023\/07\/64b9192863f9064b9192863f91168985220064b9192863f8e64b9192863f8f.jpg",620,413,false],"post-thumbnail":["https:\/\/arantv.az\/wp-content\/uploads\/2023\/07\/64b9192863f9064b9192863f91168985220064b9192863f8e64b9192863f8f-240x172.jpg",240,172,true],"advps-thumb-one":["https:\/\/arantv.az\/wp-content\/uploads\/2023\/07\/64b9192863f9064b9192863f91168985220064b9192863f8e64b9192863f8f.jpg",620,413,false]},"rttpg_author":{"display_name":"V\u00fcsal Rafiqo\u011flu","author_link":"https:\/\/arantv.az\/?author=2"},"rttpg_comment":0,"rttpg_category":"<a href=\"https:\/\/arantv.az\/?cat=4\" rel=\"category\">Siyas\u0259t<\/a>","rttpg_excerpt":"\u201cAz\u0259rbaycan\u0131n La\u00e7\u0131n yolunda s\u0259rh\u0259d-burax\u0131l\u0131\u015f m\u0259nt\u0259q\u0259si yaratmas\u0131 bu qanunsuz \u0259m\u0259ll\u0259r\u0259 son qoymaq \u00fc\u00e7\u00fcn z\u0259ruri t\u0259dbir idi\u201d. APA x\u0259b\u0259r verir ki, bu bar\u0259d\u0259 Az\u0259rbaycan\u0131n AT\u018fT yan\u0131ndak\u0131 daimi n\u00fcmay\u0259nd\u0259si, s\u0259fir R\u00f6v\u015f\u0259n Sad\u0131qb\u0259yli qurumun Daimi \u015euras\u0131n\u0131n iclas\u0131nda Erm\u0259nistan X\u0130N r\u0259hb\u0259rin\u0259 cavab\u0131nda deyib. \u201cEyni zamanda, Az\u0259rbaycan\u0131n Qaraba\u011f b\u00f6lg\u0259sind\u0259 ya\u015fayan erm\u0259ni sakinl\u0259rinin h\u0259r iki istiqam\u0259td\u0259 \u015f\u0259ffaf v\u0259 nizaml\u0131 ke\u00e7idi \u00fc\u00e7\u00fcn m\u00fcvafiq&hellip;","_links":{"self":[{"href":"https:\/\/arantv.az\/index.php?rest_route=\/wp\/v2\/posts\/610223"}],"collection":[{"href":"https:\/\/arantv.az\/index.php?rest_route=\/wp\/v2\/posts"}],"about":[{"href":"https:\/\/arantv.az\/index.php?rest_route=\/wp\/v2\/types\/post"}],"author":[{"embeddable":true,"href":"https:\/\/arantv.az\/index.php?rest_route=\/wp\/v2\/users\/2"}],"replies":[{"embeddable":true,"href":"https:\/\/arantv.az\/index.php?rest_route=%2Fwp%2Fv2%2Fcomments&post=610223"}],"version-history":[{"count":0,"href":"https:\/\/arantv.az\/index.php?rest_route=\/wp\/v2\/posts\/610223\/revisions"}],"wp:featuredmedia":[{"embeddable":true,"href":"https:\/\/arantv.az\/index.php?rest_route=\/wp\/v2\/media\/610224"}],"wp:attachment":[{"href":"https:\/\/arantv.az\/index.php?rest_route=%2Fwp%2Fv2%2Fmedia&parent=610223"}],"wp:term":[{"taxonomy":"category","embeddable":true,"href":"https:\/\/arantv.az\/index.php?rest_route=%2Fwp%2Fv2%2Fcategories&post=610223"},{"taxonomy":"post_tag","embeddable":true,"href":"https:\/\/arantv.az\/index.php?rest_route=%2Fwp%2Fv2%2Ftags&post=610223"}],"curies":[{"name":"wp","href":"https:\/\/api.w.org\/{rel}","templated":true}]}}