{"id":610226,"date":"2023-07-20T15:56:58","date_gmt":"2023-07-20T11:56:58","guid":{"rendered":"https:\/\/arantv.az\/?p=610226"},"modified":"2023-07-20T15:56:58","modified_gmt":"2023-07-20T11:56:58","slug":"toivo-klaarin-mandati-uzadilib","status":"publish","type":"post","link":"https:\/\/arantv.az\/?p=610226","title":{"rendered":"Toivo Klaar\u0131n mandat\u0131 uzad\u0131l\u0131b"},"content":{"rendered":"<p>Avropa \u0130ttifaq\u0131n\u0131n C\u0259nubi Qafqaz v\u0259 G\u00fcrc\u00fcstan b\u00f6hran\u0131 \u00fczr\u0259 X\u00fcsusi N\u00fcmay\u0259nd\u0259si Toivo Klaar\u0131n mandat\u0131 uzad\u0131l\u0131b.<\/p>\n<p><strong>ARANTV.AZ\u00a0 x\u0259b\u0259r verir ki,<\/strong>\u00a0bu bar\u0259d\u0259 bu g\u00fcn A\u0130 \u015euras\u0131 q\u0259rar q\u0259bul edib.<\/p>\n<p>Klaar\u0131n mandat\u0131 daha bir il, 2024-c\u00fc il avqustun 31-\u0259 q\u0259d\u0259r uzad\u0131l\u0131b.<\/p>\n<p>Toivo Klaar 2017-ci il noyabr\u0131n 13-d\u0259 C\u0259nubi Qafqaz v\u0259 G\u00fcrc\u00fcstandak\u0131 b\u00f6hran \u00fczr\u0259 A\u0130-nin X\u00fcsusi N\u00fcmay\u0259nd\u0259si t\u0259yin edilib. Onun v\u0259zif\u0259si regiondak\u0131 m\u00fcnaqi\u015f\u0259l\u0259rin s\u00fclh yolu il\u0259 h\u0259llin\u0259 t\u00f6hf\u0259 verm\u0259k, h\u0259m\u00e7inin Erm\u0259nistan, Az\u0259rbaycan v\u0259 G\u00fcrc\u00fcstan v\u0259 m\u00fcvafiq olaraq bu qon\u015fu \u00f6lk\u0259l\u0259r aras\u0131nda regional \u0259m\u0259kda\u015fl\u0131\u011f\u0131 t\u0259\u015fviq etm\u0259kdir.<\/p>\n","protected":false},"excerpt":{"rendered":"<p>Avropa \u0130ttifaq\u0131n\u0131n C\u0259nubi Qafqaz v\u0259 G\u00fcrc\u00fcstan b\u00f6hran\u0131 \u00fczr\u0259 X\u00fcsusi N\u00fcmay\u0259nd\u0259si Toivo Klaar\u0131n mandat\u0131 uzad\u0131l\u0131b. ARANTV.AZ\u00a0 x\u0259b\u0259r verir ki,\u00a0bu bar\u0259d\u0259 bu g\u00fcn A\u0130 \u015euras\u0131 q\u0259rar q\u0259bul edib. Klaar\u0131n mandat\u0131 daha bir il, 2024-c\u00fc il avqustun 31-\u0259 q\u0259d\u0259r uzad\u0131l\u0131b. Toivo Klaar 2017-ci il noyabr\u0131n 13-d\u0259 C\u0259nubi Qafqaz v\u0259 G\u00fcrc\u00fcstandak\u0131 b\u00f6hran \u00fczr\u0259 A\u0130-nin X\u00fcsusi N\u00fcmay\u0259nd\u0259si t\u0259yin edilib. Onun v\u0259zif\u0259si regiondak\u0131 m\u00fcnaqi\u015f\u0259l\u0259rin s\u00fclh yolu il\u0259 h\u0259llin\u0259 t\u00f6hf\u0259 verm\u0259k, h\u0259m\u00e7inin Erm\u0259nistan, Az\u0259rbaycan v\u0259 G\u00fcrc\u00fcstan v\u0259 m\u00fcvafiq olaraq bu qon\u015fu \u00f6lk\u0259l\u0259r aras\u0131nda regional \u0259m\u0259kda\u015fl\u0131\u011f\u0131 t\u0259\u015fviq etm\u0259kdir.<\/p>\n","protected":false},"author":2,"featured_media":610227,"comment_status":"closed","ping_status":"closed","sticky":false,"template":"","format":"standard","meta":{"om_disable_all_campaigns":false,"_monsterinsights_skip_tracking":false,"_monsterinsights_sitenote_active":false,"_monsterinsights_sitenote_note":"","_monsterinsights_sitenote_category":0},"categories":[4],"tags":[],"aioseo_notices":[],"gutentor_comment":0,"rttpg_featured_image_url":{"full":["https:\/\/arantv.az\/wp-content\/uploads\/2023\/07\/6562a2c416556583009977413011016755.jpg",975,540,false],"landscape":["https:\/\/arantv.az\/wp-content\/uploads\/2023\/07\/6562a2c416556583009977413011016755.jpg",975,540,false],"portraits":["https:\/\/arantv.az\/wp-content\/uploads\/2023\/07\/6562a2c416556583009977413011016755.jpg",975,540,false],"thumbnail":["https:\/\/arantv.az\/wp-content\/uploads\/2023\/07\/6562a2c416556583009977413011016755-500x280.jpg",500,280,true],"medium":["https:\/\/arantv.az\/wp-content\/uploads\/2023\/07\/6562a2c416556583009977413011016755-660x365.jpg",660,365,true],"large":["https:\/\/arantv.az\/wp-content\/uploads\/2023\/07\/6562a2c416556583009977413011016755-840x465.jpg",640,354,true],"1536x1536":["https:\/\/arantv.az\/wp-content\/uploads\/2023\/07\/6562a2c416556583009977413011016755.jpg",975,540,false],"2048x2048":["https:\/\/arantv.az\/wp-content\/uploads\/2023\/07\/6562a2c416556583009977413011016755.jpg",975,540,false],"post-thumbnail":["https:\/\/arantv.az\/wp-content\/uploads\/2023\/07\/6562a2c416556583009977413011016755-240x172.jpg",240,172,true],"advps-thumb-one":["https:\/\/arantv.az\/wp-content\/uploads\/2023\/07\/6562a2c416556583009977413011016755.jpg",975,540,false]},"rttpg_author":{"display_name":"V\u00fcsal Rafiqo\u011flu","author_link":"https:\/\/arantv.az\/?author=2"},"rttpg_comment":0,"rttpg_category":"<a href=\"https:\/\/arantv.az\/?cat=4\" rel=\"category\">Siyas\u0259t<\/a>","rttpg_excerpt":"Avropa \u0130ttifaq\u0131n\u0131n C\u0259nubi Qafqaz v\u0259 G\u00fcrc\u00fcstan b\u00f6hran\u0131 \u00fczr\u0259 X\u00fcsusi N\u00fcmay\u0259nd\u0259si Toivo Klaar\u0131n mandat\u0131 uzad\u0131l\u0131b. ARANTV.AZ\u00a0 x\u0259b\u0259r verir ki,\u00a0bu bar\u0259d\u0259 bu g\u00fcn A\u0130 \u015euras\u0131 q\u0259rar q\u0259bul edib. Klaar\u0131n mandat\u0131 daha bir il, 2024-c\u00fc il avqustun 31-\u0259 q\u0259d\u0259r uzad\u0131l\u0131b. Toivo Klaar 2017-ci il noyabr\u0131n 13-d\u0259 C\u0259nubi Qafqaz v\u0259 G\u00fcrc\u00fcstandak\u0131 b\u00f6hran \u00fczr\u0259 A\u0130-nin X\u00fcsusi N\u00fcmay\u0259nd\u0259si t\u0259yin edilib. Onun&hellip;","_links":{"self":[{"href":"https:\/\/arantv.az\/index.php?rest_route=\/wp\/v2\/posts\/610226"}],"collection":[{"href":"https:\/\/arantv.az\/index.php?rest_route=\/wp\/v2\/posts"}],"about":[{"href":"https:\/\/arantv.az\/index.php?rest_route=\/wp\/v2\/types\/post"}],"author":[{"embeddable":true,"href":"https:\/\/arantv.az\/index.php?rest_route=\/wp\/v2\/users\/2"}],"replies":[{"embeddable":true,"href":"https:\/\/arantv.az\/index.php?rest_route=%2Fwp%2Fv2%2Fcomments&post=610226"}],"version-history":[{"count":0,"href":"https:\/\/arantv.az\/index.php?rest_route=\/wp\/v2\/posts\/610226\/revisions"}],"wp:featuredmedia":[{"embeddable":true,"href":"https:\/\/arantv.az\/index.php?rest_route=\/wp\/v2\/media\/610227"}],"wp:attachment":[{"href":"https:\/\/arantv.az\/index.php?rest_route=%2Fwp%2Fv2%2Fmedia&parent=610226"}],"wp:term":[{"taxonomy":"category","embeddable":true,"href":"https:\/\/arantv.az\/index.php?rest_route=%2Fwp%2Fv2%2Fcategories&post=610226"},{"taxonomy":"post_tag","embeddable":true,"href":"https:\/\/arantv.az\/index.php?rest_route=%2Fwp%2Fv2%2Ftags&post=610226"}],"curies":[{"name":"wp","href":"https:\/\/api.w.org\/{rel}","templated":true}]}}