{"id":610274,"date":"2023-07-20T16:55:03","date_gmt":"2023-07-20T12:55:03","guid":{"rendered":"https:\/\/arantv.az\/?p=610274"},"modified":"2023-07-20T16:55:03","modified_gmt":"2023-07-20T12:55:03","slug":"milli-m%c9%99tbuat-gunu-munasib%c9%99til%c9%99-bas-prokurorluq-t%c9%99r%c9%99find%c9%99n-t%c9%99nt%c9%99n%c9%99li-t%c9%99dbir-t%c9%99skil-edilib","status":"publish","type":"post","link":"https:\/\/arantv.az\/?p=610274","title":{"rendered":"Milli M\u0259tbuat G\u00fcn\u00fc m\u00fcnasib\u0259til\u0259 Ba\u015f Prokurorluq t\u0259r\u0259find\u0259n t\u0259nt\u0259n\u0259li t\u0259dbir t\u0259\u015fkil edilib"},"content":{"rendered":"<div class=\"text-content\" data-id=\"\" data-url=\"\">\n<p><strong>Az\u0259rbaycan Respublikas\u0131nda 2023-c\u00fc ilin \u201cHeyd\u0259r \u018fliyev \u0130li\u201d elan edilm\u0259si il\u0259 \u0259laq\u0259dar h\u0259yata ke\u00e7iril\u0259n silsil\u0259 t\u0259dbirl\u0259rin davam\u0131, habel\u0259 Milli M\u0259tbuat G\u00fcn\u00fc m\u00fcnasib\u0259til\u0259 iyulun 20-d\u0259 Az\u0259rbaycan Respublikas\u0131n\u0131n Ba\u015f Prokurorlu\u011fu t\u0259r\u0259find\u0259n t\u0259nt\u0259n\u0259li t\u0259dbir t\u0259\u015fkil edilib.<\/strong><\/p>\n<p>M\u0259rasimd\u0259 Ba\u015f Prokuror Kamran \u018fliyev v\u0259 Ba\u015f Prokurorlu\u011fun r\u0259hb\u0259rliyi, Median\u0131n \u0130nki\u015faf\u0131 Agentliyi v\u0259 M\u0259tbuat \u015euras\u0131ndan m\u00f6t\u0259b\u0259r qonaqlar, vizual v\u0259 r\u0259q\u0259msal media qurumlar\u0131n\u0131n r\u0259hb\u0259rl\u0259ri, m\u00fcxt\u0259lif ali t\u0259hsil ocaqlar\u0131nda jurnalistika ixtisas\u0131 \u00fczr\u0259 t\u0259dris ke\u00e7\u0259n professor-m\u00fc\u0259llim hey\u0259ti, jurnalistl\u0259r, el\u0259c\u0259 d\u0259 prokurorluq \u0259m\u0259kda\u015flar\u0131 i\u015ftirak edib.<\/p>\n<p>T\u0259dbir zaman\u0131 a\u00e7\u0131l\u0131\u015f nitqi il\u0259 \u00e7\u0131x\u0131\u015f ed\u0259n Ba\u015f Prokuror Kamran \u018fliyev \u0259sas\u0131 148 il \u0259vv\u0259l &#8211; 1875-ci il iyulun 22-d\u0259 &#8220;\u018fkin\u00e7i&#8221; q\u0259zetinin ilk n\u00f6mr\u0259sinin n\u0259\u015fri il\u0259 qoyulan milli m\u0259tbuat\u0131m\u0131z\u0131n ke\u00e7diyi \u00e7\u0259tin v\u0259 \u015f\u0259r\u0259fli yoldan b\u0259hs edib.<\/p>\n<p>H\u0259s\u0259n b\u0259y Z\u0259rdabinin banisi oldu\u011fu \u201c\u018fkin\u00e7i\u201dnin q\u0131sa m\u00fcdd\u0259td\u0259 maarif\u00e7i v\u0259 demokratik ideyalar\u0131 t\u0259bli\u011f ed\u0259r\u0259k ictimai, siyasi v\u0259 b\u0259dii fikrin inki\u015faf\u0131nda b\u00f6y\u00fck rol oynad\u0131\u011f\u0131n\u0131 vur\u011fulayan Ba\u015f prokuror m\u00fcxt\u0259lif t\u0259n\u0259zz\u00fcl v\u0259 intibah d\u00f6vrl\u0259ri ke\u00e7\u0259n Az\u0259rbaycan m\u0259tbuat\u0131nln daim c\u0259miyy\u0259tin prosesl\u0259r\u0259 bax\u0131\u015f\u0131n\u0131 \u0259ks etdir\u0259n g\u00fczg\u00fc rolunu oynad\u0131\u011f\u0131n\u0131 qeyd edib.<\/p>\n<p>N\u0259z\u0259r\u0259 \u00e7atd\u0131r\u0131l\u0131b ki, milli m\u0259tbuat\u0131m\u0131z\u0131n inki\u015faf\u0131 ulu \u00f6nd\u0259r Heyd\u0259r \u018fliyevl\u0259 ba\u011fl\u0131d\u0131r, Ulu \u00d6nd\u0259rin 1993-c\u00fc ild\u0259 xalq\u0131n t\u0259kidli t\u0259l\u0259bi il\u0259 hakimiyy\u0259t\u0259 qay\u0131d\u0131\u015f\u0131 m\u0259tbuat\u0131m\u0131z\u0131n inki\u015faf tarixind\u0259 yeni m\u0259rh\u0259l\u0259 a\u00e7\u0131b.<\/p>\n<p>1998-ci ild\u0259 \u00fcmummilli lider Heyd\u0259r \u018fliyev t\u0259r\u0259find\u0259n Az\u0259rbaycan m\u0259tbuat\u0131n\u0131n \u00fcz\u0259rind\u0259n d\u00f6vl\u0259t senzuras\u0131n\u0131n l\u0259\u011fv edilm\u0259si il\u0259 \u00f6lk\u0259mizd\u0259 s\u00f6z v\u0259 m\u0259tbuat azadl\u0131\u011f\u0131n\u0131n \u0259sas\u0131n\u0131n qoyuldu\u011funu qeyd ed\u0259n Ba\u015f Prokuror bu g\u00fcn \u00f6lk\u0259mizd\u0259 m\u00fcst\u0259qil, g\u00fccl\u00fc, f\u0259aliyy\u0259tini g\u00fcn\u00fcm\u00fcz\u00fcn t\u0259l\u0259bl\u0259ri s\u0259viyy\u0259sind\u0259 qurma\u011f\u0131 bacaran, habel\u0259 d\u00f6vl\u0259t\u00e7ilik \u0259n\u0259n\u0259l\u0259rin\u0259 ba\u011fl\u0131 v\u0259 xalq\u0131m\u0131z\u0131n milli maraqlar\u0131n\u0131 r\u0259hb\u0259r tutan median\u0131n inki\u015faf\u0131n\u0131n prioritet v\u0259zif\u0259l\u0259rd\u0259n biri kimi daim diqq\u0259t m\u0259rk\u0259zind\u0259 saxlan\u0131ld\u0131\u011f\u0131n\u0131 vur\u011fulay\u0131b.<\/p>\n<p>Az\u0259rbaycan Respublikas\u0131n\u0131n Prezidenti c\u0259nab \u0130lham \u018fliyevin r\u0259hb\u0259rliyi, Birinci vitse-prezident Mehriban xan\u0131m \u018fliyevan\u0131n g\u00fcnd\u0259lik qay\u011f\u0131s\u0131 say\u0259sind\u0259 \u00f6lk\u0259mizd\u0259 azad v\u0259 pe\u015f\u0259kar jurnalistikan\u0131n inki\u015faf etdirilm\u0259si il\u0259 ba\u011fl\u0131 h\u0259yata ke\u00e7iril\u0259n kompleks t\u0259dbirl\u0259rd\u0259n s\u00f6z a\u00e7an Ba\u015f Prokuror milli m\u0259tbuat\u0131n inki\u015faf\u0131nda \u0259m\u0259yi olanlar\u0131 t\u0259brik edib, \u015f\u0259r\u0259fli v\u0259 m\u0259suliyy\u0259tli f\u0259aliyy\u0259tl\u0259rind\u0259 onlara u\u011furlar arzulay\u0131b.<\/p>\n<p>T\u0259dbir i\u015ftirak\u00e7\u0131lar\u0131 Az\u0259rbaycan D\u00f6vl\u0259t Akademik Musiqili Teatr\u0131n\u0131n t\u0259qdimat\u0131nda Ulu \u00f6nd\u0259r Heyd\u0259r \u018fliyevin 100 illik, pe\u015f\u0259kar milli teatr\u0131m\u0131z\u0131n 150 illik yubileyi il\u0259 \u0259laq\u0259dar &#8220;S\u0259n el\u0259 bir zirv\u0259s\u0259n!..&#8221; musiqili-tarixi essesini izl\u0259yib.<\/p>\n<p>Sonda xatir\u0259 foto\u015f\u0259kli \u00e7\u0259kilib.<\/p>\n<\/div>\n<div>\n<div class=\"form-group\"><img class=\"img-responsive\" src=\"https:\/\/cdn.musavat.com\/news\/images\/hemid\/fotolar\/WhatsApp%20Image%202023-07-20%20at%2016.16.10%20%281%29.jpeg\" \/><\/div>\n<div class=\"form-group\"><img class=\"img-responsive\" src=\"https:\/\/cdn.musavat.com\/news\/images\/hemid\/fotolar\/WhatsApp%20Image%202023-07-20%20at%2016.16.10.jpeg\" \/><\/div>\n<div class=\"form-group\"><img class=\"img-responsive\" src=\"https:\/\/cdn.musavat.com\/news\/images\/hemid\/fotolar\/WhatsApp%20Image%202023-07-20%20at%2016.16.09%20%281%29.jpeg\" \/><\/div>\n<\/div>\n","protected":false},"excerpt":{"rendered":"<p>Az\u0259rbaycan Respublikas\u0131nda 2023-c\u00fc ilin \u201cHeyd\u0259r \u018fliyev \u0130li\u201d elan edilm\u0259si il\u0259 \u0259laq\u0259dar h\u0259yata ke\u00e7iril\u0259n silsil\u0259 t\u0259dbirl\u0259rin davam\u0131, habel\u0259 Milli M\u0259tbuat G\u00fcn\u00fc m\u00fcnasib\u0259til\u0259 iyulun 20-d\u0259 Az\u0259rbaycan Respublikas\u0131n\u0131n Ba\u015f Prokurorlu\u011fu t\u0259r\u0259find\u0259n t\u0259nt\u0259n\u0259li t\u0259dbir t\u0259\u015fkil edilib. M\u0259rasimd\u0259 Ba\u015f Prokuror Kamran \u018fliyev v\u0259 Ba\u015f Prokurorlu\u011fun r\u0259hb\u0259rliyi, Median\u0131n \u0130nki\u015faf\u0131 Agentliyi v\u0259 M\u0259tbuat \u015euras\u0131ndan m\u00f6t\u0259b\u0259r qonaqlar, vizual v\u0259 r\u0259q\u0259msal media qurumlar\u0131n\u0131n r\u0259hb\u0259rl\u0259ri, m\u00fcxt\u0259lif ali t\u0259hsil ocaqlar\u0131nda jurnalistika ixtisas\u0131 \u00fczr\u0259 t\u0259dris ke\u00e7\u0259n professor-m\u00fc\u0259llim hey\u0259ti, jurnalistl\u0259r, el\u0259c\u0259 d\u0259 prokurorluq \u0259m\u0259kda\u015flar\u0131 i\u015ftirak edib. T\u0259dbir zaman\u0131 a\u00e7\u0131l\u0131\u015f nitqi il\u0259 \u00e7\u0131x\u0131\u015f ed\u0259n Ba\u015f Prokuror Kamran \u018fliyev \u0259sas\u0131 148 il \u0259vv\u0259l &#8211; 1875-ci&hellip;<\/p>\n","protected":false},"author":2,"featured_media":610275,"comment_status":"closed","ping_status":"closed","sticky":false,"template":"","format":"standard","meta":{"om_disable_all_campaigns":false,"_monsterinsights_skip_tracking":false,"_monsterinsights_sitenote_active":false,"_monsterinsights_sitenote_note":"","_monsterinsights_sitenote_category":0},"categories":[19],"tags":[],"aioseo_notices":[],"gutentor_comment":0,"rttpg_featured_image_url":{"full":["https:\/\/arantv.az\/wp-content\/uploads\/2023\/07\/e73b2735e04c58b7d77a3a1fb43f850e.jpg",870,500,false],"landscape":["https:\/\/arantv.az\/wp-content\/uploads\/2023\/07\/e73b2735e04c58b7d77a3a1fb43f850e.jpg",870,500,false],"portraits":["https:\/\/arantv.az\/wp-content\/uploads\/2023\/07\/e73b2735e04c58b7d77a3a1fb43f850e.jpg",870,500,false],"thumbnail":["https:\/\/arantv.az\/wp-content\/uploads\/2023\/07\/e73b2735e04c58b7d77a3a1fb43f850e-500x280.jpg",500,280,true],"medium":["https:\/\/arantv.az\/wp-content\/uploads\/2023\/07\/e73b2735e04c58b7d77a3a1fb43f850e-635x365.jpg",635,365,true],"large":["https:\/\/arantv.az\/wp-content\/uploads\/2023\/07\/e73b2735e04c58b7d77a3a1fb43f850e-840x483.jpg",640,368,true],"1536x1536":["https:\/\/arantv.az\/wp-content\/uploads\/2023\/07\/e73b2735e04c58b7d77a3a1fb43f850e.jpg",870,500,false],"2048x2048":["https:\/\/arantv.az\/wp-content\/uploads\/2023\/07\/e73b2735e04c58b7d77a3a1fb43f850e.jpg",870,500,false],"post-thumbnail":["https:\/\/arantv.az\/wp-content\/uploads\/2023\/07\/e73b2735e04c58b7d77a3a1fb43f850e-240x172.jpg",240,172,true],"advps-thumb-one":["https:\/\/arantv.az\/wp-content\/uploads\/2023\/07\/e73b2735e04c58b7d77a3a1fb43f850e.jpg",870,500,false]},"rttpg_author":{"display_name":"V\u00fcsal Rafiqo\u011flu","author_link":"https:\/\/arantv.az\/?author=2"},"rttpg_comment":0,"rttpg_category":"<a href=\"https:\/\/arantv.az\/?cat=19\" rel=\"category\">G\u00fcnd\u0259m<\/a>","rttpg_excerpt":"Az\u0259rbaycan Respublikas\u0131nda 2023-c\u00fc ilin \u201cHeyd\u0259r \u018fliyev \u0130li\u201d elan edilm\u0259si il\u0259 \u0259laq\u0259dar h\u0259yata ke\u00e7iril\u0259n silsil\u0259 t\u0259dbirl\u0259rin davam\u0131, habel\u0259 Milli M\u0259tbuat G\u00fcn\u00fc m\u00fcnasib\u0259til\u0259 iyulun 20-d\u0259 Az\u0259rbaycan Respublikas\u0131n\u0131n Ba\u015f Prokurorlu\u011fu t\u0259r\u0259find\u0259n t\u0259nt\u0259n\u0259li t\u0259dbir t\u0259\u015fkil edilib. M\u0259rasimd\u0259 Ba\u015f Prokuror Kamran \u018fliyev v\u0259 Ba\u015f Prokurorlu\u011fun r\u0259hb\u0259rliyi, Median\u0131n \u0130nki\u015faf\u0131 Agentliyi v\u0259 M\u0259tbuat \u015euras\u0131ndan m\u00f6t\u0259b\u0259r qonaqlar, vizual v\u0259 r\u0259q\u0259msal media qurumlar\u0131n\u0131n r\u0259hb\u0259rl\u0259ri,&hellip;","_links":{"self":[{"href":"https:\/\/arantv.az\/index.php?rest_route=\/wp\/v2\/posts\/610274"}],"collection":[{"href":"https:\/\/arantv.az\/index.php?rest_route=\/wp\/v2\/posts"}],"about":[{"href":"https:\/\/arantv.az\/index.php?rest_route=\/wp\/v2\/types\/post"}],"author":[{"embeddable":true,"href":"https:\/\/arantv.az\/index.php?rest_route=\/wp\/v2\/users\/2"}],"replies":[{"embeddable":true,"href":"https:\/\/arantv.az\/index.php?rest_route=%2Fwp%2Fv2%2Fcomments&post=610274"}],"version-history":[{"count":0,"href":"https:\/\/arantv.az\/index.php?rest_route=\/wp\/v2\/posts\/610274\/revisions"}],"wp:featuredmedia":[{"embeddable":true,"href":"https:\/\/arantv.az\/index.php?rest_route=\/wp\/v2\/media\/610275"}],"wp:attachment":[{"href":"https:\/\/arantv.az\/index.php?rest_route=%2Fwp%2Fv2%2Fmedia&parent=610274"}],"wp:term":[{"taxonomy":"category","embeddable":true,"href":"https:\/\/arantv.az\/index.php?rest_route=%2Fwp%2Fv2%2Fcategories&post=610274"},{"taxonomy":"post_tag","embeddable":true,"href":"https:\/\/arantv.az\/index.php?rest_route=%2Fwp%2Fv2%2Ftags&post=610274"}],"curies":[{"name":"wp","href":"https:\/\/api.w.org\/{rel}","templated":true}]}}