{"id":610324,"date":"2023-07-21T10:22:03","date_gmt":"2023-07-21T06:22:03","guid":{"rendered":"https:\/\/arantv.az\/?p=610324"},"modified":"2023-07-21T10:22:03","modified_gmt":"2023-07-21T06:22:03","slug":"q%c9%99t%c9%99rin-xarici-isl%c9%99r-naziri-isvec-s%c9%99firi-il%c9%99-gorusub","status":"publish","type":"post","link":"https:\/\/arantv.az\/?p=610324","title":{"rendered":"Q\u0259t\u0259rin xarici i\u015fl\u0259r naziri \u0130sve\u00e7 s\u0259firi il\u0259 g\u00f6r\u00fc\u015f\u00fcb"},"content":{"rendered":"<p>Q\u0259t\u0259rin Xarici \u0130\u015fl\u0259r Nazirliyi \u0130sve\u00e7 s\u0259firin\u0259 Quran\u0131n yand\u0131r\u0131lmas\u0131 il\u0259 ba\u011fl\u0131 etiraz notas\u0131 t\u0259qdim edib.<\/p>\n<p>\u201cQ\u0259t\u0259r Xarici \u0130\u015fl\u0259r Nazirliyi bildirir ki, \u0130slama v\u0259 Qurana qar\u015f\u0131 davam ed\u0259n h\u00fccumlar fonunda \u0130sve\u00e7 s\u0259firini \u00e7a\u011f\u0131r\u0131b v\u0259 \u0130sve\u00e7 hakimiyy\u0259tini bu \u00e7irkin \u0259m\u0259li dayand\u0131rma\u011fa \u00e7a\u011f\u0131ran r\u0259smi etiraz memorandumu t\u0259qdim edib\u201d, &#8211; dey\u0259 \u0259mirliyin diplomatik departamentinin b\u0259yanat\u0131nda bildirilib.<\/p>\n<p>Qeyd ed\u0259k ki, iyulun 20-d\u0259 \u0130raq\u0131n ba\u015f naziri M\u0259h\u0259mm\u0259d \u0259l-Sudani Stokholmda Quran\u0131n d\u0259f\u0259l\u0259rl\u0259 yand\u0131r\u0131lmas\u0131 il\u0259 \u0259laq\u0259dar \u0130sve\u00e7in Ba\u011fdaddak\u0131 s\u0259firinin \u00f6lk\u0259d\u0259n \u00e7\u0131xar\u0131ld\u0131\u011f\u0131n\u0131 elan edib. Bu add\u0131m 20 iyulda Stokholm \u015f\u0259h\u0259rinin m\u0259rk\u0259zind\u0259 \u0130raq s\u0259firliyi qar\u015f\u0131s\u0131nda ke\u00e7iril\u0259n mitinq\u0259 reaksiya olaraq at\u0131l\u0131b.<\/p>\n<p>M\u0259nb\u0259: gazeta.ru<\/p>\n","protected":false},"excerpt":{"rendered":"<p>Q\u0259t\u0259rin Xarici \u0130\u015fl\u0259r Nazirliyi \u0130sve\u00e7 s\u0259firin\u0259 Quran\u0131n yand\u0131r\u0131lmas\u0131 il\u0259 ba\u011fl\u0131 etiraz notas\u0131 t\u0259qdim edib. \u201cQ\u0259t\u0259r Xarici \u0130\u015fl\u0259r Nazirliyi bildirir ki, \u0130slama v\u0259 Qurana qar\u015f\u0131 davam ed\u0259n h\u00fccumlar fonunda \u0130sve\u00e7 s\u0259firini \u00e7a\u011f\u0131r\u0131b v\u0259 \u0130sve\u00e7 hakimiyy\u0259tini bu \u00e7irkin \u0259m\u0259li dayand\u0131rma\u011fa \u00e7a\u011f\u0131ran r\u0259smi etiraz memorandumu t\u0259qdim edib\u201d, &#8211; dey\u0259 \u0259mirliyin diplomatik departamentinin b\u0259yanat\u0131nda bildirilib. Qeyd ed\u0259k ki, iyulun 20-d\u0259 \u0130raq\u0131n ba\u015f naziri M\u0259h\u0259mm\u0259d \u0259l-Sudani Stokholmda Quran\u0131n d\u0259f\u0259l\u0259rl\u0259 yand\u0131r\u0131lmas\u0131 il\u0259 \u0259laq\u0259dar \u0130sve\u00e7in Ba\u011fdaddak\u0131 s\u0259firinin \u00f6lk\u0259d\u0259n \u00e7\u0131xar\u0131ld\u0131\u011f\u0131n\u0131 elan edib. Bu add\u0131m 20 iyulda Stokholm \u015f\u0259h\u0259rinin m\u0259rk\u0259zind\u0259 \u0130raq s\u0259firliyi qar\u015f\u0131s\u0131nda ke\u00e7iril\u0259n mitinq\u0259 reaksiya olaraq at\u0131l\u0131b. M\u0259nb\u0259:&hellip;<\/p>\n","protected":false},"author":2,"featured_media":610325,"comment_status":"closed","ping_status":"closed","sticky":false,"template":"","format":"standard","meta":{"om_disable_all_campaigns":false,"_monsterinsights_skip_tracking":false,"_monsterinsights_sitenote_active":false,"_monsterinsights_sitenote_note":"","_monsterinsights_sitenote_category":0},"categories":[7],"tags":[],"aioseo_notices":[],"gutentor_comment":0,"rttpg_featured_image_url":{"full":["https:\/\/arantv.az\/wp-content\/uploads\/2023\/07\/FotoJet-27.jpg",620,413,false],"landscape":["https:\/\/arantv.az\/wp-content\/uploads\/2023\/07\/FotoJet-27.jpg",620,413,false],"portraits":["https:\/\/arantv.az\/wp-content\/uploads\/2023\/07\/FotoJet-27.jpg",620,413,false],"thumbnail":["https:\/\/arantv.az\/wp-content\/uploads\/2023\/07\/FotoJet-27-500x280.jpg",500,280,true],"medium":["https:\/\/arantv.az\/wp-content\/uploads\/2023\/07\/FotoJet-27-548x365.jpg",548,365,true],"large":["https:\/\/arantv.az\/wp-content\/uploads\/2023\/07\/FotoJet-27.jpg",620,413,false],"1536x1536":["https:\/\/arantv.az\/wp-content\/uploads\/2023\/07\/FotoJet-27.jpg",620,413,false],"2048x2048":["https:\/\/arantv.az\/wp-content\/uploads\/2023\/07\/FotoJet-27.jpg",620,413,false],"post-thumbnail":["https:\/\/arantv.az\/wp-content\/uploads\/2023\/07\/FotoJet-27-240x172.jpg",240,172,true],"advps-thumb-one":["https:\/\/arantv.az\/wp-content\/uploads\/2023\/07\/FotoJet-27.jpg",620,413,false]},"rttpg_author":{"display_name":"V\u00fcsal Rafiqo\u011flu","author_link":"https:\/\/arantv.az\/?author=2"},"rttpg_comment":0,"rttpg_category":"<a href=\"https:\/\/arantv.az\/?cat=7\" rel=\"category\">D\u00fcnya<\/a>","rttpg_excerpt":"Q\u0259t\u0259rin Xarici \u0130\u015fl\u0259r Nazirliyi \u0130sve\u00e7 s\u0259firin\u0259 Quran\u0131n yand\u0131r\u0131lmas\u0131 il\u0259 ba\u011fl\u0131 etiraz notas\u0131 t\u0259qdim edib. \u201cQ\u0259t\u0259r Xarici \u0130\u015fl\u0259r Nazirliyi bildirir ki, \u0130slama v\u0259 Qurana qar\u015f\u0131 davam ed\u0259n h\u00fccumlar fonunda \u0130sve\u00e7 s\u0259firini \u00e7a\u011f\u0131r\u0131b v\u0259 \u0130sve\u00e7 hakimiyy\u0259tini bu \u00e7irkin \u0259m\u0259li dayand\u0131rma\u011fa \u00e7a\u011f\u0131ran r\u0259smi etiraz memorandumu t\u0259qdim edib\u201d, &#8211; dey\u0259 \u0259mirliyin diplomatik departamentinin b\u0259yanat\u0131nda bildirilib. Qeyd ed\u0259k ki, iyulun&hellip;","_links":{"self":[{"href":"https:\/\/arantv.az\/index.php?rest_route=\/wp\/v2\/posts\/610324"}],"collection":[{"href":"https:\/\/arantv.az\/index.php?rest_route=\/wp\/v2\/posts"}],"about":[{"href":"https:\/\/arantv.az\/index.php?rest_route=\/wp\/v2\/types\/post"}],"author":[{"embeddable":true,"href":"https:\/\/arantv.az\/index.php?rest_route=\/wp\/v2\/users\/2"}],"replies":[{"embeddable":true,"href":"https:\/\/arantv.az\/index.php?rest_route=%2Fwp%2Fv2%2Fcomments&post=610324"}],"version-history":[{"count":0,"href":"https:\/\/arantv.az\/index.php?rest_route=\/wp\/v2\/posts\/610324\/revisions"}],"wp:featuredmedia":[{"embeddable":true,"href":"https:\/\/arantv.az\/index.php?rest_route=\/wp\/v2\/media\/610325"}],"wp:attachment":[{"href":"https:\/\/arantv.az\/index.php?rest_route=%2Fwp%2Fv2%2Fmedia&parent=610324"}],"wp:term":[{"taxonomy":"category","embeddable":true,"href":"https:\/\/arantv.az\/index.php?rest_route=%2Fwp%2Fv2%2Fcategories&post=610324"},{"taxonomy":"post_tag","embeddable":true,"href":"https:\/\/arantv.az\/index.php?rest_route=%2Fwp%2Fv2%2Ftags&post=610324"}],"curies":[{"name":"wp","href":"https:\/\/api.w.org\/{rel}","templated":true}]}}