{"id":610532,"date":"2023-07-21T13:53:01","date_gmt":"2023-07-21T09:53:01","guid":{"rendered":"https:\/\/arantv.az\/?p=610532"},"modified":"2023-07-21T13:53:01","modified_gmt":"2023-07-21T09:53:01","slug":"qubada-iki-b%c9%99l%c9%99diyy%c9%99-s%c9%99dri-c%c9%99rim%c9%99l%c9%99nib","status":"publish","type":"post","link":"https:\/\/arantv.az\/?p=610532","title":{"rendered":"Qubada iki b\u0259l\u0259diyy\u0259 s\u0259dri c\u0259rim\u0259l\u0259nib"},"content":{"rendered":"<p>Qubada iki b\u0259l\u0259diyy\u0259 s\u0259dri c\u0259rim\u0259l\u0259nib.<\/p>\n<p>Bu bar\u0259d\u0259 Daxili \u0130\u015fl\u0259r Nazirliyinin M\u0259tbuat Xidm\u0259tinin Quba regional qrupu m\u0259lumat yay\u0131b.<\/p>\n<p>Bildirilib ki, Quba Rayon Polis \u015e\u00f6b\u0259sinin \u0130ctimai T\u0259hl\u00fck\u0259sizlik B\u00f6lm\u0259sinin \u0259m\u0259kda\u015flar\u0131n\u0131n sanitariya-gigiyena qaydalar\u0131n\u0131n pozulmas\u0131 hallar\u0131n\u0131n qar\u015f\u0131s\u0131n\u0131n al\u0131nmas\u0131 m\u0259qs\u0259dil\u0259 ke\u00e7irdikl\u0259ri t\u0259dbirl\u0259r zaman\u0131 rayonun Talab\u0131q\u0131\u015flaq v\u0259 Barl\u0131 k\u0259ndl\u0259ri \u0259razil\u0259rind\u0259 s\u0259naye v\u0259 m\u0259i\u015f\u0259t tullant\u0131lar\u0131n\u0131n qalaqlanmas\u0131 v\u0259 yand\u0131r\u0131lmas\u0131 zaman\u0131 \u0259traf m\u00fchitin m\u00fchafiz\u0259si t\u0259l\u0259bl\u0259rin\u0259 \u0259m\u0259l edilm\u0259m\u0259si faktlar\u0131 a\u015fkar olunub.<\/p>\n<p>\u0130nzibati X\u0259talar M\u0259c\u0259ll\u0259sinin m\u00fcvafiq madd\u0259sinin t\u0259l\u0259bl\u0259rini pozduqlar\u0131na g\u00f6r\u0259 h\u0259r iki k\u0259ndin b\u0259l\u0259diyy\u0259 s\u0259drl\u0259ri bar\u0259sind\u0259 inzibati t\u0259nbeh t\u0259dbiri t\u0259tbiq olunub.<\/p>\n<p>Bu istiqam\u0259td\u0259 t\u0259dbirl\u0259r davam etdirilir.<\/p>\n","protected":false},"excerpt":{"rendered":"<p>Qubada iki b\u0259l\u0259diyy\u0259 s\u0259dri c\u0259rim\u0259l\u0259nib. Bu bar\u0259d\u0259 Daxili \u0130\u015fl\u0259r Nazirliyinin M\u0259tbuat Xidm\u0259tinin Quba regional qrupu m\u0259lumat yay\u0131b. Bildirilib ki, Quba Rayon Polis \u015e\u00f6b\u0259sinin \u0130ctimai T\u0259hl\u00fck\u0259sizlik B\u00f6lm\u0259sinin \u0259m\u0259kda\u015flar\u0131n\u0131n sanitariya-gigiyena qaydalar\u0131n\u0131n pozulmas\u0131 hallar\u0131n\u0131n qar\u015f\u0131s\u0131n\u0131n al\u0131nmas\u0131 m\u0259qs\u0259dil\u0259 ke\u00e7irdikl\u0259ri t\u0259dbirl\u0259r zaman\u0131 rayonun Talab\u0131q\u0131\u015flaq v\u0259 Barl\u0131 k\u0259ndl\u0259ri \u0259razil\u0259rind\u0259 s\u0259naye v\u0259 m\u0259i\u015f\u0259t tullant\u0131lar\u0131n\u0131n qalaqlanmas\u0131 v\u0259 yand\u0131r\u0131lmas\u0131 zaman\u0131 \u0259traf m\u00fchitin m\u00fchafiz\u0259si t\u0259l\u0259bl\u0259rin\u0259 \u0259m\u0259l edilm\u0259m\u0259si faktlar\u0131 a\u015fkar olunub. \u0130nzibati X\u0259talar M\u0259c\u0259ll\u0259sinin m\u00fcvafiq madd\u0259sinin t\u0259l\u0259bl\u0259rini pozduqlar\u0131na g\u00f6r\u0259 h\u0259r iki k\u0259ndin b\u0259l\u0259diyy\u0259 s\u0259drl\u0259ri bar\u0259sind\u0259 inzibati t\u0259nbeh t\u0259dbiri t\u0259tbiq olunub. Bu istiqam\u0259td\u0259 t\u0259dbirl\u0259r davam etdirilir.<\/p>\n","protected":false},"author":2,"featured_media":610533,"comment_status":"closed","ping_status":"closed","sticky":false,"template":"","format":"standard","meta":{"om_disable_all_campaigns":false,"_monsterinsights_skip_tracking":false,"_monsterinsights_sitenote_active":false,"_monsterinsights_sitenote_note":"","_monsterinsights_sitenote_category":0},"categories":[1],"tags":[],"aioseo_notices":[],"gutentor_comment":0,"rttpg_featured_image_url":{"full":["https:\/\/arantv.az\/wp-content\/uploads\/2023\/07\/FotoJet-3-1.jpg",620,413,false],"landscape":["https:\/\/arantv.az\/wp-content\/uploads\/2023\/07\/FotoJet-3-1.jpg",620,413,false],"portraits":["https:\/\/arantv.az\/wp-content\/uploads\/2023\/07\/FotoJet-3-1.jpg",620,413,false],"thumbnail":["https:\/\/arantv.az\/wp-content\/uploads\/2023\/07\/FotoJet-3-1-500x280.jpg",500,280,true],"medium":["https:\/\/arantv.az\/wp-content\/uploads\/2023\/07\/FotoJet-3-1-548x365.jpg",548,365,true],"large":["https:\/\/arantv.az\/wp-content\/uploads\/2023\/07\/FotoJet-3-1.jpg",620,413,false],"1536x1536":["https:\/\/arantv.az\/wp-content\/uploads\/2023\/07\/FotoJet-3-1.jpg",620,413,false],"2048x2048":["https:\/\/arantv.az\/wp-content\/uploads\/2023\/07\/FotoJet-3-1.jpg",620,413,false],"post-thumbnail":["https:\/\/arantv.az\/wp-content\/uploads\/2023\/07\/FotoJet-3-1-240x172.jpg",240,172,true],"advps-thumb-one":["https:\/\/arantv.az\/wp-content\/uploads\/2023\/07\/FotoJet-3-1.jpg",620,413,false]},"rttpg_author":{"display_name":"V\u00fcsal Rafiqo\u011flu","author_link":"https:\/\/arantv.az\/?author=2"},"rttpg_comment":0,"rttpg_category":"<a href=\"https:\/\/arantv.az\/?cat=1\" rel=\"category\">C\u0259miyy\u0259t<\/a>","rttpg_excerpt":"Qubada iki b\u0259l\u0259diyy\u0259 s\u0259dri c\u0259rim\u0259l\u0259nib. Bu bar\u0259d\u0259 Daxili \u0130\u015fl\u0259r Nazirliyinin M\u0259tbuat Xidm\u0259tinin Quba regional qrupu m\u0259lumat yay\u0131b. Bildirilib ki, Quba Rayon Polis \u015e\u00f6b\u0259sinin \u0130ctimai T\u0259hl\u00fck\u0259sizlik B\u00f6lm\u0259sinin \u0259m\u0259kda\u015flar\u0131n\u0131n sanitariya-gigiyena qaydalar\u0131n\u0131n pozulmas\u0131 hallar\u0131n\u0131n qar\u015f\u0131s\u0131n\u0131n al\u0131nmas\u0131 m\u0259qs\u0259dil\u0259 ke\u00e7irdikl\u0259ri t\u0259dbirl\u0259r zaman\u0131 rayonun Talab\u0131q\u0131\u015flaq v\u0259 Barl\u0131 k\u0259ndl\u0259ri \u0259razil\u0259rind\u0259 s\u0259naye v\u0259 m\u0259i\u015f\u0259t tullant\u0131lar\u0131n\u0131n qalaqlanmas\u0131 v\u0259 yand\u0131r\u0131lmas\u0131 zaman\u0131 \u0259traf m\u00fchitin m\u00fchafiz\u0259si t\u0259l\u0259bl\u0259rin\u0259&hellip;","_links":{"self":[{"href":"https:\/\/arantv.az\/index.php?rest_route=\/wp\/v2\/posts\/610532"}],"collection":[{"href":"https:\/\/arantv.az\/index.php?rest_route=\/wp\/v2\/posts"}],"about":[{"href":"https:\/\/arantv.az\/index.php?rest_route=\/wp\/v2\/types\/post"}],"author":[{"embeddable":true,"href":"https:\/\/arantv.az\/index.php?rest_route=\/wp\/v2\/users\/2"}],"replies":[{"embeddable":true,"href":"https:\/\/arantv.az\/index.php?rest_route=%2Fwp%2Fv2%2Fcomments&post=610532"}],"version-history":[{"count":0,"href":"https:\/\/arantv.az\/index.php?rest_route=\/wp\/v2\/posts\/610532\/revisions"}],"wp:featuredmedia":[{"embeddable":true,"href":"https:\/\/arantv.az\/index.php?rest_route=\/wp\/v2\/media\/610533"}],"wp:attachment":[{"href":"https:\/\/arantv.az\/index.php?rest_route=%2Fwp%2Fv2%2Fmedia&parent=610532"}],"wp:term":[{"taxonomy":"category","embeddable":true,"href":"https:\/\/arantv.az\/index.php?rest_route=%2Fwp%2Fv2%2Fcategories&post=610532"},{"taxonomy":"post_tag","embeddable":true,"href":"https:\/\/arantv.az\/index.php?rest_route=%2Fwp%2Fv2%2Ftags&post=610532"}],"curies":[{"name":"wp","href":"https:\/\/api.w.org\/{rel}","templated":true}]}}