{"id":610555,"date":"2023-07-21T14:02:15","date_gmt":"2023-07-21T10:02:15","guid":{"rendered":"https:\/\/arantv.az\/?p=610555"},"modified":"2023-07-21T14:02:15","modified_gmt":"2023-07-21T10:02:15","slug":"prezident-susa-s%c9%99h%c9%99r-x%c9%99st%c9%99xanasina-bas-c%c9%99kdi","status":"publish","type":"post","link":"https:\/\/arantv.az\/?p=610555","title":{"rendered":"Prezident \u015eu\u015fa \u015f\u0259h\u0259r x\u0259st\u0259xanas\u0131na ba\u015f \u00e7\u0259kdi"},"content":{"rendered":"<p><b>\u0130lham \u018fliyev \u015eu\u015fa rayonunda s\u0259f\u0259rd\u0259dir.<\/b><\/p>\n<p>Az\u0259rbaycan Respublikas\u0131n\u0131n Prezidenti \u0130lham \u018fliyev iyulun 21-d\u0259 \u015eu\u015fa rayonunun Da\u015falt\u0131 k\u0259ndinin yenid\u0259n qurulmas\u0131 il\u0259 ba\u011fl\u0131 g\u00f6r\u00fcl\u0259c\u0259k i\u015fl\u0259rl\u0259 tan\u0131\u015f olub, Da\u015falt\u0131 k\u0259ndind\u0259 \u00f6z\u0259l investisiya hesab\u0131na in\u015fa edil\u0259c\u0259k yeni ya\u015fay\u0131\u015f kompleksinin v\u0259 turizm obyektl\u0259rinin t\u0259m\u0259lini qoyub, 90 \u00e7arpay\u0131l\u0131q \u015eu\u015fa \u015f\u0259h\u0259r x\u0259st\u0259xanas\u0131nda v\u0259 \u015eu\u015fa \u015f\u0259h\u0259r 960 \u015fagird yerlik 1 n\u00f6mr\u0259li tam orta m\u0259kt\u0259bd\u0259 apar\u0131lan tikinti i\u015fl\u0259ri il\u0259 tan\u0131\u015f olub.<\/p>\n<p>Xat\u0131rladaq ki, \u015eu\u015fa \u015f\u0259h\u0259r x\u0259st\u0259xanas\u0131n\u0131n \u0259razisind\u0259, eyni zamanda, Gigiyena v\u0259 Epidemiologiya M\u0259rk\u0259zi, M\u0259hk\u0259m\u0259 Tibbi Ekspertiza v\u0259 Patoloji Anatomiya Birliyi, yoluxucu x\u0259st\u0259likl\u0259r v\u0259 hemodializ korpuslar\u0131 in\u015fa olunacaq.\u00a0 3,7 hektara yax\u0131n sah\u0259d\u0259 in\u015fa edil\u0259n x\u0259st\u0259xana binas\u0131n\u0131n tikinti i\u015fl\u0259rin\u0259 bu ilin yanvar\u0131nda ba\u015flan\u0131l\u0131b.<\/p>\n<p>X\u0259st\u0259xana binas\u0131 4-\u00fc d\u00f6rdm\u0259rt\u0259b\u0259li, 2-si is\u0259 birm\u0259rt\u0259b\u0259li olmaqla 6 korpusdan ibar\u0259tdir. Binan\u0131n zirz\u0259mi\u00a0 hiss\u0259sind\u0259n stasionar tibbi xidm\u0259t v\u0259 s\u0131\u011f\u0131nacaq kimi istifad\u0259 olunacaq, z\u0259rur\u0259t yarand\u0131qda h\u0259rbi hospital kimi f\u0259aliyy\u0259t g\u00f6st\u0259r\u0259c\u0259k. Stasionar xidm\u0259t sah\u0259sind\u0259 q\u0259bul, terapiya, pediatriya, c\u0259rrahiyy\u0259, do\u011fu\u015f, ginekologiya, yoluxucu x\u0259st\u0259likl\u0259r, anesteziologiya\u2013reanimasiya, hemodializ \u015f\u00f6b\u0259l\u0259ri f\u0259aliyy\u0259t g\u00f6st\u0259r\u0259c\u0259k.<br \/>\nAmbulator xidm\u0259t sah\u0259sind\u0259 is\u0259 konsultativ poliklinika, u\u015faq poliklinikas\u0131, \u015f\u00fca-diaqnostika, funksional diaqnostika, fizioterapiya v\u0259 tibbi b\u0259rpa \u015f\u00f6b\u0259l\u0259ri, h\u0259m\u00e7inin klinik diaqnostik laboratoriya yarad\u0131lacaq.<br \/>\nQeyd ed\u0259k ki, \u015eu\u015fa \u015f\u0259h\u0259r x\u0259st\u0259xanas\u0131n\u0131n t\u0259m\u0259li 2021-ci il noyabr\u0131n 7-d\u0259 Prezident \u0130lham \u018fliyevin v\u0259 birinci xan\u0131m Mehriban \u018fliyevan\u0131n i\u015ftirak\u0131 il\u0259 qoyulub.<\/p>\n","protected":false},"excerpt":{"rendered":"<p>\u0130lham \u018fliyev \u015eu\u015fa rayonunda s\u0259f\u0259rd\u0259dir. Az\u0259rbaycan Respublikas\u0131n\u0131n Prezidenti \u0130lham \u018fliyev iyulun 21-d\u0259 \u015eu\u015fa rayonunun Da\u015falt\u0131 k\u0259ndinin yenid\u0259n qurulmas\u0131 il\u0259 ba\u011fl\u0131 g\u00f6r\u00fcl\u0259c\u0259k i\u015fl\u0259rl\u0259 tan\u0131\u015f olub, Da\u015falt\u0131 k\u0259ndind\u0259 \u00f6z\u0259l investisiya hesab\u0131na in\u015fa edil\u0259c\u0259k yeni ya\u015fay\u0131\u015f kompleksinin v\u0259 turizm obyektl\u0259rinin t\u0259m\u0259lini qoyub, 90 \u00e7arpay\u0131l\u0131q \u015eu\u015fa \u015f\u0259h\u0259r x\u0259st\u0259xanas\u0131nda v\u0259 \u015eu\u015fa \u015f\u0259h\u0259r 960 \u015fagird yerlik 1 n\u00f6mr\u0259li tam orta m\u0259kt\u0259bd\u0259 apar\u0131lan tikinti i\u015fl\u0259ri il\u0259 tan\u0131\u015f olub. Xat\u0131rladaq ki, \u015eu\u015fa \u015f\u0259h\u0259r x\u0259st\u0259xanas\u0131n\u0131n \u0259razisind\u0259, eyni zamanda, Gigiyena v\u0259 Epidemiologiya M\u0259rk\u0259zi, M\u0259hk\u0259m\u0259 Tibbi Ekspertiza v\u0259 Patoloji Anatomiya Birliyi, yoluxucu x\u0259st\u0259likl\u0259r v\u0259 hemodializ korpuslar\u0131 in\u015fa olunacaq.\u00a0 3,7 hektara yax\u0131n&hellip;<\/p>\n","protected":false},"author":2,"featured_media":610556,"comment_status":"closed","ping_status":"closed","sticky":false,"template":"","format":"standard","meta":{"om_disable_all_campaigns":false,"_monsterinsights_skip_tracking":false,"_monsterinsights_sitenote_active":false,"_monsterinsights_sitenote_note":"","_monsterinsights_sitenote_category":0},"categories":[8],"tags":[],"aioseo_notices":[],"gutentor_comment":0,"rttpg_featured_image_url":{"full":["https:\/\/arantv.az\/wp-content\/uploads\/2023\/07\/susa22.jpg",787,550,false],"landscape":["https:\/\/arantv.az\/wp-content\/uploads\/2023\/07\/susa22.jpg",787,550,false],"portraits":["https:\/\/arantv.az\/wp-content\/uploads\/2023\/07\/susa22.jpg",787,550,false],"thumbnail":["https:\/\/arantv.az\/wp-content\/uploads\/2023\/07\/susa22-500x280.jpg",500,280,true],"medium":["https:\/\/arantv.az\/wp-content\/uploads\/2023\/07\/susa22-522x365.jpg",522,365,true],"large":["https:\/\/arantv.az\/wp-content\/uploads\/2023\/07\/susa22.jpg",640,447,false],"1536x1536":["https:\/\/arantv.az\/wp-content\/uploads\/2023\/07\/susa22.jpg",787,550,false],"2048x2048":["https:\/\/arantv.az\/wp-content\/uploads\/2023\/07\/susa22.jpg",787,550,false],"post-thumbnail":["https:\/\/arantv.az\/wp-content\/uploads\/2023\/07\/susa22-240x172.jpg",240,172,true],"advps-thumb-one":["https:\/\/arantv.az\/wp-content\/uploads\/2023\/07\/susa22.jpg",787,550,false]},"rttpg_author":{"display_name":"V\u00fcsal Rafiqo\u011flu","author_link":"https:\/\/arantv.az\/?author=2"},"rttpg_comment":0,"rttpg_category":"<a href=\"https:\/\/arantv.az\/?cat=8\" rel=\"category\">\u018fsas s\u0259hif\u0259<\/a>","rttpg_excerpt":"\u0130lham \u018fliyev \u015eu\u015fa rayonunda s\u0259f\u0259rd\u0259dir. Az\u0259rbaycan Respublikas\u0131n\u0131n Prezidenti \u0130lham \u018fliyev iyulun 21-d\u0259 \u015eu\u015fa rayonunun Da\u015falt\u0131 k\u0259ndinin yenid\u0259n qurulmas\u0131 il\u0259 ba\u011fl\u0131 g\u00f6r\u00fcl\u0259c\u0259k i\u015fl\u0259rl\u0259 tan\u0131\u015f olub, Da\u015falt\u0131 k\u0259ndind\u0259 \u00f6z\u0259l investisiya hesab\u0131na in\u015fa edil\u0259c\u0259k yeni ya\u015fay\u0131\u015f kompleksinin v\u0259 turizm obyektl\u0259rinin t\u0259m\u0259lini qoyub, 90 \u00e7arpay\u0131l\u0131q \u015eu\u015fa \u015f\u0259h\u0259r x\u0259st\u0259xanas\u0131nda v\u0259 \u015eu\u015fa \u015f\u0259h\u0259r 960 \u015fagird yerlik 1 n\u00f6mr\u0259li tam orta m\u0259kt\u0259bd\u0259&hellip;","_links":{"self":[{"href":"https:\/\/arantv.az\/index.php?rest_route=\/wp\/v2\/posts\/610555"}],"collection":[{"href":"https:\/\/arantv.az\/index.php?rest_route=\/wp\/v2\/posts"}],"about":[{"href":"https:\/\/arantv.az\/index.php?rest_route=\/wp\/v2\/types\/post"}],"author":[{"embeddable":true,"href":"https:\/\/arantv.az\/index.php?rest_route=\/wp\/v2\/users\/2"}],"replies":[{"embeddable":true,"href":"https:\/\/arantv.az\/index.php?rest_route=%2Fwp%2Fv2%2Fcomments&post=610555"}],"version-history":[{"count":0,"href":"https:\/\/arantv.az\/index.php?rest_route=\/wp\/v2\/posts\/610555\/revisions"}],"wp:featuredmedia":[{"embeddable":true,"href":"https:\/\/arantv.az\/index.php?rest_route=\/wp\/v2\/media\/610556"}],"wp:attachment":[{"href":"https:\/\/arantv.az\/index.php?rest_route=%2Fwp%2Fv2%2Fmedia&parent=610555"}],"wp:term":[{"taxonomy":"category","embeddable":true,"href":"https:\/\/arantv.az\/index.php?rest_route=%2Fwp%2Fv2%2Fcategories&post=610555"},{"taxonomy":"post_tag","embeddable":true,"href":"https:\/\/arantv.az\/index.php?rest_route=%2Fwp%2Fv2%2Ftags&post=610555"}],"curies":[{"name":"wp","href":"https:\/\/api.w.org\/{rel}","templated":true}]}}