{"id":610578,"date":"2023-07-21T14:15:48","date_gmt":"2023-07-21T10:15:48","guid":{"rendered":"https:\/\/arantv.az\/?p=610578"},"modified":"2023-07-21T14:15:48","modified_gmt":"2023-07-21T10:15:48","slug":"dayisindan-nat%c9%99van-babayevanin-diaqnozu-il%c9%99-bagli-iddia-video","status":"publish","type":"post","link":"https:\/\/arantv.az\/?p=610578","title":{"rendered":"Day\u0131s\u0131ndan Nat\u0259van Babayevan\u0131n diaqnozu il\u0259 ba\u011fl\u0131 iddia &#8211; V\u0130DEO"},"content":{"rendered":"<article class=\"news\">\n<div class=\"news-inner\">\n<p>\u201cOnu d\u00fczg\u00fcn m\u00fcalic\u0259 etm\u0259dil\u0259r. Dedil\u0259r, allergiyad\u0131r. Halbuki, x\u0259st\u0259liyi ba\u015fqa idi\u201d.<\/p>\n<p>Bu s\u00f6zl\u0259ri \u00f6t\u0259n g\u00fcn x\u0259r\u00e7\u0259ng x\u0259st\u0259liyind\u0259n v\u0259fat ed\u0259n tan\u0131nm\u0131\u015f telejurnalist Nat\u0259van Babayevan\u0131n day\u0131s\u0131 Zabil Babayev Baku TV-y\u0259 a\u00e7\u0131qlamas\u0131nda deyib.<\/p>\n<p>Onun s\u00f6zl\u0259rin\u0259 g\u00f6r\u0259, bir ne\u00e7\u0259 ildir x\u0259r\u00e7\u0259ngd\u0259n \u0259ziyy\u0259t \u00e7\u0259k\u0259n jurnalistin \u00f6l\u00fcm\u00fcn\u0259 h\u0259kim s\u0259hl\u0259nkarl\u0131\u011f\u0131 s\u0259b\u0259b olub.<\/p>\n<p>Nat\u0259van Babayevan\u0131n qarda\u015f\u0131 Xaqani Babayev bac\u0131s\u0131 il\u0259 ba\u011fl\u0131 xatir\u0259l\u0259rind\u0259n dan\u0131\u015f\u0131b.<\/p>\n<p>\u201c\u0130ki qarda\u015f, bir bac\u0131 olmu\u015fuq. Nat\u0259van bizim \u00fc\u00e7\u00fcn bac\u0131dan da art\u0131q olub. H\u0259r i\u015fimizd\u0259 \u00f6nd\u0259 olub. B\u00f6y\u00fckd\u0259n-ki\u00e7iy\u0259 h\u0259r k\u0259s onun x\u0259trini \u00e7ox ist\u0259yib\u201d.<\/p>\n<p>Daha \u0259trafl\u0131 Baku TV-nin s\u00fcjetind\u0259:<\/p>\n<div><iframe loading=\"lazy\" title=\"YouTube video player\" src=\"https:\/\/www.youtube.com\/embed\/C9YaiENzV6U\" width=\"560\" height=\"315\" frameborder=\"0\" allowfullscreen=\"allowfullscreen\" data-mce-fragment=\"1\"><\/iframe><\/div>\n<div><iframe loading=\"lazy\" title=\"YouTube video player\" src=\"https:\/\/www.youtube.com\/embed\/Oy4usMLWSVI\" width=\"560\" height=\"315\" frameborder=\"0\" allowfullscreen=\"allowfullscreen\" data-mce-fragment=\"1\"><\/iframe><\/div>\n<\/div>\n<\/article>\n","protected":false},"excerpt":{"rendered":"<p>\u201cOnu d\u00fczg\u00fcn m\u00fcalic\u0259 etm\u0259dil\u0259r. Dedil\u0259r, allergiyad\u0131r. Halbuki, x\u0259st\u0259liyi ba\u015fqa idi\u201d. Bu s\u00f6zl\u0259ri \u00f6t\u0259n g\u00fcn x\u0259r\u00e7\u0259ng x\u0259st\u0259liyind\u0259n v\u0259fat ed\u0259n tan\u0131nm\u0131\u015f telejurnalist Nat\u0259van Babayevan\u0131n day\u0131s\u0131 Zabil Babayev Baku TV-y\u0259 a\u00e7\u0131qlamas\u0131nda deyib. Onun s\u00f6zl\u0259rin\u0259 g\u00f6r\u0259, bir ne\u00e7\u0259 ildir x\u0259r\u00e7\u0259ngd\u0259n \u0259ziyy\u0259t \u00e7\u0259k\u0259n jurnalistin \u00f6l\u00fcm\u00fcn\u0259 h\u0259kim s\u0259hl\u0259nkarl\u0131\u011f\u0131 s\u0259b\u0259b olub. Nat\u0259van Babayevan\u0131n qarda\u015f\u0131 Xaqani Babayev bac\u0131s\u0131 il\u0259 ba\u011fl\u0131 xatir\u0259l\u0259rind\u0259n dan\u0131\u015f\u0131b. \u201c\u0130ki qarda\u015f, bir bac\u0131 olmu\u015fuq. Nat\u0259van bizim \u00fc\u00e7\u00fcn bac\u0131dan da art\u0131q olub. H\u0259r i\u015fimizd\u0259 \u00f6nd\u0259 olub. B\u00f6y\u00fckd\u0259n-ki\u00e7iy\u0259 h\u0259r k\u0259s onun x\u0259trini \u00e7ox ist\u0259yib\u201d. Daha \u0259trafl\u0131 Baku TV-nin s\u00fcjetind\u0259:<\/p>\n","protected":false},"author":2,"featured_media":610579,"comment_status":"closed","ping_status":"closed","sticky":false,"template":"","format":"standard","meta":{"om_disable_all_campaigns":false,"_monsterinsights_skip_tracking":false,"_monsterinsights_sitenote_active":false,"_monsterinsights_sitenote_note":"","_monsterinsights_sitenote_category":0},"categories":[1],"tags":[],"aioseo_notices":[],"gutentor_comment":0,"rttpg_featured_image_url":{"full":["https:\/\/arantv.az\/wp-content\/uploads\/2023\/07\/FotoJet-7-1.jpg",620,413,false],"landscape":["https:\/\/arantv.az\/wp-content\/uploads\/2023\/07\/FotoJet-7-1.jpg",620,413,false],"portraits":["https:\/\/arantv.az\/wp-content\/uploads\/2023\/07\/FotoJet-7-1.jpg",620,413,false],"thumbnail":["https:\/\/arantv.az\/wp-content\/uploads\/2023\/07\/FotoJet-7-1-500x280.jpg",500,280,true],"medium":["https:\/\/arantv.az\/wp-content\/uploads\/2023\/07\/FotoJet-7-1-548x365.jpg",548,365,true],"large":["https:\/\/arantv.az\/wp-content\/uploads\/2023\/07\/FotoJet-7-1.jpg",620,413,false],"1536x1536":["https:\/\/arantv.az\/wp-content\/uploads\/2023\/07\/FotoJet-7-1.jpg",620,413,false],"2048x2048":["https:\/\/arantv.az\/wp-content\/uploads\/2023\/07\/FotoJet-7-1.jpg",620,413,false],"post-thumbnail":["https:\/\/arantv.az\/wp-content\/uploads\/2023\/07\/FotoJet-7-1-240x172.jpg",240,172,true],"advps-thumb-one":["https:\/\/arantv.az\/wp-content\/uploads\/2023\/07\/FotoJet-7-1.jpg",620,413,false]},"rttpg_author":{"display_name":"V\u00fcsal Rafiqo\u011flu","author_link":"https:\/\/arantv.az\/?author=2"},"rttpg_comment":0,"rttpg_category":"<a href=\"https:\/\/arantv.az\/?cat=1\" rel=\"category\">C\u0259miyy\u0259t<\/a>","rttpg_excerpt":"\u201cOnu d\u00fczg\u00fcn m\u00fcalic\u0259 etm\u0259dil\u0259r. Dedil\u0259r, allergiyad\u0131r. Halbuki, x\u0259st\u0259liyi ba\u015fqa idi\u201d. Bu s\u00f6zl\u0259ri \u00f6t\u0259n g\u00fcn x\u0259r\u00e7\u0259ng x\u0259st\u0259liyind\u0259n v\u0259fat ed\u0259n tan\u0131nm\u0131\u015f telejurnalist Nat\u0259van Babayevan\u0131n day\u0131s\u0131 Zabil Babayev Baku TV-y\u0259 a\u00e7\u0131qlamas\u0131nda deyib. Onun s\u00f6zl\u0259rin\u0259 g\u00f6r\u0259, bir ne\u00e7\u0259 ildir x\u0259r\u00e7\u0259ngd\u0259n \u0259ziyy\u0259t \u00e7\u0259k\u0259n jurnalistin \u00f6l\u00fcm\u00fcn\u0259 h\u0259kim s\u0259hl\u0259nkarl\u0131\u011f\u0131 s\u0259b\u0259b olub. Nat\u0259van Babayevan\u0131n qarda\u015f\u0131 Xaqani Babayev bac\u0131s\u0131 il\u0259 ba\u011fl\u0131 xatir\u0259l\u0259rind\u0259n dan\u0131\u015f\u0131b. \u201c\u0130ki&hellip;","_links":{"self":[{"href":"https:\/\/arantv.az\/index.php?rest_route=\/wp\/v2\/posts\/610578"}],"collection":[{"href":"https:\/\/arantv.az\/index.php?rest_route=\/wp\/v2\/posts"}],"about":[{"href":"https:\/\/arantv.az\/index.php?rest_route=\/wp\/v2\/types\/post"}],"author":[{"embeddable":true,"href":"https:\/\/arantv.az\/index.php?rest_route=\/wp\/v2\/users\/2"}],"replies":[{"embeddable":true,"href":"https:\/\/arantv.az\/index.php?rest_route=%2Fwp%2Fv2%2Fcomments&post=610578"}],"version-history":[{"count":0,"href":"https:\/\/arantv.az\/index.php?rest_route=\/wp\/v2\/posts\/610578\/revisions"}],"wp:featuredmedia":[{"embeddable":true,"href":"https:\/\/arantv.az\/index.php?rest_route=\/wp\/v2\/media\/610579"}],"wp:attachment":[{"href":"https:\/\/arantv.az\/index.php?rest_route=%2Fwp%2Fv2%2Fmedia&parent=610578"}],"wp:term":[{"taxonomy":"category","embeddable":true,"href":"https:\/\/arantv.az\/index.php?rest_route=%2Fwp%2Fv2%2Fcategories&post=610578"},{"taxonomy":"post_tag","embeddable":true,"href":"https:\/\/arantv.az\/index.php?rest_route=%2Fwp%2Fv2%2Ftags&post=610578"}],"curies":[{"name":"wp","href":"https:\/\/api.w.org\/{rel}","templated":true}]}}