{"id":610588,"date":"2023-07-21T15:08:16","date_gmt":"2023-07-21T11:08:16","guid":{"rendered":"https:\/\/arantv.az\/?p=610588"},"modified":"2023-07-21T15:08:16","modified_gmt":"2023-07-21T11:08:16","slug":"nazirl%c9%99r-kabineti-naxcivanla-bagli-toplandi-foto","status":"publish","type":"post","link":"https:\/\/arantv.az\/?p=610588","title":{"rendered":"Nazirl\u0259r Kabineti Nax\u00e7\u0131vanla ba\u011fl\u0131 topland\u0131 &#8211; FOTO"},"content":{"rendered":"<p>\u201cNax\u00e7\u0131van Muxtar Respublikas\u0131n\u0131n sosial-iqtisadi inki\u015faf\u0131na dair 2023-2027-ci ill\u0259r \u00fc\u00e7\u00fcn D\u00f6vl\u0259t Proqram\u0131\u201d il\u0259 ba\u011fl\u0131 Nazirl\u0259r Kabinetind\u0259 iclas ke\u00e7irilib.<\/p>\n<p>Bu bar\u0259d\u0259 Nazirl\u0259r Kabineti m\u0259lumat yay\u0131b.<\/p>\n<p>Bildirilib ki, Az\u0259rbaycan Respublikas\u0131 Prezidentinin 2023-c\u00fc il 5 iyun tarixli S\u0259r\u0259ncam\u0131 il\u0259 \u201cNax\u00e7\u0131van Muxtar Respublikas\u0131n\u0131n sosial-iqtisadi inki\u015faf\u0131na dair 2023-2027-ci ill\u0259r \u00fc\u00e7\u00fcn D\u00f6vl\u0259t Proqram\u0131\u201d t\u0259sdiq edilib.<\/p>\n<p>S\u0259r\u0259ncamla Nazirl\u0259r Kabinetin\u0259 tap\u015f\u0131r\u0131l\u0131b ki, D\u00f6vl\u0259t Proqram\u0131n\u0131n T\u0259dbirl\u0259r Plan\u0131na v\u0259 m\u00fc\u0259yy\u0259nl\u0259\u015fdiril\u0259c\u0259k maliyy\u0259 v\u0259saitinin h\u0259cmin\u0259 uy\u011fun olaraq, 2023-2024-c\u00fc v\u0259 2025-2027-ci ill\u0259r \u00fczr\u0259 T\u0259dbirl\u0259r Plan\u0131nda n\u0259z\u0259rd\u0259 tutulmu\u015f m\u0259s\u0259l\u0259l\u0259rin icras\u0131n\u0131n t\u0259mini \u00fc\u00e7\u00fcn daha t\u0259fsilatl\u0131 layih\u0259l\u0259r haz\u0131rlanaraq Az\u0259rbaycan Respublikas\u0131n\u0131n Prezidentin\u0259 t\u0259qdim edilsin, habel\u0259 D\u00f6vl\u0259t Proqram\u0131nda n\u0259z\u0259rd\u0259 tutulmu\u015f t\u0259dbirl\u0259rin h\u0259yata ke\u00e7irilm\u0259sinin \u0259laq\u0259l\u0259ndirilm\u0259si v\u0259 icras\u0131 bar\u0259d\u0259 Az\u0259rbaycan Respublikas\u0131n\u0131n Prezidentin\u0259 m\u0259lumat verilsin.<\/p>\n<p>\u00d6lk\u0259 ba\u015f\u00e7\u0131s\u0131n\u0131n tap\u015f\u0131r\u0131\u011f\u0131n\u0131n icras\u0131n\u0131 t\u0259min etm\u0259k m\u0259qs\u0259di il\u0259 Nazirl\u0259r Kabinetinin 2023-c\u00fc il 14 iyun tarixli S\u0259r\u0259ncam\u0131 imzalan\u0131b.<\/p>\n<p>21 iyul 2023-c\u00fc il tarixind\u0259 Nazirl\u0259r Kabineti Aparat\u0131n\u0131n r\u0259hb\u0259ri R\u00fcf\u0259t M\u0259mm\u0259dovun s\u0259drliyi v\u0259 \u0130qtisadiyyat Nazirliyi, Maliyy\u0259 Nazirliyi, Nax\u00e7\u0131van Muxtar Respublikas\u0131nda Az\u0259rbaycan Respublikas\u0131 Prezidentinin s\u0259lahiyy\u0259tli n\u00fcmay\u0259nd\u0259liyi, Nax\u00e7\u0131van Muxtar Respublikas\u0131n\u0131n Nazirl\u0259r Kabineti, \u0130qtisadi \u0130slahatlar\u0131n T\u0259hlili v\u0259 Kommunikasiya M\u0259rk\u0259zi v\u0259 D\u00f6vl\u0259t Proqram\u0131nda n\u0259z\u0259rd\u0259 tutulmu\u015f t\u0259dbirl\u0259r \u00fczr\u0259 icra\u00e7\u0131 orqanlar\u0131n (qurumlar\u0131n) n\u00fcmay\u0259nd\u0259l\u0259rinin i\u015ftirak\u0131 il\u0259 geni\u015f t\u0259rkibli iclas ke\u00e7irilib. \u0130clasda Az\u0259rbaycan Respublikas\u0131 Prezidentinin 2023-c\u00fc il 5 iyun tarixli S\u0259r\u0259ncam\u0131n\u0131n v\u0259 verilmi\u015f dig\u0259r tap\u015f\u0131r\u0131qlar\u0131n icra v\u0259ziyy\u0259ti il\u0259 ba\u011fl\u0131 m\u0259s\u0259l\u0259l\u0259r m\u00fczakir\u0259 olunub, tap\u015f\u0131r\u0131qlar\u0131n vaxt\u0131nda v\u0259 keyfiyy\u0259tli icras\u0131 \u00fc\u00e7\u00fcn m\u00fcvafiq g\u00f6st\u0259ri\u015fl\u0259r verilib.<\/p>\n<p>&nbsp;<\/p>\n<div class=\"gallery\">\n<div class=\"gallery-i\"><img src=\"https:\/\/cdn.oxu.az\/uploads\/W1siZiIsIjIwMjMvMDcvMjEvMTQvNDYvMzYvMjgzMzk3ZDktMzNmNi00YWI3LTg4YmEtNmJiNmU2ZjE3MjFjLzhiZmFkYTNmLWM0ZWYtM2EzOC04ZWIxLTU4YjU4OWE3NTQ3My5qcGciXSxbInAiLCJlbmNvZGUiLCJqcGciLCItcXVhbGl0eSA4MCJdLFsicCIsInRodW1iIiwiNTkweDU5MFx1MDAzZSJdXQ?sha=deb381e6f3a8e7bb\" alt=\"\" \/><\/p>\n<div class=\"gallery-i-caption\"><\/div>\n<\/div>\n<div class=\"gallery-i\"><img src=\"https:\/\/cdn.oxu.az\/uploads\/W1siZiIsIjIwMjMvMDcvMjEvMTQvNDYvMzYvMGI3Nzc4MzItODg5OS00MDE4LWE4NTctNjI1YjM2YjBhZmExLzI3NTA4OWU0LTkyZmQtM2FkOS1iYzYyLWQwMmFmY2MyNzdjOC5qcGciXSxbInAiLCJlbmNvZGUiLCJqcGciLCItcXVhbGl0eSA4MCJdLFsicCIsInRodW1iIiwiNTkweDU5MFx1MDAzZSJdXQ?sha=4a629d1eec16f746\" alt=\"\" \/><\/p>\n<div class=\"gallery-i-caption\"><\/div>\n<\/div>\n<div class=\"gallery-i\"><img src=\"https:\/\/cdn.oxu.az\/uploads\/W1siZiIsIjIwMjMvMDcvMjEvMTQvNDYvMzYvNDllM2ZkYTEtZGE5Ni00MTk2LWJlN2QtNmVhNWJmYzNmN2ZmLzY3MGFmODNiLWVmZGUtM2RhNC1hOWQwLWQzNDQyMzM0MTcwOS5qcGciXSxbInAiLCJlbmNvZGUiLCJqcGciLCItcXVhbGl0eSA4MCJdLFsicCIsInRodW1iIiwiNTkweDU5MFx1MDAzZSJdXQ?sha=c438ea95ded4ea40\" alt=\"\" \/><\/p>\n<div class=\"gallery-i-caption\"><\/div>\n<\/div>\n<div class=\"gallery-i\"><img src=\"https:\/\/cdn.oxu.az\/uploads\/W1siZiIsIjIwMjMvMDcvMjEvMTQvNDYvMzcvZDVmZjZiYzctZTYwMy00NGUwLTlkODktY2UxM2IwOWNkYjAxL2JjYmJhNzhlLWQ2YzEtMzJiNC05ZTY2LTQyN2Q4M2Q1MGVhOS5qcGciXSxbInAiLCJlbmNvZGUiLCJqcGciLCItcXVhbGl0eSA4MCJdLFsicCIsInRodW1iIiwiNTkweDU5MFx1MDAzZSJdXQ?sha=d3465a852a07578e\" alt=\"\" \/><\/p>\n<div class=\"gallery-i-caption\"><\/div>\n<\/div>\n<div class=\"gallery-i\"><img src=\"https:\/\/cdn.oxu.az\/uploads\/W1siZiIsIjIwMjMvMDcvMjEvMTQvNDYvMzcvYmEyMGFkYWItZDIwNS00NDg5LThjNmMtZDNjYzU1OGVhMDk3LzAwNjI1YWE1LTZmMWEtM2JkZC04OTdjLTM4MTIzYjBmNzNjOS5qcGciXSxbInAiLCJlbmNvZGUiLCJqcGciLCItcXVhbGl0eSA4MCJdLFsicCIsInRodW1iIiwiNTkweDU5MFx1MDAzZSJdXQ?sha=bed2a3eec1731a8f\" alt=\"\" \/><\/p>\n<div class=\"gallery-i-caption\"><\/div>\n<\/div>\n<div class=\"gallery-i\"><img src=\"https:\/\/cdn.oxu.az\/uploads\/W1siZiIsIjIwMjMvMDcvMjEvMTQvNDYvMzcvODJjNzRjNDUtMGUxMS00YTRhLWEyZDAtOTNhOGY1OTQ1Njg1LzkzMzFkZDk0LTlkOGEtMzVmNy1iZjU2LWUxMzMxOTBjYThmZS5qcGciXSxbInAiLCJlbmNvZGUiLCJqcGciLCItcXVhbGl0eSA4MCJdLFsicCIsInRodW1iIiwiNTkweDU5MFx1MDAzZSJdXQ?sha=91604a8f81c1ca1f\" alt=\"\" \/><\/div>\n<\/div>\n","protected":false},"excerpt":{"rendered":"<p>\u201cNax\u00e7\u0131van Muxtar Respublikas\u0131n\u0131n sosial-iqtisadi inki\u015faf\u0131na dair 2023-2027-ci ill\u0259r \u00fc\u00e7\u00fcn D\u00f6vl\u0259t Proqram\u0131\u201d il\u0259 ba\u011fl\u0131 Nazirl\u0259r Kabinetind\u0259 iclas ke\u00e7irilib. Bu bar\u0259d\u0259 Nazirl\u0259r Kabineti m\u0259lumat yay\u0131b. Bildirilib ki, Az\u0259rbaycan Respublikas\u0131 Prezidentinin 2023-c\u00fc il 5 iyun tarixli S\u0259r\u0259ncam\u0131 il\u0259 \u201cNax\u00e7\u0131van Muxtar Respublikas\u0131n\u0131n sosial-iqtisadi inki\u015faf\u0131na dair 2023-2027-ci ill\u0259r \u00fc\u00e7\u00fcn D\u00f6vl\u0259t Proqram\u0131\u201d t\u0259sdiq edilib. S\u0259r\u0259ncamla Nazirl\u0259r Kabinetin\u0259 tap\u015f\u0131r\u0131l\u0131b ki, D\u00f6vl\u0259t Proqram\u0131n\u0131n T\u0259dbirl\u0259r Plan\u0131na v\u0259 m\u00fc\u0259yy\u0259nl\u0259\u015fdiril\u0259c\u0259k maliyy\u0259 v\u0259saitinin h\u0259cmin\u0259 uy\u011fun olaraq, 2023-2024-c\u00fc v\u0259 2025-2027-ci ill\u0259r \u00fczr\u0259 T\u0259dbirl\u0259r Plan\u0131nda n\u0259z\u0259rd\u0259 tutulmu\u015f m\u0259s\u0259l\u0259l\u0259rin icras\u0131n\u0131n t\u0259mini \u00fc\u00e7\u00fcn daha t\u0259fsilatl\u0131 layih\u0259l\u0259r haz\u0131rlanaraq Az\u0259rbaycan Respublikas\u0131n\u0131n Prezidentin\u0259 t\u0259qdim edilsin, habel\u0259 D\u00f6vl\u0259t Proqram\u0131nda n\u0259z\u0259rd\u0259&hellip;<\/p>\n","protected":false},"author":2,"featured_media":610589,"comment_status":"closed","ping_status":"closed","sticky":false,"template":"","format":"standard","meta":{"om_disable_all_campaigns":false,"_monsterinsights_skip_tracking":false,"_monsterinsights_sitenote_active":false,"_monsterinsights_sitenote_note":"","_monsterinsights_sitenote_category":0},"categories":[4],"tags":[],"aioseo_notices":[],"gutentor_comment":0,"rttpg_featured_image_url":{"full":["https:\/\/arantv.az\/wp-content\/uploads\/2023\/07\/9eec7f81-66ec-3b13-9fe2-3c56b61f80b6_850.jpg",620,413,false],"landscape":["https:\/\/arantv.az\/wp-content\/uploads\/2023\/07\/9eec7f81-66ec-3b13-9fe2-3c56b61f80b6_850.jpg",620,413,false],"portraits":["https:\/\/arantv.az\/wp-content\/uploads\/2023\/07\/9eec7f81-66ec-3b13-9fe2-3c56b61f80b6_850.jpg",620,413,false],"thumbnail":["https:\/\/arantv.az\/wp-content\/uploads\/2023\/07\/9eec7f81-66ec-3b13-9fe2-3c56b61f80b6_850-500x280.jpg",500,280,true],"medium":["https:\/\/arantv.az\/wp-content\/uploads\/2023\/07\/9eec7f81-66ec-3b13-9fe2-3c56b61f80b6_850-548x365.jpg",548,365,true],"large":["https:\/\/arantv.az\/wp-content\/uploads\/2023\/07\/9eec7f81-66ec-3b13-9fe2-3c56b61f80b6_850.jpg",620,413,false],"1536x1536":["https:\/\/arantv.az\/wp-content\/uploads\/2023\/07\/9eec7f81-66ec-3b13-9fe2-3c56b61f80b6_850.jpg",620,413,false],"2048x2048":["https:\/\/arantv.az\/wp-content\/uploads\/2023\/07\/9eec7f81-66ec-3b13-9fe2-3c56b61f80b6_850.jpg",620,413,false],"post-thumbnail":["https:\/\/arantv.az\/wp-content\/uploads\/2023\/07\/9eec7f81-66ec-3b13-9fe2-3c56b61f80b6_850-240x172.jpg",240,172,true],"advps-thumb-one":["https:\/\/arantv.az\/wp-content\/uploads\/2023\/07\/9eec7f81-66ec-3b13-9fe2-3c56b61f80b6_850.jpg",620,413,false]},"rttpg_author":{"display_name":"V\u00fcsal Rafiqo\u011flu","author_link":"https:\/\/arantv.az\/?author=2"},"rttpg_comment":0,"rttpg_category":"<a href=\"https:\/\/arantv.az\/?cat=4\" rel=\"category\">Siyas\u0259t<\/a>","rttpg_excerpt":"\u201cNax\u00e7\u0131van Muxtar Respublikas\u0131n\u0131n sosial-iqtisadi inki\u015faf\u0131na dair 2023-2027-ci ill\u0259r \u00fc\u00e7\u00fcn D\u00f6vl\u0259t Proqram\u0131\u201d il\u0259 ba\u011fl\u0131 Nazirl\u0259r Kabinetind\u0259 iclas ke\u00e7irilib. Bu bar\u0259d\u0259 Nazirl\u0259r Kabineti m\u0259lumat yay\u0131b. Bildirilib ki, Az\u0259rbaycan Respublikas\u0131 Prezidentinin 2023-c\u00fc il 5 iyun tarixli S\u0259r\u0259ncam\u0131 il\u0259 \u201cNax\u00e7\u0131van Muxtar Respublikas\u0131n\u0131n sosial-iqtisadi inki\u015faf\u0131na dair 2023-2027-ci ill\u0259r \u00fc\u00e7\u00fcn D\u00f6vl\u0259t Proqram\u0131\u201d t\u0259sdiq edilib. S\u0259r\u0259ncamla Nazirl\u0259r Kabinetin\u0259 tap\u015f\u0131r\u0131l\u0131b ki, D\u00f6vl\u0259t Proqram\u0131n\u0131n&hellip;","_links":{"self":[{"href":"https:\/\/arantv.az\/index.php?rest_route=\/wp\/v2\/posts\/610588"}],"collection":[{"href":"https:\/\/arantv.az\/index.php?rest_route=\/wp\/v2\/posts"}],"about":[{"href":"https:\/\/arantv.az\/index.php?rest_route=\/wp\/v2\/types\/post"}],"author":[{"embeddable":true,"href":"https:\/\/arantv.az\/index.php?rest_route=\/wp\/v2\/users\/2"}],"replies":[{"embeddable":true,"href":"https:\/\/arantv.az\/index.php?rest_route=%2Fwp%2Fv2%2Fcomments&post=610588"}],"version-history":[{"count":0,"href":"https:\/\/arantv.az\/index.php?rest_route=\/wp\/v2\/posts\/610588\/revisions"}],"wp:featuredmedia":[{"embeddable":true,"href":"https:\/\/arantv.az\/index.php?rest_route=\/wp\/v2\/media\/610589"}],"wp:attachment":[{"href":"https:\/\/arantv.az\/index.php?rest_route=%2Fwp%2Fv2%2Fmedia&parent=610588"}],"wp:term":[{"taxonomy":"category","embeddable":true,"href":"https:\/\/arantv.az\/index.php?rest_route=%2Fwp%2Fv2%2Fcategories&post=610588"},{"taxonomy":"post_tag","embeddable":true,"href":"https:\/\/arantv.az\/index.php?rest_route=%2Fwp%2Fv2%2Ftags&post=610588"}],"curies":[{"name":"wp","href":"https:\/\/api.w.org\/{rel}","templated":true}]}}