{"id":610592,"date":"2023-07-21T15:09:42","date_gmt":"2023-07-21T11:09:42","guid":{"rendered":"https:\/\/arantv.az\/?p=610592"},"modified":"2023-07-21T15:09:42","modified_gmt":"2023-07-21T11:09:42","slug":"moskvada-v%c9%99fat-ed%c9%99n-%c9%99m%c9%99kdar-artist-bakida-d%c9%99fn-olunub-foto","status":"publish","type":"post","link":"https:\/\/arantv.az\/?p=610592","title":{"rendered":"Moskvada v\u0259fat ed\u0259n \u018fm\u0259kdar artist Bak\u0131da d\u0259fn olunub &#8211; FOTO"},"content":{"rendered":"<p>\u201cQaya\u201d D\u00f6vl\u0259t Ansambl\u0131n\u0131n direktoru, \u018fm\u0259kdar artist R\u00fcf\u0259t Babayev d\u0259fn olunub.<\/p>\n<p>\u201cReport\u201d x\u0259b\u0259r verir ki, o, Yasamal q\u0259biristanl\u0131\u011f\u0131nda torpa\u011fa tap\u015f\u0131r\u0131l\u0131b.<\/p>\n<p>D\u0259fn m\u0259rasimind\u0259 M\u0259d\u0259niyy\u0259t Nazirliyinin r\u0259smil\u0259ri, m\u0259d\u0259niyy\u0259t v\u0259 inc\u0259s\u0259n\u0259t xadiml\u0259ri, m\u0259rhumun ail\u0259 \u00fczvl\u0259ri v\u0259 yax\u0131nlar\u0131 i\u015ftirak edibl\u0259r.<\/p>\n<p>Qeyd ed\u0259k ki, R.Babayev iyulun 19-da 58 ya\u015f\u0131nda Moskvada v\u0259fat edib.<\/p>\n<p>M\u0259lumat \u00fc\u00e7\u00fcn bildir\u0259k ki, R\u00fcf\u0259t Babayev 2 oktyabr 1965-ci ild\u0259 Bak\u0131da m\u0259\u015fhur \u201cQaya\u201d ansambl\u0131n\u0131n yarad\u0131c\u0131lar\u0131ndan olan tan\u0131nm\u0131\u015f m\u00fc\u011f\u0259nni, Xalq artisti Rauf Babayevin ail\u0259sind\u0259 d\u00fcnyaya g\u00f6z a\u00e7\u0131b.<\/p>\n<p>1972-83-c\u00fc ill\u0259rd\u0259 B\u00fclb\u00fcl ad\u0131na Orta \u0130xtisas Musiqi M\u0259kt\u0259bind\u0259 fortepiano ixtisas\u0131 \u00fczr\u0259 t\u0259hsil al\u0131b. Sonra t\u0259hsilini Az\u0259rbaycan D\u00f6vl\u0259t Konservatoriyas\u0131nda (indiki Bak\u0131 Musiqi Akademiyas\u0131) Z\u00f6hrab Ad\u0131g\u00f6z\u0259lzad\u0259nin fortepiano sinfind\u0259 davam etdirib. 1987-ci ild\u0259n \u201cQaya\u201d D\u00f6vl\u0259t Ansambl\u0131nda solist (sintezator) kimi f\u0259aliyy\u0259t\u0259 ba\u015flay\u0131b. Eyni zamanda, bu ansambl\u0131n n\u0259zdind\u0259 f\u0259aliyy\u0259t g\u00f6st\u0259r\u0259n \u201cTalisman\u201d qrupunda da solist olaraq \u00e7\u0131x\u0131\u015f edib.<\/p>\n<p>\u00d6mr\u00fcn\u00fc \u201cQaya\u201d ansambl\u0131na ba\u011flayan ifa\u00e7\u0131 bu kollektivl\u0259 \u00f6lk\u0259mizd\u0259 v\u0259 onun h\u00fcdudlar\u0131ndan k\u0259narda \u00e7oxsayl\u0131 konsertl\u0259r verib, Az\u0259rbaycan\u0131n musiqi m\u0259d\u0259niyy\u0259tini layiqinc\u0259 t\u0259msil edib.<\/p>\n<p>Musiqi m\u0259d\u0259niyy\u0259timizin inki\u015faf\u0131ndak\u0131 xidm\u0259tl\u0259ri y\u00fcks\u0259k qiym\u0259tl\u0259ndiril\u0259n ifa\u00e7\u0131 Prezident\u00a0<strong>\u0130lham \u018fliyev<\/strong>in s\u0259r\u0259ncam\u0131 il\u0259 2018-ci ild\u0259 \u201cAz\u0259rbaycan Respublikas\u0131n\u0131n \u018fm\u0259kdar artisti\u201d f\u0259xri ad\u0131na layiq g\u00f6r\u00fcl\u00fcb. 2019-cu ild\u0259n \u201cQaya\u201d ansambl\u0131n\u0131n direktoru idi.<\/p>\n<p>&nbsp;<\/p>\n<div class=\"gallery\">\n<div class=\"gallery-i\"><img src=\"https:\/\/cdn.oxu.az\/uploads\/W1siZiIsIjIwMjMvMDcvMjEvMTQvMzMvMTUvMWNjZGViN2EtODI3Yi00ZjU1LThlMWUtZTZmYzdkMTc1ZjliL2RmZmFlMDY2LWZlZGQtMzIxNS1iYzVlLWJjOGFhNTlkMTA5My5qcGciXSxbInAiLCJlbmNvZGUiLCJqcGciLCItcXVhbGl0eSA4MCJdLFsicCIsInRodW1iIiwiNTkweDU5MFx1MDAzZSJdXQ?sha=2bfec40910cd5934\" alt=\"\" \/><\/div>\n<\/div>\n","protected":false},"excerpt":{"rendered":"<p>\u201cQaya\u201d D\u00f6vl\u0259t Ansambl\u0131n\u0131n direktoru, \u018fm\u0259kdar artist R\u00fcf\u0259t Babayev d\u0259fn olunub. \u201cReport\u201d x\u0259b\u0259r verir ki, o, Yasamal q\u0259biristanl\u0131\u011f\u0131nda torpa\u011fa tap\u015f\u0131r\u0131l\u0131b. D\u0259fn m\u0259rasimind\u0259 M\u0259d\u0259niyy\u0259t Nazirliyinin r\u0259smil\u0259ri, m\u0259d\u0259niyy\u0259t v\u0259 inc\u0259s\u0259n\u0259t xadiml\u0259ri, m\u0259rhumun ail\u0259 \u00fczvl\u0259ri v\u0259 yax\u0131nlar\u0131 i\u015ftirak edibl\u0259r. Qeyd ed\u0259k ki, R.Babayev iyulun 19-da 58 ya\u015f\u0131nda Moskvada v\u0259fat edib. M\u0259lumat \u00fc\u00e7\u00fcn bildir\u0259k ki, R\u00fcf\u0259t Babayev 2 oktyabr 1965-ci ild\u0259 Bak\u0131da m\u0259\u015fhur \u201cQaya\u201d ansambl\u0131n\u0131n yarad\u0131c\u0131lar\u0131ndan olan tan\u0131nm\u0131\u015f m\u00fc\u011f\u0259nni, Xalq artisti Rauf Babayevin ail\u0259sind\u0259 d\u00fcnyaya g\u00f6z a\u00e7\u0131b. 1972-83-c\u00fc ill\u0259rd\u0259 B\u00fclb\u00fcl ad\u0131na Orta \u0130xtisas Musiqi M\u0259kt\u0259bind\u0259 fortepiano ixtisas\u0131 \u00fczr\u0259 t\u0259hsil al\u0131b. Sonra t\u0259hsilini Az\u0259rbaycan D\u00f6vl\u0259t Konservatoriyas\u0131nda&hellip;<\/p>\n","protected":false},"author":2,"featured_media":610593,"comment_status":"closed","ping_status":"closed","sticky":false,"template":"","format":"standard","meta":{"om_disable_all_campaigns":false,"_monsterinsights_skip_tracking":false,"_monsterinsights_sitenote_active":false,"_monsterinsights_sitenote_note":"","_monsterinsights_sitenote_category":0},"categories":[1],"tags":[],"aioseo_notices":[],"gutentor_comment":0,"rttpg_featured_image_url":{"full":["https:\/\/arantv.az\/wp-content\/uploads\/2023\/07\/9e36fca2-93c0-3472-a5b2-e0e8d2daf892_850.jpg",620,413,false],"landscape":["https:\/\/arantv.az\/wp-content\/uploads\/2023\/07\/9e36fca2-93c0-3472-a5b2-e0e8d2daf892_850.jpg",620,413,false],"portraits":["https:\/\/arantv.az\/wp-content\/uploads\/2023\/07\/9e36fca2-93c0-3472-a5b2-e0e8d2daf892_850.jpg",620,413,false],"thumbnail":["https:\/\/arantv.az\/wp-content\/uploads\/2023\/07\/9e36fca2-93c0-3472-a5b2-e0e8d2daf892_850-500x280.jpg",500,280,true],"medium":["https:\/\/arantv.az\/wp-content\/uploads\/2023\/07\/9e36fca2-93c0-3472-a5b2-e0e8d2daf892_850-548x365.jpg",548,365,true],"large":["https:\/\/arantv.az\/wp-content\/uploads\/2023\/07\/9e36fca2-93c0-3472-a5b2-e0e8d2daf892_850.jpg",620,413,false],"1536x1536":["https:\/\/arantv.az\/wp-content\/uploads\/2023\/07\/9e36fca2-93c0-3472-a5b2-e0e8d2daf892_850.jpg",620,413,false],"2048x2048":["https:\/\/arantv.az\/wp-content\/uploads\/2023\/07\/9e36fca2-93c0-3472-a5b2-e0e8d2daf892_850.jpg",620,413,false],"post-thumbnail":["https:\/\/arantv.az\/wp-content\/uploads\/2023\/07\/9e36fca2-93c0-3472-a5b2-e0e8d2daf892_850-240x172.jpg",240,172,true],"advps-thumb-one":["https:\/\/arantv.az\/wp-content\/uploads\/2023\/07\/9e36fca2-93c0-3472-a5b2-e0e8d2daf892_850.jpg",620,413,false]},"rttpg_author":{"display_name":"V\u00fcsal Rafiqo\u011flu","author_link":"https:\/\/arantv.az\/?author=2"},"rttpg_comment":0,"rttpg_category":"<a href=\"https:\/\/arantv.az\/?cat=1\" rel=\"category\">C\u0259miyy\u0259t<\/a>","rttpg_excerpt":"\u201cQaya\u201d D\u00f6vl\u0259t Ansambl\u0131n\u0131n direktoru, \u018fm\u0259kdar artist R\u00fcf\u0259t Babayev d\u0259fn olunub. \u201cReport\u201d x\u0259b\u0259r verir ki, o, Yasamal q\u0259biristanl\u0131\u011f\u0131nda torpa\u011fa tap\u015f\u0131r\u0131l\u0131b. D\u0259fn m\u0259rasimind\u0259 M\u0259d\u0259niyy\u0259t Nazirliyinin r\u0259smil\u0259ri, m\u0259d\u0259niyy\u0259t v\u0259 inc\u0259s\u0259n\u0259t xadiml\u0259ri, m\u0259rhumun ail\u0259 \u00fczvl\u0259ri v\u0259 yax\u0131nlar\u0131 i\u015ftirak edibl\u0259r. Qeyd ed\u0259k ki, R.Babayev iyulun 19-da 58 ya\u015f\u0131nda Moskvada v\u0259fat edib. M\u0259lumat \u00fc\u00e7\u00fcn bildir\u0259k ki, R\u00fcf\u0259t Babayev 2 oktyabr 1965-ci&hellip;","_links":{"self":[{"href":"https:\/\/arantv.az\/index.php?rest_route=\/wp\/v2\/posts\/610592"}],"collection":[{"href":"https:\/\/arantv.az\/index.php?rest_route=\/wp\/v2\/posts"}],"about":[{"href":"https:\/\/arantv.az\/index.php?rest_route=\/wp\/v2\/types\/post"}],"author":[{"embeddable":true,"href":"https:\/\/arantv.az\/index.php?rest_route=\/wp\/v2\/users\/2"}],"replies":[{"embeddable":true,"href":"https:\/\/arantv.az\/index.php?rest_route=%2Fwp%2Fv2%2Fcomments&post=610592"}],"version-history":[{"count":0,"href":"https:\/\/arantv.az\/index.php?rest_route=\/wp\/v2\/posts\/610592\/revisions"}],"wp:featuredmedia":[{"embeddable":true,"href":"https:\/\/arantv.az\/index.php?rest_route=\/wp\/v2\/media\/610593"}],"wp:attachment":[{"href":"https:\/\/arantv.az\/index.php?rest_route=%2Fwp%2Fv2%2Fmedia&parent=610592"}],"wp:term":[{"taxonomy":"category","embeddable":true,"href":"https:\/\/arantv.az\/index.php?rest_route=%2Fwp%2Fv2%2Fcategories&post=610592"},{"taxonomy":"post_tag","embeddable":true,"href":"https:\/\/arantv.az\/index.php?rest_route=%2Fwp%2Fv2%2Ftags&post=610592"}],"curies":[{"name":"wp","href":"https:\/\/api.w.org\/{rel}","templated":true}]}}