{"id":610618,"date":"2023-07-21T15:35:25","date_gmt":"2023-07-21T11:35:25","guid":{"rendered":"https:\/\/arantv.az\/?p=610618"},"modified":"2023-07-21T15:35:25","modified_gmt":"2023-07-21T11:35:25","slug":"t%c9%99dqiqatci-alim-urmiya-golu-yayin-sonuna-q%c9%99d%c9%99r-tamamil%c9%99-quruyacaq-foto","status":"publish","type":"post","link":"https:\/\/arantv.az\/?p=610618","title":{"rendered":"T\u0259dqiqat\u00e7\u0131 alim: \u201cUrmiya g\u00f6l\u00fc yay\u0131n sonuna q\u0259d\u0259r tamamil\u0259 quruyacaq\u201d &#8211; FOTO"},"content":{"rendered":"<p>G\u00fcney Az\u0259rbaycanda ekoloji m\u0259s\u0259l\u0259l\u0259r \u00fczr\u0259 t\u0259dqiqat\u00e7\u0131 Ma\u015fallah R\u0259zmi bildirib ki, proqnozlara g\u00f6r\u0259, Urmiya g\u00f6l\u00fc yay\u0131n sonuna q\u0259d\u0259r tamamil\u0259 quruyacaq.<\/p>\n<p>Bu bar\u0259d\u0259 \u201cAzad \u0130ran\u201d \u201cTelegram\u201d kanal\u0131 m\u0259lumat yay\u0131b.<\/p>\n<p>Urmiya g\u00f6l\u00fcn\u00fcn haz\u0131rda kritik olan v\u0259ziyy\u0259tin\u0259 toxunan ekspert deyib ki, g\u00f6l qurumaq \u00fczr\u0259dir.<\/p>\n<p>Urmiya g\u00f6l\u00fcnd\u0259 t\u0259bii halda 33 milyard kubmetr suyun oldu\u011funu v\u0259 d\u00fcnyada ikinci duzlu su g\u00f6l\u00fc hesab edildiyini xat\u0131rladan M.R\u0259zmi vur\u011fulay\u0131b ki, haz\u0131rda burada su, t\u0259xmin\u0259n, bir milyard kubmetr\u0259 q\u0259d\u0259r azal\u0131b.<\/p>\n<p>H\u00fcquq m\u00fcdafi\u0259\u00e7isi Urmiya g\u00f6l\u00fcn\u00fcn tamamil\u0259 qurumas\u0131 il\u0259 g\u00f6l \u0259traf\u0131nda ya\u015fayan 15 milyon insan\u0131n h\u0259yat\u0131n\u0131n ciddi t\u0259hl\u00fck\u0259 alt\u0131na d\u00fc\u015f\u0259c\u0259yini vur\u011fulay\u0131b.<\/p>\n<div><iframe loading=\"lazy\" id=\"telegram-post-AzadIranTelegram-23262\" src=\"https:\/\/t.me\/AzadIranTelegram\/23262?embed=1\" width=\"100%\" height=\"\" frameborder=\"0\" scrolling=\"no\" data-mce-fragment=\"1\"><\/iframe><\/div>\n","protected":false},"excerpt":{"rendered":"<p>G\u00fcney Az\u0259rbaycanda ekoloji m\u0259s\u0259l\u0259l\u0259r \u00fczr\u0259 t\u0259dqiqat\u00e7\u0131 Ma\u015fallah R\u0259zmi bildirib ki, proqnozlara g\u00f6r\u0259, Urmiya g\u00f6l\u00fc yay\u0131n sonuna q\u0259d\u0259r tamamil\u0259 quruyacaq. Bu bar\u0259d\u0259 \u201cAzad \u0130ran\u201d \u201cTelegram\u201d kanal\u0131 m\u0259lumat yay\u0131b. Urmiya g\u00f6l\u00fcn\u00fcn haz\u0131rda kritik olan v\u0259ziyy\u0259tin\u0259 toxunan ekspert deyib ki, g\u00f6l qurumaq \u00fczr\u0259dir. Urmiya g\u00f6l\u00fcnd\u0259 t\u0259bii halda 33 milyard kubmetr suyun oldu\u011funu v\u0259 d\u00fcnyada ikinci duzlu su g\u00f6l\u00fc hesab edildiyini xat\u0131rladan M.R\u0259zmi vur\u011fulay\u0131b ki, haz\u0131rda burada su, t\u0259xmin\u0259n, bir milyard kubmetr\u0259 q\u0259d\u0259r azal\u0131b. H\u00fcquq m\u00fcdafi\u0259\u00e7isi Urmiya g\u00f6l\u00fcn\u00fcn tamamil\u0259 qurumas\u0131 il\u0259 g\u00f6l \u0259traf\u0131nda ya\u015fayan 15 milyon insan\u0131n h\u0259yat\u0131n\u0131n ciddi t\u0259hl\u00fck\u0259 alt\u0131na d\u00fc\u015f\u0259c\u0259yini vur\u011fulay\u0131b.<\/p>\n","protected":false},"author":2,"featured_media":610619,"comment_status":"closed","ping_status":"closed","sticky":false,"template":"","format":"standard","meta":{"om_disable_all_campaigns":false,"_monsterinsights_skip_tracking":false,"_monsterinsights_sitenote_active":false,"_monsterinsights_sitenote_note":"","_monsterinsights_sitenote_category":0},"categories":[7],"tags":[],"aioseo_notices":[],"gutentor_comment":0,"rttpg_featured_image_url":{"full":["https:\/\/arantv.az\/wp-content\/uploads\/2023\/07\/FotoJet-16.jpg",620,413,false],"landscape":["https:\/\/arantv.az\/wp-content\/uploads\/2023\/07\/FotoJet-16.jpg",620,413,false],"portraits":["https:\/\/arantv.az\/wp-content\/uploads\/2023\/07\/FotoJet-16.jpg",620,413,false],"thumbnail":["https:\/\/arantv.az\/wp-content\/uploads\/2023\/07\/FotoJet-16-500x280.jpg",500,280,true],"medium":["https:\/\/arantv.az\/wp-content\/uploads\/2023\/07\/FotoJet-16-548x365.jpg",548,365,true],"large":["https:\/\/arantv.az\/wp-content\/uploads\/2023\/07\/FotoJet-16.jpg",620,413,false],"1536x1536":["https:\/\/arantv.az\/wp-content\/uploads\/2023\/07\/FotoJet-16.jpg",620,413,false],"2048x2048":["https:\/\/arantv.az\/wp-content\/uploads\/2023\/07\/FotoJet-16.jpg",620,413,false],"post-thumbnail":["https:\/\/arantv.az\/wp-content\/uploads\/2023\/07\/FotoJet-16-240x172.jpg",240,172,true],"advps-thumb-one":["https:\/\/arantv.az\/wp-content\/uploads\/2023\/07\/FotoJet-16.jpg",620,413,false]},"rttpg_author":{"display_name":"V\u00fcsal Rafiqo\u011flu","author_link":"https:\/\/arantv.az\/?author=2"},"rttpg_comment":0,"rttpg_category":"<a href=\"https:\/\/arantv.az\/?cat=7\" rel=\"category\">D\u00fcnya<\/a>","rttpg_excerpt":"G\u00fcney Az\u0259rbaycanda ekoloji m\u0259s\u0259l\u0259l\u0259r \u00fczr\u0259 t\u0259dqiqat\u00e7\u0131 Ma\u015fallah R\u0259zmi bildirib ki, proqnozlara g\u00f6r\u0259, Urmiya g\u00f6l\u00fc yay\u0131n sonuna q\u0259d\u0259r tamamil\u0259 quruyacaq. Bu bar\u0259d\u0259 \u201cAzad \u0130ran\u201d \u201cTelegram\u201d kanal\u0131 m\u0259lumat yay\u0131b. Urmiya g\u00f6l\u00fcn\u00fcn haz\u0131rda kritik olan v\u0259ziyy\u0259tin\u0259 toxunan ekspert deyib ki, g\u00f6l qurumaq \u00fczr\u0259dir. Urmiya g\u00f6l\u00fcnd\u0259 t\u0259bii halda 33 milyard kubmetr suyun oldu\u011funu v\u0259 d\u00fcnyada ikinci duzlu su g\u00f6l\u00fc&hellip;","_links":{"self":[{"href":"https:\/\/arantv.az\/index.php?rest_route=\/wp\/v2\/posts\/610618"}],"collection":[{"href":"https:\/\/arantv.az\/index.php?rest_route=\/wp\/v2\/posts"}],"about":[{"href":"https:\/\/arantv.az\/index.php?rest_route=\/wp\/v2\/types\/post"}],"author":[{"embeddable":true,"href":"https:\/\/arantv.az\/index.php?rest_route=\/wp\/v2\/users\/2"}],"replies":[{"embeddable":true,"href":"https:\/\/arantv.az\/index.php?rest_route=%2Fwp%2Fv2%2Fcomments&post=610618"}],"version-history":[{"count":0,"href":"https:\/\/arantv.az\/index.php?rest_route=\/wp\/v2\/posts\/610618\/revisions"}],"wp:featuredmedia":[{"embeddable":true,"href":"https:\/\/arantv.az\/index.php?rest_route=\/wp\/v2\/media\/610619"}],"wp:attachment":[{"href":"https:\/\/arantv.az\/index.php?rest_route=%2Fwp%2Fv2%2Fmedia&parent=610618"}],"wp:term":[{"taxonomy":"category","embeddable":true,"href":"https:\/\/arantv.az\/index.php?rest_route=%2Fwp%2Fv2%2Fcategories&post=610618"},{"taxonomy":"post_tag","embeddable":true,"href":"https:\/\/arantv.az\/index.php?rest_route=%2Fwp%2Fv2%2Ftags&post=610618"}],"curies":[{"name":"wp","href":"https:\/\/api.w.org\/{rel}","templated":true}]}}