{"id":610654,"date":"2023-07-21T16:35:06","date_gmt":"2023-07-21T12:35:06","guid":{"rendered":"https:\/\/arantv.az\/?p=610654"},"modified":"2023-07-21T16:35:06","modified_gmt":"2023-07-21T12:35:06","slug":"az%c9%99rbaycan-prezidenti-susa-b%c9%99yannam%c9%99si-bizim-qarsimizda-yeni-ufuql%c9%99r-acir","status":"publish","type":"post","link":"https:\/\/arantv.az\/?p=610654","title":{"rendered":"Az\u0259rbaycan Prezidenti: \u201c\u015eu\u015fa B\u0259yannam\u0259si bizim qar\u015f\u0131m\u0131zda yeni \u00fcf\u00fcql\u0259r a\u00e7\u0131r\u201d"},"content":{"rendered":"<p>\u201c\u0130kinci Qaraba\u011f m\u00fcharib\u0259sind\u0259 Q\u0259l\u0259b\u0259d\u0259n sonra Az\u0259rbaycan v\u0259 T\u00fcrkiy\u0259 de-fakto m\u00f6vcud olan m\u00fcnasib\u0259tl\u0259ri r\u0259smil\u0259\u015fdirdi v\u0259 biz bunu m\u0259\u015fhur \u015eu\u015fa B\u0259yannam\u0259sini imzalayaraq m\u00fctt\u0259fiqlik s\u0259viyy\u0259sin\u0259 qald\u0131rd\u0131q\u201d.<\/p>\n<p><a href=\"https:\/\/azertag.az\/xeber\/Azerbaycan_Prezidenti_Susa_Beyannamesi_bizim_qarsimizda_yeni_ufuqler_achir-2702869\" target=\"_blank\" rel=\"noopener\">AZ\u018fRTAC<\/a>\u00a0x\u0259b\u0259r verir ki, bu fikri iyulun 21-d\u0259 Az\u0259rbaycan Prezidenti\u00a0<strong>\u0130lham \u018fliyev<\/strong>\u00a0\u201c4-c\u00fc S\u0259naye \u0130nqilab\u0131 d\u00f6vr\u00fcnd\u0259 Yeni Media\u201d m\u00f6vzusunda \u015eu\u015fa Qlobal Media Forumunda \u00e7\u0131x\u0131\u015f\u0131nda deyib.<\/p>\n<p>D\u00f6vl\u0259timizin ba\u015f\u00e7\u0131s\u0131 \u015eu\u015fa B\u0259yannam\u0259sinin \u0259h\u0259miyy\u0259tini vur\u011fulayaraq deyib: \u201cBu, bizim xalqlar\u0131m\u0131z v\u0259 \u00f6lk\u0259l\u0259rimiz \u00fc\u00e7\u00fcn \u00e7ox b\u00f6y\u00fck nailiyy\u0259tdir, b\u00f6y\u00fck s\u0259rv\u0259tdir. H\u0259min b\u0259yannam\u0259 bizim qar\u015f\u0131m\u0131zda yeni \u00fcf\u00fcql\u0259r a\u00e7\u0131r\u201d.<\/p>\n","protected":false},"excerpt":{"rendered":"<p>\u201c\u0130kinci Qaraba\u011f m\u00fcharib\u0259sind\u0259 Q\u0259l\u0259b\u0259d\u0259n sonra Az\u0259rbaycan v\u0259 T\u00fcrkiy\u0259 de-fakto m\u00f6vcud olan m\u00fcnasib\u0259tl\u0259ri r\u0259smil\u0259\u015fdirdi v\u0259 biz bunu m\u0259\u015fhur \u015eu\u015fa B\u0259yannam\u0259sini imzalayaraq m\u00fctt\u0259fiqlik s\u0259viyy\u0259sin\u0259 qald\u0131rd\u0131q\u201d. AZ\u018fRTAC\u00a0x\u0259b\u0259r verir ki, bu fikri iyulun 21-d\u0259 Az\u0259rbaycan Prezidenti\u00a0\u0130lham \u018fliyev\u00a0\u201c4-c\u00fc S\u0259naye \u0130nqilab\u0131 d\u00f6vr\u00fcnd\u0259 Yeni Media\u201d m\u00f6vzusunda \u015eu\u015fa Qlobal Media Forumunda \u00e7\u0131x\u0131\u015f\u0131nda deyib. D\u00f6vl\u0259timizin ba\u015f\u00e7\u0131s\u0131 \u015eu\u015fa B\u0259yannam\u0259sinin \u0259h\u0259miyy\u0259tini vur\u011fulayaraq deyib: \u201cBu, bizim xalqlar\u0131m\u0131z v\u0259 \u00f6lk\u0259l\u0259rimiz \u00fc\u00e7\u00fcn \u00e7ox b\u00f6y\u00fck nailiyy\u0259tdir, b\u00f6y\u00fck s\u0259rv\u0259tdir. H\u0259min b\u0259yannam\u0259 bizim qar\u015f\u0131m\u0131zda yeni \u00fcf\u00fcql\u0259r a\u00e7\u0131r\u201d.<\/p>\n","protected":false},"author":2,"featured_media":610655,"comment_status":"closed","ping_status":"closed","sticky":false,"template":"","format":"standard","meta":{"om_disable_all_campaigns":false,"_monsterinsights_skip_tracking":false,"_monsterinsights_sitenote_active":false,"_monsterinsights_sitenote_note":"","_monsterinsights_sitenote_category":0},"categories":[4],"tags":[],"aioseo_notices":[],"gutentor_comment":0,"rttpg_featured_image_url":{"full":["https:\/\/arantv.az\/wp-content\/uploads\/2023\/07\/16899419834546755775_1000x669.jpg",620,413,false],"landscape":["https:\/\/arantv.az\/wp-content\/uploads\/2023\/07\/16899419834546755775_1000x669.jpg",620,413,false],"portraits":["https:\/\/arantv.az\/wp-content\/uploads\/2023\/07\/16899419834546755775_1000x669.jpg",620,413,false],"thumbnail":["https:\/\/arantv.az\/wp-content\/uploads\/2023\/07\/16899419834546755775_1000x669-500x280.jpg",500,280,true],"medium":["https:\/\/arantv.az\/wp-content\/uploads\/2023\/07\/16899419834546755775_1000x669-548x365.jpg",548,365,true],"large":["https:\/\/arantv.az\/wp-content\/uploads\/2023\/07\/16899419834546755775_1000x669.jpg",620,413,false],"1536x1536":["https:\/\/arantv.az\/wp-content\/uploads\/2023\/07\/16899419834546755775_1000x669.jpg",620,413,false],"2048x2048":["https:\/\/arantv.az\/wp-content\/uploads\/2023\/07\/16899419834546755775_1000x669.jpg",620,413,false],"post-thumbnail":["https:\/\/arantv.az\/wp-content\/uploads\/2023\/07\/16899419834546755775_1000x669-240x172.jpg",240,172,true],"advps-thumb-one":["https:\/\/arantv.az\/wp-content\/uploads\/2023\/07\/16899419834546755775_1000x669.jpg",620,413,false]},"rttpg_author":{"display_name":"V\u00fcsal Rafiqo\u011flu","author_link":"https:\/\/arantv.az\/?author=2"},"rttpg_comment":0,"rttpg_category":"<a href=\"https:\/\/arantv.az\/?cat=4\" rel=\"category\">Siyas\u0259t<\/a>","rttpg_excerpt":"\u201c\u0130kinci Qaraba\u011f m\u00fcharib\u0259sind\u0259 Q\u0259l\u0259b\u0259d\u0259n sonra Az\u0259rbaycan v\u0259 T\u00fcrkiy\u0259 de-fakto m\u00f6vcud olan m\u00fcnasib\u0259tl\u0259ri r\u0259smil\u0259\u015fdirdi v\u0259 biz bunu m\u0259\u015fhur \u015eu\u015fa B\u0259yannam\u0259sini imzalayaraq m\u00fctt\u0259fiqlik s\u0259viyy\u0259sin\u0259 qald\u0131rd\u0131q\u201d. AZ\u018fRTAC\u00a0x\u0259b\u0259r verir ki, bu fikri iyulun 21-d\u0259 Az\u0259rbaycan Prezidenti\u00a0\u0130lham \u018fliyev\u00a0\u201c4-c\u00fc S\u0259naye \u0130nqilab\u0131 d\u00f6vr\u00fcnd\u0259 Yeni Media\u201d m\u00f6vzusunda \u015eu\u015fa Qlobal Media Forumunda \u00e7\u0131x\u0131\u015f\u0131nda deyib. D\u00f6vl\u0259timizin ba\u015f\u00e7\u0131s\u0131 \u015eu\u015fa B\u0259yannam\u0259sinin \u0259h\u0259miyy\u0259tini vur\u011fulayaraq deyib: \u201cBu, bizim xalqlar\u0131m\u0131z&hellip;","_links":{"self":[{"href":"https:\/\/arantv.az\/index.php?rest_route=\/wp\/v2\/posts\/610654"}],"collection":[{"href":"https:\/\/arantv.az\/index.php?rest_route=\/wp\/v2\/posts"}],"about":[{"href":"https:\/\/arantv.az\/index.php?rest_route=\/wp\/v2\/types\/post"}],"author":[{"embeddable":true,"href":"https:\/\/arantv.az\/index.php?rest_route=\/wp\/v2\/users\/2"}],"replies":[{"embeddable":true,"href":"https:\/\/arantv.az\/index.php?rest_route=%2Fwp%2Fv2%2Fcomments&post=610654"}],"version-history":[{"count":0,"href":"https:\/\/arantv.az\/index.php?rest_route=\/wp\/v2\/posts\/610654\/revisions"}],"wp:featuredmedia":[{"embeddable":true,"href":"https:\/\/arantv.az\/index.php?rest_route=\/wp\/v2\/media\/610655"}],"wp:attachment":[{"href":"https:\/\/arantv.az\/index.php?rest_route=%2Fwp%2Fv2%2Fmedia&parent=610654"}],"wp:term":[{"taxonomy":"category","embeddable":true,"href":"https:\/\/arantv.az\/index.php?rest_route=%2Fwp%2Fv2%2Fcategories&post=610654"},{"taxonomy":"post_tag","embeddable":true,"href":"https:\/\/arantv.az\/index.php?rest_route=%2Fwp%2Fv2%2Ftags&post=610654"}],"curies":[{"name":"wp","href":"https:\/\/api.w.org\/{rel}","templated":true}]}}