{"id":610658,"date":"2023-07-21T16:35:40","date_gmt":"2023-07-21T12:35:40","guid":{"rendered":"https:\/\/arantv.az\/?p=610658"},"modified":"2023-07-21T16:35:40","modified_gmt":"2023-07-21T12:35:40","slug":"ilham-%c9%99liyev-bu-gun-ordumuz-uc-il-bundan-%c9%99vv%c9%99lki-ordudan-daha-gucludur","status":"publish","type":"post","link":"https:\/\/arantv.az\/?p=610658","title":{"rendered":"\u0130lham \u018fliyev: \u201cBu g\u00fcn Ordumuz \u00fc\u00e7 il bundan \u0259vv\u0259lki ordudan daha g\u00fccl\u00fcd\u00fcr\u201d"},"content":{"rendered":"<p>\u201cBiz h\u0259r hans\u0131 bir ssenariy\u0259 haz\u0131r olmal\u0131y\u0131q. Bu m\u0259qs\u0259dl\u0259 m\u00f6ht\u0259\u015f\u0259m Z\u0259f\u0259rimizi n\u00fcmayi\u015f etdir\u0259n Qaraba\u011f m\u00fcharib\u0259si bit\u0259n kimi biz d\u0259rhal yenid\u0259n m\u00fcdafi\u0259 sah\u0259sind\u0259 d\u0259rin islahatlar h\u0259yata ke\u00e7irm\u0259y\u0259 ba\u015flam\u0131\u015f\u0131q\u201d.<\/p>\n<p><a href=\"https:\/\/azertag.az\/xeber\/Prezident_Ilham_Aliyev_Bu_gun_Ordumuz_uch_il_bundan_evvelki_ordudan_daha_gucludur-2702860\" target=\"_blank\" rel=\"noopener\">AZ\u018fRTAC<\/a>\u00a0x\u0259b\u0259r verir ki, bu bar\u0259d\u0259 Az\u0259rbaycan Prezidenti\u00a0<strong>\u0130lham \u018fliyev<\/strong>\u00a0\u201c4-c\u00fc S\u0259naye \u0130nqilab\u0131 d\u00f6vr\u00fcnd\u0259 Yeni Media\u201d m\u00f6vzusunda \u015eu\u015fa Qlobal Media Forumunda \u00e7\u0131x\u0131\u015f\u0131nda bildirib.<\/p>\n<p>Bu g\u00fcn Ordumuzun \u00fc\u00e7 il bundan \u0259vv\u0259lki ordudan daha g\u00fccl\u00fc oldu\u011funu diqq\u0259t\u0259 \u00e7atd\u0131ran d\u00f6vl\u0259timizin ba\u015f\u00e7\u0131s\u0131 deyib: \u201c\u018flb\u0259tt\u0259 ki, buna ehtiyac var, o da bizim tariximizd\u0259n qaynaqlan\u0131r. Biz g\u00f6r\u00fcr\u00fck ki, bu g\u00fcn beyn\u0259lxalq h\u00fcququn normalar\u0131 kobud \u015f\u0259kild\u0259 pozulur. Biz g\u00f6r\u00fcr\u00fck ki, beyn\u0259lxalq h\u00fcquq selektiv t\u0259tbiq edilir, biz uzun ill\u0259r bu yana\u015fmaya m\u0259ruz qalm\u0131\u015f\u0131q\u201d.<\/p>\n<p>BMT T\u0259hl\u00fck\u0259sizlik \u015euras\u0131n\u0131n Erm\u0259nistan qo\u015funlar\u0131n\u0131n Az\u0259rbaycan \u0259razil\u0259rind\u0259n d\u0259rhal v\u0259 qeyd-\u015f\u0259rtsiz \u00e7\u0131xar\u0131lmal\u0131 oldu\u011fu il\u0259 ba\u011fl\u0131 d\u00f6rd q\u0259tnam\u0259 q\u0259bul etdiyini xat\u0131rladan Prezident qeyd edib: \u201cAncaq o q\u0259tnam\u0259l\u0259r\u0259 riay\u0259t edilm\u0259di v\u0259 bu g\u00fcn h\u0259min o tendensiya davam edir. Beyn\u0259lxalq h\u00fcquq i\u015fl\u0259m\u0259y\u0259nd\u0259, imza o q\u0259d\u0259r d\u0259 \u0259h\u0259miyy\u0259t\u0259 malik olmayanda, s\u00fclh\u00fcn qarantiyas\u0131 yaln\u0131z g\u00fccd\u00fcr\u201d.<\/p>\n","protected":false},"excerpt":{"rendered":"<p>\u201cBiz h\u0259r hans\u0131 bir ssenariy\u0259 haz\u0131r olmal\u0131y\u0131q. Bu m\u0259qs\u0259dl\u0259 m\u00f6ht\u0259\u015f\u0259m Z\u0259f\u0259rimizi n\u00fcmayi\u015f etdir\u0259n Qaraba\u011f m\u00fcharib\u0259si bit\u0259n kimi biz d\u0259rhal yenid\u0259n m\u00fcdafi\u0259 sah\u0259sind\u0259 d\u0259rin islahatlar h\u0259yata ke\u00e7irm\u0259y\u0259 ba\u015flam\u0131\u015f\u0131q\u201d. AZ\u018fRTAC\u00a0x\u0259b\u0259r verir ki, bu bar\u0259d\u0259 Az\u0259rbaycan Prezidenti\u00a0\u0130lham \u018fliyev\u00a0\u201c4-c\u00fc S\u0259naye \u0130nqilab\u0131 d\u00f6vr\u00fcnd\u0259 Yeni Media\u201d m\u00f6vzusunda \u015eu\u015fa Qlobal Media Forumunda \u00e7\u0131x\u0131\u015f\u0131nda bildirib. Bu g\u00fcn Ordumuzun \u00fc\u00e7 il bundan \u0259vv\u0259lki ordudan daha g\u00fccl\u00fc oldu\u011funu diqq\u0259t\u0259 \u00e7atd\u0131ran d\u00f6vl\u0259timizin ba\u015f\u00e7\u0131s\u0131 deyib: \u201c\u018flb\u0259tt\u0259 ki, buna ehtiyac var, o da bizim tariximizd\u0259n qaynaqlan\u0131r. Biz g\u00f6r\u00fcr\u00fck ki, bu g\u00fcn beyn\u0259lxalq h\u00fcququn normalar\u0131 kobud \u015f\u0259kild\u0259 pozulur. Biz g\u00f6r\u00fcr\u00fck ki, beyn\u0259lxalq h\u00fcquq selektiv&hellip;<\/p>\n","protected":false},"author":2,"featured_media":610659,"comment_status":"closed","ping_status":"closed","sticky":false,"template":"","format":"standard","meta":{"om_disable_all_campaigns":false,"_monsterinsights_skip_tracking":false,"_monsterinsights_sitenote_active":false,"_monsterinsights_sitenote_note":"","_monsterinsights_sitenote_category":0},"categories":[4],"tags":[],"aioseo_notices":[],"gutentor_comment":0,"rttpg_featured_image_url":{"full":["https:\/\/arantv.az\/wp-content\/uploads\/2023\/07\/16899419835626431888_1000x669.jpg",620,413,false],"landscape":["https:\/\/arantv.az\/wp-content\/uploads\/2023\/07\/16899419835626431888_1000x669.jpg",620,413,false],"portraits":["https:\/\/arantv.az\/wp-content\/uploads\/2023\/07\/16899419835626431888_1000x669.jpg",620,413,false],"thumbnail":["https:\/\/arantv.az\/wp-content\/uploads\/2023\/07\/16899419835626431888_1000x669-500x280.jpg",500,280,true],"medium":["https:\/\/arantv.az\/wp-content\/uploads\/2023\/07\/16899419835626431888_1000x669-548x365.jpg",548,365,true],"large":["https:\/\/arantv.az\/wp-content\/uploads\/2023\/07\/16899419835626431888_1000x669.jpg",620,413,false],"1536x1536":["https:\/\/arantv.az\/wp-content\/uploads\/2023\/07\/16899419835626431888_1000x669.jpg",620,413,false],"2048x2048":["https:\/\/arantv.az\/wp-content\/uploads\/2023\/07\/16899419835626431888_1000x669.jpg",620,413,false],"post-thumbnail":["https:\/\/arantv.az\/wp-content\/uploads\/2023\/07\/16899419835626431888_1000x669-240x172.jpg",240,172,true],"advps-thumb-one":["https:\/\/arantv.az\/wp-content\/uploads\/2023\/07\/16899419835626431888_1000x669.jpg",620,413,false]},"rttpg_author":{"display_name":"V\u00fcsal Rafiqo\u011flu","author_link":"https:\/\/arantv.az\/?author=2"},"rttpg_comment":0,"rttpg_category":"<a href=\"https:\/\/arantv.az\/?cat=4\" rel=\"category\">Siyas\u0259t<\/a>","rttpg_excerpt":"\u201cBiz h\u0259r hans\u0131 bir ssenariy\u0259 haz\u0131r olmal\u0131y\u0131q. Bu m\u0259qs\u0259dl\u0259 m\u00f6ht\u0259\u015f\u0259m Z\u0259f\u0259rimizi n\u00fcmayi\u015f etdir\u0259n Qaraba\u011f m\u00fcharib\u0259si bit\u0259n kimi biz d\u0259rhal yenid\u0259n m\u00fcdafi\u0259 sah\u0259sind\u0259 d\u0259rin islahatlar h\u0259yata ke\u00e7irm\u0259y\u0259 ba\u015flam\u0131\u015f\u0131q\u201d. AZ\u018fRTAC\u00a0x\u0259b\u0259r verir ki, bu bar\u0259d\u0259 Az\u0259rbaycan Prezidenti\u00a0\u0130lham \u018fliyev\u00a0\u201c4-c\u00fc S\u0259naye \u0130nqilab\u0131 d\u00f6vr\u00fcnd\u0259 Yeni Media\u201d m\u00f6vzusunda \u015eu\u015fa Qlobal Media Forumunda \u00e7\u0131x\u0131\u015f\u0131nda bildirib. Bu g\u00fcn Ordumuzun \u00fc\u00e7 il bundan \u0259vv\u0259lki ordudan&hellip;","_links":{"self":[{"href":"https:\/\/arantv.az\/index.php?rest_route=\/wp\/v2\/posts\/610658"}],"collection":[{"href":"https:\/\/arantv.az\/index.php?rest_route=\/wp\/v2\/posts"}],"about":[{"href":"https:\/\/arantv.az\/index.php?rest_route=\/wp\/v2\/types\/post"}],"author":[{"embeddable":true,"href":"https:\/\/arantv.az\/index.php?rest_route=\/wp\/v2\/users\/2"}],"replies":[{"embeddable":true,"href":"https:\/\/arantv.az\/index.php?rest_route=%2Fwp%2Fv2%2Fcomments&post=610658"}],"version-history":[{"count":0,"href":"https:\/\/arantv.az\/index.php?rest_route=\/wp\/v2\/posts\/610658\/revisions"}],"wp:featuredmedia":[{"embeddable":true,"href":"https:\/\/arantv.az\/index.php?rest_route=\/wp\/v2\/media\/610659"}],"wp:attachment":[{"href":"https:\/\/arantv.az\/index.php?rest_route=%2Fwp%2Fv2%2Fmedia&parent=610658"}],"wp:term":[{"taxonomy":"category","embeddable":true,"href":"https:\/\/arantv.az\/index.php?rest_route=%2Fwp%2Fv2%2Fcategories&post=610658"},{"taxonomy":"post_tag","embeddable":true,"href":"https:\/\/arantv.az\/index.php?rest_route=%2Fwp%2Fv2%2Ftags&post=610658"}],"curies":[{"name":"wp","href":"https:\/\/api.w.org\/{rel}","templated":true}]}}