{"id":610668,"date":"2023-07-21T16:37:31","date_gmt":"2023-07-21T12:37:31","guid":{"rendered":"https:\/\/arantv.az\/?p=610668"},"modified":"2023-07-21T16:37:31","modified_gmt":"2023-07-21T12:37:31","slug":"prezident-erm%c9%99nistanda-mu%c9%99yy%c9%99n-insanlar-var-ki-h%c9%99l%c9%99-d%c9%99-revansist-ideyalarla-yasayirlar","status":"publish","type":"post","link":"https:\/\/arantv.az\/?p=610668","title":{"rendered":"Prezident: \u201cErm\u0259nistanda m\u00fc\u0259yy\u0259n insanlar var ki, h\u0259l\u0259 d\u0259 revan\u015fist ideyalarla ya\u015fay\u0131rlar\u201d"},"content":{"rendered":"<p>\u201cBiz\u0259 ke\u00e7mi\u015fd\u0259 olan t\u0259hl\u00fck\u0259 30 il \u0259rzind\u0259 Erm\u0259nistan v\u0259 onun i\u015f\u011fal\u00e7\u0131l\u0131q siyas\u0259tind\u0259n qaynaqlan\u0131rd\u0131. Art\u0131q biz \u00fcmumilikd\u0259 bu t\u0259hl\u00fck\u0259nin \u00f6hd\u0259sind\u0259n g\u0259lmi\u015fik. Ancaq, \u0259lb\u0259tt\u0259, biz ay\u0131q olmal\u0131y\u0131q, ke\u00e7mi\u015fimizi unutmamal\u0131y\u0131q\u201d.<\/p>\n<p><a href=\"https:\/\/azertag.az\/xeber\/Prezident_Ermenistanda_mueyyen_insanlar_var_ki_hele_de_revansist_ideyalarla_yasayir-2702824\" target=\"_blank\" rel=\"noopener\">AZ\u018fRTAC<\/a>\u00a0x\u0259b\u0259r verir ki, bu s\u00f6zl\u0259ri Az\u0259rbaycan Prezidenti\u00a0<strong>\u0130lham \u018fliyev<\/strong>\u00a0\u201c4-c\u00fc S\u0259naye \u0130nqilab\u0131 d\u00f6vr\u00fcnd\u0259 Yeni Media\u201d m\u00f6vzusunda \u015eu\u015fa Qlobal Media Forumunda \u00e7\u0131x\u0131\u015f\u0131nda s\u00f6yl\u0259yib.<\/p>\n<p>O zaman Erm\u0259nistan\u0131n Az\u0259rbaycanda olan xaosdan istifad\u0259 ed\u0259r\u0259k \u0259razil\u0259rimizi i\u015f\u011fal etdiyini bildir\u0259n d\u00f6vl\u0259timizin ba\u015f\u00e7\u0131s\u0131 vur\u011fulay\u0131b:<\/p>\n<p>\u201cBiz unutmamal\u0131y\u0131q ki, h\u0259tta \u0130kinci Qaraba\u011f m\u00fcharib\u0259sinin n\u0259tic\u0259l\u0259rin\u0259 baxmayaraq, bu g\u00fcn Erm\u0259nistan\u0131n, c\u0259miyy\u0259tin v\u0259 h\u0259tta h\u00f6kum\u0259tin t\u0259rkibind\u0259 m\u00fc\u0259yy\u0259n insanlar var ki, h\u0259l\u0259 d\u0259 revan\u015fist ideyalarla ya\u015fay\u0131rlar\u201d.<\/p>\n","protected":false},"excerpt":{"rendered":"<p>\u201cBiz\u0259 ke\u00e7mi\u015fd\u0259 olan t\u0259hl\u00fck\u0259 30 il \u0259rzind\u0259 Erm\u0259nistan v\u0259 onun i\u015f\u011fal\u00e7\u0131l\u0131q siyas\u0259tind\u0259n qaynaqlan\u0131rd\u0131. Art\u0131q biz \u00fcmumilikd\u0259 bu t\u0259hl\u00fck\u0259nin \u00f6hd\u0259sind\u0259n g\u0259lmi\u015fik. Ancaq, \u0259lb\u0259tt\u0259, biz ay\u0131q olmal\u0131y\u0131q, ke\u00e7mi\u015fimizi unutmamal\u0131y\u0131q\u201d. AZ\u018fRTAC\u00a0x\u0259b\u0259r verir ki, bu s\u00f6zl\u0259ri Az\u0259rbaycan Prezidenti\u00a0\u0130lham \u018fliyev\u00a0\u201c4-c\u00fc S\u0259naye \u0130nqilab\u0131 d\u00f6vr\u00fcnd\u0259 Yeni Media\u201d m\u00f6vzusunda \u015eu\u015fa Qlobal Media Forumunda \u00e7\u0131x\u0131\u015f\u0131nda s\u00f6yl\u0259yib. O zaman Erm\u0259nistan\u0131n Az\u0259rbaycanda olan xaosdan istifad\u0259 ed\u0259r\u0259k \u0259razil\u0259rimizi i\u015f\u011fal etdiyini bildir\u0259n d\u00f6vl\u0259timizin ba\u015f\u00e7\u0131s\u0131 vur\u011fulay\u0131b: \u201cBiz unutmamal\u0131y\u0131q ki, h\u0259tta \u0130kinci Qaraba\u011f m\u00fcharib\u0259sinin n\u0259tic\u0259l\u0259rin\u0259 baxmayaraq, bu g\u00fcn Erm\u0259nistan\u0131n, c\u0259miyy\u0259tin v\u0259 h\u0259tta h\u00f6kum\u0259tin t\u0259rkibind\u0259 m\u00fc\u0259yy\u0259n insanlar var ki, h\u0259l\u0259 d\u0259 revan\u015fist ideyalarla ya\u015fay\u0131rlar\u201d.<\/p>\n","protected":false},"author":2,"featured_media":610669,"comment_status":"closed","ping_status":"closed","sticky":false,"template":"","format":"standard","meta":{"om_disable_all_campaigns":false,"_monsterinsights_skip_tracking":false,"_monsterinsights_sitenote_active":false,"_monsterinsights_sitenote_note":"","_monsterinsights_sitenote_category":0},"categories":[4],"tags":[],"aioseo_notices":[],"gutentor_comment":0,"rttpg_featured_image_url":{"full":["https:\/\/arantv.az\/wp-content\/uploads\/2023\/07\/018.jpg",620,413,false],"landscape":["https:\/\/arantv.az\/wp-content\/uploads\/2023\/07\/018.jpg",620,413,false],"portraits":["https:\/\/arantv.az\/wp-content\/uploads\/2023\/07\/018.jpg",620,413,false],"thumbnail":["https:\/\/arantv.az\/wp-content\/uploads\/2023\/07\/018-500x280.jpg",500,280,true],"medium":["https:\/\/arantv.az\/wp-content\/uploads\/2023\/07\/018-548x365.jpg",548,365,true],"large":["https:\/\/arantv.az\/wp-content\/uploads\/2023\/07\/018.jpg",620,413,false],"1536x1536":["https:\/\/arantv.az\/wp-content\/uploads\/2023\/07\/018.jpg",620,413,false],"2048x2048":["https:\/\/arantv.az\/wp-content\/uploads\/2023\/07\/018.jpg",620,413,false],"post-thumbnail":["https:\/\/arantv.az\/wp-content\/uploads\/2023\/07\/018-240x172.jpg",240,172,true],"advps-thumb-one":["https:\/\/arantv.az\/wp-content\/uploads\/2023\/07\/018.jpg",620,413,false]},"rttpg_author":{"display_name":"V\u00fcsal Rafiqo\u011flu","author_link":"https:\/\/arantv.az\/?author=2"},"rttpg_comment":0,"rttpg_category":"<a href=\"https:\/\/arantv.az\/?cat=4\" rel=\"category\">Siyas\u0259t<\/a>","rttpg_excerpt":"\u201cBiz\u0259 ke\u00e7mi\u015fd\u0259 olan t\u0259hl\u00fck\u0259 30 il \u0259rzind\u0259 Erm\u0259nistan v\u0259 onun i\u015f\u011fal\u00e7\u0131l\u0131q siyas\u0259tind\u0259n qaynaqlan\u0131rd\u0131. Art\u0131q biz \u00fcmumilikd\u0259 bu t\u0259hl\u00fck\u0259nin \u00f6hd\u0259sind\u0259n g\u0259lmi\u015fik. Ancaq, \u0259lb\u0259tt\u0259, biz ay\u0131q olmal\u0131y\u0131q, ke\u00e7mi\u015fimizi unutmamal\u0131y\u0131q\u201d. AZ\u018fRTAC\u00a0x\u0259b\u0259r verir ki, bu s\u00f6zl\u0259ri Az\u0259rbaycan Prezidenti\u00a0\u0130lham \u018fliyev\u00a0\u201c4-c\u00fc S\u0259naye \u0130nqilab\u0131 d\u00f6vr\u00fcnd\u0259 Yeni Media\u201d m\u00f6vzusunda \u015eu\u015fa Qlobal Media Forumunda \u00e7\u0131x\u0131\u015f\u0131nda s\u00f6yl\u0259yib. O zaman Erm\u0259nistan\u0131n Az\u0259rbaycanda olan xaosdan istifad\u0259 ed\u0259r\u0259k&hellip;","_links":{"self":[{"href":"https:\/\/arantv.az\/index.php?rest_route=\/wp\/v2\/posts\/610668"}],"collection":[{"href":"https:\/\/arantv.az\/index.php?rest_route=\/wp\/v2\/posts"}],"about":[{"href":"https:\/\/arantv.az\/index.php?rest_route=\/wp\/v2\/types\/post"}],"author":[{"embeddable":true,"href":"https:\/\/arantv.az\/index.php?rest_route=\/wp\/v2\/users\/2"}],"replies":[{"embeddable":true,"href":"https:\/\/arantv.az\/index.php?rest_route=%2Fwp%2Fv2%2Fcomments&post=610668"}],"version-history":[{"count":0,"href":"https:\/\/arantv.az\/index.php?rest_route=\/wp\/v2\/posts\/610668\/revisions"}],"wp:featuredmedia":[{"embeddable":true,"href":"https:\/\/arantv.az\/index.php?rest_route=\/wp\/v2\/media\/610669"}],"wp:attachment":[{"href":"https:\/\/arantv.az\/index.php?rest_route=%2Fwp%2Fv2%2Fmedia&parent=610668"}],"wp:term":[{"taxonomy":"category","embeddable":true,"href":"https:\/\/arantv.az\/index.php?rest_route=%2Fwp%2Fv2%2Fcategories&post=610668"},{"taxonomy":"post_tag","embeddable":true,"href":"https:\/\/arantv.az\/index.php?rest_route=%2Fwp%2Fv2%2Ftags&post=610668"}],"curies":[{"name":"wp","href":"https:\/\/api.w.org\/{rel}","templated":true}]}}