{"id":610675,"date":"2023-07-21T16:38:42","date_gmt":"2023-07-21T12:38:42","guid":{"rendered":"https:\/\/arantv.az\/?p=610675"},"modified":"2023-07-21T16:38:42","modified_gmt":"2023-07-21T12:38:42","slug":"ikinci-qarabag-muharib%c9%99sinin-ilk-saatlarindan-turkiy%c9%99-r%c9%99hb%c9%99rliyi-v%c9%99-xalqi-biziml%c9%99-ciyin-ciyin%c9%99-dayanmisdi","status":"publish","type":"post","link":"https:\/\/arantv.az\/?p=610675","title":{"rendered":"\u201c\u0130kinci Qaraba\u011f m\u00fcharib\u0259sinin ilk saatlar\u0131ndan T\u00fcrkiy\u0259 r\u0259hb\u0259rliyi v\u0259 xalq\u0131 biziml\u0259 \u00e7iyin-\u00e7iyin\u0259 dayanm\u0131\u015fd\u0131\u201d"},"content":{"rendered":"<p>\u201c\u0130kinci Qaraba\u011f m\u00fcharib\u0259sinin ilk saatlar\u0131ndan T\u00fcrkiy\u0259 r\u0259hb\u0259rliyi il\u0259 xalq\u0131 biziml\u0259 \u00e7iyin-\u00e7iyin\u0259 dayanm\u0131\u015fd\u0131. Prezident \u018frdo\u011fan\u0131n Qaraba\u011f m\u00fcharib\u0259sinin ilk saatlar\u0131nda verdiyi b\u0259yanat ki, Az\u0259rbaycan yaln\u0131z deyil, &#8211; bu, bizim \u00fc\u00e7\u00fcn \u00e7ox b\u00f6y\u00fck d\u0259st\u0259k idi\u201d.<\/p>\n<p><a href=\"https:\/\/azertag.az\/xeber\/Prezident_Ikinci_Qarabag_muharibesinin_ilk_saatlarindan_Turkiye_rehberliyi_ve_xalqi_bizimle_chiyin_chiyine_dayanmisdi-2702812\" target=\"_blank\" rel=\"noopener\">AZ\u018fRTAC<\/a>\u00a0x\u0259b\u0259r verir ki, bu fikri iyulun 21-d\u0259 Az\u0259rbaycan Prezidenti\u00a0<strong>\u0130lham \u018fliyev<\/strong>\u00a0\u201c4-c\u00fc S\u0259naye \u0130nqilab\u0131 d\u00f6vr\u00fcnd\u0259 Yeni Media\u201d m\u00f6vzusunda \u015eu\u015fa Qlobal Media Forumunda \u00e7\u0131x\u0131\u015f\u0131nda deyib.<\/p>\n<p>\u201cBiz b\u00fct\u00fcn 44 g\u00fcn \u0259rzind\u0259 h\u0259min o m\u0259n\u0259vi d\u0259st\u0259yi qarda\u015flar\u0131m\u0131zdan hiss etdik. Prezident \u018frdo\u011fan bir ne\u00e7\u0259 d\u0259f\u0259 ictimai \u015f\u0259kild\u0259 T\u00fcrkiy\u0259nin m\u00f6vqeyini b\u0259yan etdi v\u0259 dig\u0259r d\u00f6vl\u0259t r\u0259smil\u0259ri d\u0259 bu m\u0259s\u0259l\u0259 il\u0259 ba\u011fl\u0131 fikirl\u0259rini bildirdil\u0259r. Bu, bizim \u00fc\u00e7\u00fcn \u00e7ox b\u00f6y\u00fck m\u0259n\u0259vi v\u0259 siyasi d\u0259st\u0259k idi\u201d, &#8211; dey\u0259 Az\u0259rbaycan Prezidenti qeyd edib.<\/p>\n","protected":false},"excerpt":{"rendered":"<p>\u201c\u0130kinci Qaraba\u011f m\u00fcharib\u0259sinin ilk saatlar\u0131ndan T\u00fcrkiy\u0259 r\u0259hb\u0259rliyi il\u0259 xalq\u0131 biziml\u0259 \u00e7iyin-\u00e7iyin\u0259 dayanm\u0131\u015fd\u0131. Prezident \u018frdo\u011fan\u0131n Qaraba\u011f m\u00fcharib\u0259sinin ilk saatlar\u0131nda verdiyi b\u0259yanat ki, Az\u0259rbaycan yaln\u0131z deyil, &#8211; bu, bizim \u00fc\u00e7\u00fcn \u00e7ox b\u00f6y\u00fck d\u0259st\u0259k idi\u201d. AZ\u018fRTAC\u00a0x\u0259b\u0259r verir ki, bu fikri iyulun 21-d\u0259 Az\u0259rbaycan Prezidenti\u00a0\u0130lham \u018fliyev\u00a0\u201c4-c\u00fc S\u0259naye \u0130nqilab\u0131 d\u00f6vr\u00fcnd\u0259 Yeni Media\u201d m\u00f6vzusunda \u015eu\u015fa Qlobal Media Forumunda \u00e7\u0131x\u0131\u015f\u0131nda deyib. \u201cBiz b\u00fct\u00fcn 44 g\u00fcn \u0259rzind\u0259 h\u0259min o m\u0259n\u0259vi d\u0259st\u0259yi qarda\u015flar\u0131m\u0131zdan hiss etdik. Prezident \u018frdo\u011fan bir ne\u00e7\u0259 d\u0259f\u0259 ictimai \u015f\u0259kild\u0259 T\u00fcrkiy\u0259nin m\u00f6vqeyini b\u0259yan etdi v\u0259 dig\u0259r d\u00f6vl\u0259t r\u0259smil\u0259ri d\u0259 bu m\u0259s\u0259l\u0259 il\u0259 ba\u011fl\u0131 fikirl\u0259rini bildirdil\u0259r. Bu, bizim&hellip;<\/p>\n","protected":false},"author":2,"featured_media":610676,"comment_status":"closed","ping_status":"closed","sticky":false,"template":"","format":"standard","meta":{"om_disable_all_campaigns":false,"_monsterinsights_skip_tracking":false,"_monsterinsights_sitenote_active":false,"_monsterinsights_sitenote_note":"","_monsterinsights_sitenote_category":0},"categories":[4],"tags":[],"aioseo_notices":[],"gutentor_comment":0,"rttpg_featured_image_url":{"full":["https:\/\/arantv.az\/wp-content\/uploads\/2023\/07\/15220556981207920971.jpg",620,413,false],"landscape":["https:\/\/arantv.az\/wp-content\/uploads\/2023\/07\/15220556981207920971.jpg",620,413,false],"portraits":["https:\/\/arantv.az\/wp-content\/uploads\/2023\/07\/15220556981207920971.jpg",620,413,false],"thumbnail":["https:\/\/arantv.az\/wp-content\/uploads\/2023\/07\/15220556981207920971-500x280.jpg",500,280,true],"medium":["https:\/\/arantv.az\/wp-content\/uploads\/2023\/07\/15220556981207920971-548x365.jpg",548,365,true],"large":["https:\/\/arantv.az\/wp-content\/uploads\/2023\/07\/15220556981207920971.jpg",620,413,false],"1536x1536":["https:\/\/arantv.az\/wp-content\/uploads\/2023\/07\/15220556981207920971.jpg",620,413,false],"2048x2048":["https:\/\/arantv.az\/wp-content\/uploads\/2023\/07\/15220556981207920971.jpg",620,413,false],"post-thumbnail":["https:\/\/arantv.az\/wp-content\/uploads\/2023\/07\/15220556981207920971-240x172.jpg",240,172,true],"advps-thumb-one":["https:\/\/arantv.az\/wp-content\/uploads\/2023\/07\/15220556981207920971.jpg",620,413,false]},"rttpg_author":{"display_name":"V\u00fcsal Rafiqo\u011flu","author_link":"https:\/\/arantv.az\/?author=2"},"rttpg_comment":0,"rttpg_category":"<a href=\"https:\/\/arantv.az\/?cat=4\" rel=\"category\">Siyas\u0259t<\/a>","rttpg_excerpt":"\u201c\u0130kinci Qaraba\u011f m\u00fcharib\u0259sinin ilk saatlar\u0131ndan T\u00fcrkiy\u0259 r\u0259hb\u0259rliyi il\u0259 xalq\u0131 biziml\u0259 \u00e7iyin-\u00e7iyin\u0259 dayanm\u0131\u015fd\u0131. Prezident \u018frdo\u011fan\u0131n Qaraba\u011f m\u00fcharib\u0259sinin ilk saatlar\u0131nda verdiyi b\u0259yanat ki, Az\u0259rbaycan yaln\u0131z deyil, &#8211; bu, bizim \u00fc\u00e7\u00fcn \u00e7ox b\u00f6y\u00fck d\u0259st\u0259k idi\u201d. AZ\u018fRTAC\u00a0x\u0259b\u0259r verir ki, bu fikri iyulun 21-d\u0259 Az\u0259rbaycan Prezidenti\u00a0\u0130lham \u018fliyev\u00a0\u201c4-c\u00fc S\u0259naye \u0130nqilab\u0131 d\u00f6vr\u00fcnd\u0259 Yeni Media\u201d m\u00f6vzusunda \u015eu\u015fa Qlobal Media Forumunda \u00e7\u0131x\u0131\u015f\u0131nda deyib. \u201cBiz&hellip;","_links":{"self":[{"href":"https:\/\/arantv.az\/index.php?rest_route=\/wp\/v2\/posts\/610675"}],"collection":[{"href":"https:\/\/arantv.az\/index.php?rest_route=\/wp\/v2\/posts"}],"about":[{"href":"https:\/\/arantv.az\/index.php?rest_route=\/wp\/v2\/types\/post"}],"author":[{"embeddable":true,"href":"https:\/\/arantv.az\/index.php?rest_route=\/wp\/v2\/users\/2"}],"replies":[{"embeddable":true,"href":"https:\/\/arantv.az\/index.php?rest_route=%2Fwp%2Fv2%2Fcomments&post=610675"}],"version-history":[{"count":0,"href":"https:\/\/arantv.az\/index.php?rest_route=\/wp\/v2\/posts\/610675\/revisions"}],"wp:featuredmedia":[{"embeddable":true,"href":"https:\/\/arantv.az\/index.php?rest_route=\/wp\/v2\/media\/610676"}],"wp:attachment":[{"href":"https:\/\/arantv.az\/index.php?rest_route=%2Fwp%2Fv2%2Fmedia&parent=610675"}],"wp:term":[{"taxonomy":"category","embeddable":true,"href":"https:\/\/arantv.az\/index.php?rest_route=%2Fwp%2Fv2%2Fcategories&post=610675"},{"taxonomy":"post_tag","embeddable":true,"href":"https:\/\/arantv.az\/index.php?rest_route=%2Fwp%2Fv2%2Ftags&post=610675"}],"curies":[{"name":"wp","href":"https:\/\/api.w.org\/{rel}","templated":true}]}}