{"id":610684,"date":"2023-07-21T16:49:31","date_gmt":"2023-07-21T12:49:31","guid":{"rendered":"https:\/\/arantv.az\/?p=610684"},"modified":"2023-07-21T16:49:31","modified_gmt":"2023-07-21T12:49:31","slug":"turkiy%c9%99d%c9%99-pkk-nin-maliyy%c9%99-s%c9%99b%c9%99k%c9%99sin%c9%99-boyuk-z%c9%99rb%c9%99","status":"publish","type":"post","link":"https:\/\/arantv.az\/?p=610684","title":{"rendered":"T\u00fcrkiy\u0259d\u0259 PKK-n\u0131n maliyy\u0259 \u015f\u0259b\u0259k\u0259sin\u0259 b\u00f6y\u00fck z\u0259rb\u0259"},"content":{"rendered":"<p>T\u00fcrkiy\u0259nin Konya \u015f\u0259h\u0259rind\u0259 PKK silahl\u0131 terror t\u0259\u015fkilat\u0131n\u0131n xarici d\u0259rn\u0259kl\u0259rd\u0259n \u0259ld\u0259 etdiyi pullar\u0131n b\u00f6l\u00fc\u015fd\u00fcr\u00fclm\u0259sind\u0259\u00a0m\u0259sul olan G.K. v\u0259 D.\u0130. \u0259l\u0259 ke\u00e7ib.<\/p>\n<p>Bu bar\u0259d\u0259 \u00f6lk\u0259nin Daxili \u0130\u015fl\u0259r Nazirliyind\u0259n bildirilib.<\/p>\n<p>M\u0259lumata g\u00f6r\u0259, n\u0259zar\u0259t\u0259 al\u0131nan \u015f\u00fcbh\u0259li G.K.-n\u0131n PKK lideri Abdullah \u00d6calanla birlikd\u0259 terror t\u0259\u015fkilat\u0131n\u0131n qurucular\u0131ndan olan \u018fli Heyd\u0259r Kaytan v\u0259 t\u0259\u015fkilat\u0131n daha bir m\u0259sulu Hayati D\u0259niz Kaytan\u0131n bac\u0131s\u0131 oldu\u011fu m\u00fc\u0259yy\u0259n edilib.<\/p>\n<p>\u201cG.K.-n\u0131n terror t\u0259\u015fkilat\u0131n\u0131n qondarma Xarici \u018flaq\u0259l\u0259ndirm\u0259 m\u0259muru olaraq \u00f6lk\u0259mizin h\u0259bsxanalar\u0131nda m\u0259hkum olan t\u0259\u015fkilat \u00fczvl\u0259ri v\u0259 onlar\u0131n ail\u0259l\u0259ri il\u0259 \u0259laq\u0259 saxlad\u0131\u011f\u0131, t\u0259\u015fkilatdan ald\u0131\u011f\u0131 t\u0259limatlar\u0131 t\u0259\u015fkilat \u00fczvl\u0259rin\u0259 \u00e7atd\u0131ran \u015f\u0259xsl\u0259rd\u0259n biri oldu\u011fu m\u00fc\u0259yy\u0259n edilib. Terrorla m\u00fcbariz\u0259miz xalq\u0131m\u0131z\u0131n \u0259min-amanl\u0131\u011f\u0131 v\u0259 t\u0259hl\u00fck\u0259sizliyi namin\u0259 s\u0259m\u0259r\u0259li \u015f\u0259kild\u0259 davam edir\u201d, &#8211; dey\u0259 qurumdan bildirilib.<\/p>\n<p>M\u0259nb\u0259: Haber Global<\/p>\n","protected":false},"excerpt":{"rendered":"<p>T\u00fcrkiy\u0259nin Konya \u015f\u0259h\u0259rind\u0259 PKK silahl\u0131 terror t\u0259\u015fkilat\u0131n\u0131n xarici d\u0259rn\u0259kl\u0259rd\u0259n \u0259ld\u0259 etdiyi pullar\u0131n b\u00f6l\u00fc\u015fd\u00fcr\u00fclm\u0259sind\u0259\u00a0m\u0259sul olan G.K. v\u0259 D.\u0130. \u0259l\u0259 ke\u00e7ib. Bu bar\u0259d\u0259 \u00f6lk\u0259nin Daxili \u0130\u015fl\u0259r Nazirliyind\u0259n bildirilib. M\u0259lumata g\u00f6r\u0259, n\u0259zar\u0259t\u0259 al\u0131nan \u015f\u00fcbh\u0259li G.K.-n\u0131n PKK lideri Abdullah \u00d6calanla birlikd\u0259 terror t\u0259\u015fkilat\u0131n\u0131n qurucular\u0131ndan olan \u018fli Heyd\u0259r Kaytan v\u0259 t\u0259\u015fkilat\u0131n daha bir m\u0259sulu Hayati D\u0259niz Kaytan\u0131n bac\u0131s\u0131 oldu\u011fu m\u00fc\u0259yy\u0259n edilib. \u201cG.K.-n\u0131n terror t\u0259\u015fkilat\u0131n\u0131n qondarma Xarici \u018flaq\u0259l\u0259ndirm\u0259 m\u0259muru olaraq \u00f6lk\u0259mizin h\u0259bsxanalar\u0131nda m\u0259hkum olan t\u0259\u015fkilat \u00fczvl\u0259ri v\u0259 onlar\u0131n ail\u0259l\u0259ri il\u0259 \u0259laq\u0259 saxlad\u0131\u011f\u0131, t\u0259\u015fkilatdan ald\u0131\u011f\u0131 t\u0259limatlar\u0131 t\u0259\u015fkilat \u00fczvl\u0259rin\u0259 \u00e7atd\u0131ran \u015f\u0259xsl\u0259rd\u0259n biri oldu\u011fu m\u00fc\u0259yy\u0259n edilib. Terrorla m\u00fcbariz\u0259miz xalq\u0131m\u0131z\u0131n&hellip;<\/p>\n","protected":false},"author":2,"featured_media":610685,"comment_status":"closed","ping_status":"closed","sticky":false,"template":"","format":"standard","meta":{"om_disable_all_campaigns":false,"_monsterinsights_skip_tracking":false,"_monsterinsights_sitenote_active":false,"_monsterinsights_sitenote_note":"","_monsterinsights_sitenote_category":0},"categories":[7],"tags":[],"aioseo_notices":[],"gutentor_comment":0,"rttpg_featured_image_url":{"full":["https:\/\/arantv.az\/wp-content\/uploads\/2023\/07\/page-2.jpg",620,413,false],"landscape":["https:\/\/arantv.az\/wp-content\/uploads\/2023\/07\/page-2.jpg",620,413,false],"portraits":["https:\/\/arantv.az\/wp-content\/uploads\/2023\/07\/page-2.jpg",620,413,false],"thumbnail":["https:\/\/arantv.az\/wp-content\/uploads\/2023\/07\/page-2-500x280.jpg",500,280,true],"medium":["https:\/\/arantv.az\/wp-content\/uploads\/2023\/07\/page-2-548x365.jpg",548,365,true],"large":["https:\/\/arantv.az\/wp-content\/uploads\/2023\/07\/page-2.jpg",620,413,false],"1536x1536":["https:\/\/arantv.az\/wp-content\/uploads\/2023\/07\/page-2.jpg",620,413,false],"2048x2048":["https:\/\/arantv.az\/wp-content\/uploads\/2023\/07\/page-2.jpg",620,413,false],"post-thumbnail":["https:\/\/arantv.az\/wp-content\/uploads\/2023\/07\/page-2-240x172.jpg",240,172,true],"advps-thumb-one":["https:\/\/arantv.az\/wp-content\/uploads\/2023\/07\/page-2.jpg",620,413,false]},"rttpg_author":{"display_name":"V\u00fcsal Rafiqo\u011flu","author_link":"https:\/\/arantv.az\/?author=2"},"rttpg_comment":0,"rttpg_category":"<a href=\"https:\/\/arantv.az\/?cat=7\" rel=\"category\">D\u00fcnya<\/a>","rttpg_excerpt":"T\u00fcrkiy\u0259nin Konya \u015f\u0259h\u0259rind\u0259 PKK silahl\u0131 terror t\u0259\u015fkilat\u0131n\u0131n xarici d\u0259rn\u0259kl\u0259rd\u0259n \u0259ld\u0259 etdiyi pullar\u0131n b\u00f6l\u00fc\u015fd\u00fcr\u00fclm\u0259sind\u0259\u00a0m\u0259sul olan G.K. v\u0259 D.\u0130. \u0259l\u0259 ke\u00e7ib. Bu bar\u0259d\u0259 \u00f6lk\u0259nin Daxili \u0130\u015fl\u0259r Nazirliyind\u0259n bildirilib. M\u0259lumata g\u00f6r\u0259, n\u0259zar\u0259t\u0259 al\u0131nan \u015f\u00fcbh\u0259li G.K.-n\u0131n PKK lideri Abdullah \u00d6calanla birlikd\u0259 terror t\u0259\u015fkilat\u0131n\u0131n qurucular\u0131ndan olan \u018fli Heyd\u0259r Kaytan v\u0259 t\u0259\u015fkilat\u0131n daha bir m\u0259sulu Hayati D\u0259niz Kaytan\u0131n bac\u0131s\u0131 oldu\u011fu m\u00fc\u0259yy\u0259n&hellip;","_links":{"self":[{"href":"https:\/\/arantv.az\/index.php?rest_route=\/wp\/v2\/posts\/610684"}],"collection":[{"href":"https:\/\/arantv.az\/index.php?rest_route=\/wp\/v2\/posts"}],"about":[{"href":"https:\/\/arantv.az\/index.php?rest_route=\/wp\/v2\/types\/post"}],"author":[{"embeddable":true,"href":"https:\/\/arantv.az\/index.php?rest_route=\/wp\/v2\/users\/2"}],"replies":[{"embeddable":true,"href":"https:\/\/arantv.az\/index.php?rest_route=%2Fwp%2Fv2%2Fcomments&post=610684"}],"version-history":[{"count":0,"href":"https:\/\/arantv.az\/index.php?rest_route=\/wp\/v2\/posts\/610684\/revisions"}],"wp:featuredmedia":[{"embeddable":true,"href":"https:\/\/arantv.az\/index.php?rest_route=\/wp\/v2\/media\/610685"}],"wp:attachment":[{"href":"https:\/\/arantv.az\/index.php?rest_route=%2Fwp%2Fv2%2Fmedia&parent=610684"}],"wp:term":[{"taxonomy":"category","embeddable":true,"href":"https:\/\/arantv.az\/index.php?rest_route=%2Fwp%2Fv2%2Fcategories&post=610684"},{"taxonomy":"post_tag","embeddable":true,"href":"https:\/\/arantv.az\/index.php?rest_route=%2Fwp%2Fv2%2Ftags&post=610684"}],"curies":[{"name":"wp","href":"https:\/\/api.w.org\/{rel}","templated":true}]}}