{"id":610688,"date":"2023-07-21T16:50:04","date_gmt":"2023-07-21T12:50:04","guid":{"rendered":"https:\/\/arantv.az\/?p=610688"},"modified":"2023-07-21T16:50:04","modified_gmt":"2023-07-21T12:50:04","slug":"ilham-%c9%99liyev-qosulmama-h%c9%99r%c9%99kati-az%c9%99rbaycanin-s%c9%99drliyi-dovrund%c9%99-yeni-n%c9%99f%c9%99s-qazandi","status":"publish","type":"post","link":"https:\/\/arantv.az\/?p=610688","title":{"rendered":"\u0130lham \u018fliyev: \u201cQo\u015fulmama H\u0259r\u0259kat\u0131 Az\u0259rbaycan\u0131n s\u0259drliyi d\u00f6vr\u00fcnd\u0259 yeni n\u0259f\u0259s qazand\u0131\u201d"},"content":{"rendered":"<p>\u201cS\u0259mimi \u015f\u0259kild\u0259 dey\u0259 bil\u0259r\u0259m ki, Qo\u015fulmama H\u0259r\u0259kat\u0131 Az\u0259rbaycan\u0131n s\u0259drliyi d\u00f6vr\u00fcnd\u0259 yeni bir n\u0259f\u0259s qazanm\u0131\u015fd\u0131r\u201d.<\/p>\n<p><a href=\"https:\/\/azertag.az\/xeber\/Prezident_Ilham_Aliyev_Qosulmama_Herekati_Azerbaycanin_sedrliyi_dovrunde_yeni_nefes_qazandi-2702935\" target=\"_blank\" rel=\"noopener\">AZ\u018fRTAC<\/a>\u00a0x\u0259b\u0259r verir ki, bunu Az\u0259rbaycan Prezidenti\u00a0<strong>\u0130lham \u018fliyev<\/strong>\u00a0\u201c4-c\u00fc S\u0259naye \u0130nqilab\u0131 d\u00f6vr\u00fcnd\u0259 Yeni Media\u201d m\u00f6vzusunda \u015eu\u015fa Qlobal Media Forumunda \u00e7\u0131x\u0131\u015f\u0131nda bildirib.<\/p>\n<p>Son zamanlar Qo\u015fulmama H\u0259r\u0259kat\u0131n\u0131n n\u00fcfuzunun v\u0259 t\u0259sirinin t\u0259dric\u0259n deqradasiya etdiyini, praktiki olaraq H\u0259r\u0259kat\u0131n f\u0259aliyy\u0259ti il\u0259 ba\u011fl\u0131 m\u00fc\u0259yy\u0259n m\u00fczakir\u0259l\u0259rin apar\u0131ld\u0131\u011f\u0131n\u0131 vur\u011fulayan d\u00f6vl\u0259timizin ba\u015f\u00e7\u0131s\u0131 bildirib:<\/p>\n<p>\u201c\u0130st\u0259nil\u0259n i\u015fd\u0259 oldu\u011fu kimi, biz bu i\u015f\u0259 d\u0259 b\u00f6y\u00fck m\u0259suliyy\u0259tl\u0259 yana\u015fd\u0131q v\u0259 add\u0131m-add\u0131m institusional inki\u015faf istiqam\u0259tind\u0259 i\u015fl\u0259m\u0259y\u0259 ba\u015flad\u0131q. Az\u0259rbaycan\u0131n s\u0259drliyi yekdillikl\u0259 bir illik uzad\u0131ld\u0131. Amma faktiki olaraq bu, bir il yar\u0131ml\u0131q uzad\u0131lma oldu. Bu o dem\u0259kdir ki, bizim s\u0259drliyimiz\u0259 ehtiyac var v\u0259 o, m\u00fcsb\u0259t qar\u015f\u0131lan\u0131b\u201d.<\/p>\n","protected":false},"excerpt":{"rendered":"<p>\u201cS\u0259mimi \u015f\u0259kild\u0259 dey\u0259 bil\u0259r\u0259m ki, Qo\u015fulmama H\u0259r\u0259kat\u0131 Az\u0259rbaycan\u0131n s\u0259drliyi d\u00f6vr\u00fcnd\u0259 yeni bir n\u0259f\u0259s qazanm\u0131\u015fd\u0131r\u201d. AZ\u018fRTAC\u00a0x\u0259b\u0259r verir ki, bunu Az\u0259rbaycan Prezidenti\u00a0\u0130lham \u018fliyev\u00a0\u201c4-c\u00fc S\u0259naye \u0130nqilab\u0131 d\u00f6vr\u00fcnd\u0259 Yeni Media\u201d m\u00f6vzusunda \u015eu\u015fa Qlobal Media Forumunda \u00e7\u0131x\u0131\u015f\u0131nda bildirib. Son zamanlar Qo\u015fulmama H\u0259r\u0259kat\u0131n\u0131n n\u00fcfuzunun v\u0259 t\u0259sirinin t\u0259dric\u0259n deqradasiya etdiyini, praktiki olaraq H\u0259r\u0259kat\u0131n f\u0259aliyy\u0259ti il\u0259 ba\u011fl\u0131 m\u00fc\u0259yy\u0259n m\u00fczakir\u0259l\u0259rin apar\u0131ld\u0131\u011f\u0131n\u0131 vur\u011fulayan d\u00f6vl\u0259timizin ba\u015f\u00e7\u0131s\u0131 bildirib: \u201c\u0130st\u0259nil\u0259n i\u015fd\u0259 oldu\u011fu kimi, biz bu i\u015f\u0259 d\u0259 b\u00f6y\u00fck m\u0259suliyy\u0259tl\u0259 yana\u015fd\u0131q v\u0259 add\u0131m-add\u0131m institusional inki\u015faf istiqam\u0259tind\u0259 i\u015fl\u0259m\u0259y\u0259 ba\u015flad\u0131q. Az\u0259rbaycan\u0131n s\u0259drliyi yekdillikl\u0259 bir illik uzad\u0131ld\u0131. Amma faktiki olaraq bu, bir il yar\u0131ml\u0131q uzad\u0131lma oldu. Bu&hellip;<\/p>\n","protected":false},"author":2,"featured_media":610689,"comment_status":"closed","ping_status":"closed","sticky":false,"template":"","format":"standard","meta":{"om_disable_all_campaigns":false,"_monsterinsights_skip_tracking":false,"_monsterinsights_sitenote_active":false,"_monsterinsights_sitenote_note":"","_monsterinsights_sitenote_category":0},"categories":[4],"tags":[],"aioseo_notices":[],"gutentor_comment":0,"rttpg_featured_image_url":{"full":["https:\/\/arantv.az\/wp-content\/uploads\/2023\/07\/1689941983718415813_1000x669.jpg",620,413,false],"landscape":["https:\/\/arantv.az\/wp-content\/uploads\/2023\/07\/1689941983718415813_1000x669.jpg",620,413,false],"portraits":["https:\/\/arantv.az\/wp-content\/uploads\/2023\/07\/1689941983718415813_1000x669.jpg",620,413,false],"thumbnail":["https:\/\/arantv.az\/wp-content\/uploads\/2023\/07\/1689941983718415813_1000x669-500x280.jpg",500,280,true],"medium":["https:\/\/arantv.az\/wp-content\/uploads\/2023\/07\/1689941983718415813_1000x669-548x365.jpg",548,365,true],"large":["https:\/\/arantv.az\/wp-content\/uploads\/2023\/07\/1689941983718415813_1000x669.jpg",620,413,false],"1536x1536":["https:\/\/arantv.az\/wp-content\/uploads\/2023\/07\/1689941983718415813_1000x669.jpg",620,413,false],"2048x2048":["https:\/\/arantv.az\/wp-content\/uploads\/2023\/07\/1689941983718415813_1000x669.jpg",620,413,false],"post-thumbnail":["https:\/\/arantv.az\/wp-content\/uploads\/2023\/07\/1689941983718415813_1000x669-240x172.jpg",240,172,true],"advps-thumb-one":["https:\/\/arantv.az\/wp-content\/uploads\/2023\/07\/1689941983718415813_1000x669.jpg",620,413,false]},"rttpg_author":{"display_name":"V\u00fcsal Rafiqo\u011flu","author_link":"https:\/\/arantv.az\/?author=2"},"rttpg_comment":0,"rttpg_category":"<a href=\"https:\/\/arantv.az\/?cat=4\" rel=\"category\">Siyas\u0259t<\/a>","rttpg_excerpt":"\u201cS\u0259mimi \u015f\u0259kild\u0259 dey\u0259 bil\u0259r\u0259m ki, Qo\u015fulmama H\u0259r\u0259kat\u0131 Az\u0259rbaycan\u0131n s\u0259drliyi d\u00f6vr\u00fcnd\u0259 yeni bir n\u0259f\u0259s qazanm\u0131\u015fd\u0131r\u201d. AZ\u018fRTAC\u00a0x\u0259b\u0259r verir ki, bunu Az\u0259rbaycan Prezidenti\u00a0\u0130lham \u018fliyev\u00a0\u201c4-c\u00fc S\u0259naye \u0130nqilab\u0131 d\u00f6vr\u00fcnd\u0259 Yeni Media\u201d m\u00f6vzusunda \u015eu\u015fa Qlobal Media Forumunda \u00e7\u0131x\u0131\u015f\u0131nda bildirib. Son zamanlar Qo\u015fulmama H\u0259r\u0259kat\u0131n\u0131n n\u00fcfuzunun v\u0259 t\u0259sirinin t\u0259dric\u0259n deqradasiya etdiyini, praktiki olaraq H\u0259r\u0259kat\u0131n f\u0259aliyy\u0259ti il\u0259 ba\u011fl\u0131 m\u00fc\u0259yy\u0259n m\u00fczakir\u0259l\u0259rin apar\u0131ld\u0131\u011f\u0131n\u0131 vur\u011fulayan d\u00f6vl\u0259timizin ba\u015f\u00e7\u0131s\u0131&hellip;","_links":{"self":[{"href":"https:\/\/arantv.az\/index.php?rest_route=\/wp\/v2\/posts\/610688"}],"collection":[{"href":"https:\/\/arantv.az\/index.php?rest_route=\/wp\/v2\/posts"}],"about":[{"href":"https:\/\/arantv.az\/index.php?rest_route=\/wp\/v2\/types\/post"}],"author":[{"embeddable":true,"href":"https:\/\/arantv.az\/index.php?rest_route=\/wp\/v2\/users\/2"}],"replies":[{"embeddable":true,"href":"https:\/\/arantv.az\/index.php?rest_route=%2Fwp%2Fv2%2Fcomments&post=610688"}],"version-history":[{"count":0,"href":"https:\/\/arantv.az\/index.php?rest_route=\/wp\/v2\/posts\/610688\/revisions"}],"wp:featuredmedia":[{"embeddable":true,"href":"https:\/\/arantv.az\/index.php?rest_route=\/wp\/v2\/media\/610689"}],"wp:attachment":[{"href":"https:\/\/arantv.az\/index.php?rest_route=%2Fwp%2Fv2%2Fmedia&parent=610688"}],"wp:term":[{"taxonomy":"category","embeddable":true,"href":"https:\/\/arantv.az\/index.php?rest_route=%2Fwp%2Fv2%2Fcategories&post=610688"},{"taxonomy":"post_tag","embeddable":true,"href":"https:\/\/arantv.az\/index.php?rest_route=%2Fwp%2Fv2%2Ftags&post=610688"}],"curies":[{"name":"wp","href":"https:\/\/api.w.org\/{rel}","templated":true}]}}