{"id":610695,"date":"2023-07-21T16:51:18","date_gmt":"2023-07-21T12:51:18","guid":{"rendered":"https:\/\/arantv.az\/?p=610695"},"modified":"2023-07-21T16:51:18","modified_gmt":"2023-07-21T12:51:18","slug":"prezident-ot%c9%99n-ilin-fevralinda-imzalanmis-b%c9%99yannam%c9%99-rusiya-az%c9%99rbaycan-munasib%c9%99tl%c9%99rinin-yeni-m%c9%99rh%c9%99l%c9%99sidir","status":"publish","type":"post","link":"https:\/\/arantv.az\/?p=610695","title":{"rendered":"Prezident: \u201c\u00d6t\u0259n ilin fevral\u0131nda imzalanm\u0131\u015f B\u0259yannam\u0259 Rusiya-Az\u0259rbaycan m\u00fcnasib\u0259tl\u0259rinin yeni m\u0259rh\u0259l\u0259sidir\u201d"},"content":{"rendered":"<p>\u201cKe\u00e7\u0259n ilin fevral\u0131nda imzalanm\u0131\u015f B\u0259yannam\u0259 Rusiya il\u0259 Az\u0259rbaycan aras\u0131nda m\u00fcnasib\u0259tl\u0259rin yeni m\u0259rh\u0259l\u0259sidir. Bu B\u0259yannam\u0259 m\u00fcst\u0259qilliyin m\u00fcxt\u0259lif d\u00f6vrl\u0259rind\u0259 m\u00fcxt\u0259lif \u015f\u0259kild\u0259 t\u0259\u015f\u0259kk\u00fcl tapan m\u00fcnasib\u0259tl\u0259rin bir formas\u0131d\u0131r\u201d.<\/p>\n<p><a href=\"https:\/\/azertag.az\/xeber\/Prezident_Ilham_Aliyev_Oten_ilin_fevralinda_imzalanmis_Beyanname_Rusiya_Azerbaycan_munasibetlerinin_yeni_merhelesidir-2702893\" target=\"_blank\" rel=\"noopener\">AZ\u018fRTAC<\/a>\u00a0x\u0259b\u0259r verir ki, bu s\u00f6zl\u0259ri Az\u0259rbaycan Prezidenti\u00a0<strong>\u0130lham \u018fliyev<\/strong>\u00a0\u201c4-c\u00fc S\u0259naye \u0130nqilab\u0131 d\u00f6vr\u00fcnd\u0259 Yeni Media\u201d m\u00f6vzusunda \u015eu\u015fa Qlobal Media Forumunda \u00e7\u0131x\u0131\u015f\u0131nda deyib.<\/p>\n<p>\u018flaq\u0259l\u0259rin art\u0131q yeni strateji m\u0259rh\u0259l\u0259y\u0259 q\u0259d\u0259m qoydu\u011funu qeyd ed\u0259n d\u00f6vl\u0259timizin ba\u015f\u00e7\u0131s\u0131 bildirib: \u201cH\u0259r iki \u00f6lk\u0259nin h\u0259yata ke\u00e7irdiyi i\u015fl\u0259rin h\u0259cmin\u0259 baxark\u0259n g\u00f6r\u00fcn\u00fcr ki, h\u0259r iki t\u0259r\u0259f \u0259m\u0259kda\u015fl\u0131\u011f\u0131n g\u00fccl\u0259ndirilm\u0259sin\u0259 v\u0259 konkret n\u0259tic\u0259y\u0259 y\u00f6n\u0259lmi\u015f i\u015fbirliyin\u0259 y\u00f6n\u0259lib. Biz bu m\u00fcnasib\u0259tl\u0259rin d\u0259rinliyin\u0259 yax\u015f\u0131 b\u0259l\u0259dik. Bizim qar\u015f\u0131l\u0131ql\u0131 \u0259laq\u0259l\u0259rimizin sferas\u0131 olduqca geni\u015fdir\u201d.<\/p>\n","protected":false},"excerpt":{"rendered":"<p>\u201cKe\u00e7\u0259n ilin fevral\u0131nda imzalanm\u0131\u015f B\u0259yannam\u0259 Rusiya il\u0259 Az\u0259rbaycan aras\u0131nda m\u00fcnasib\u0259tl\u0259rin yeni m\u0259rh\u0259l\u0259sidir. Bu B\u0259yannam\u0259 m\u00fcst\u0259qilliyin m\u00fcxt\u0259lif d\u00f6vrl\u0259rind\u0259 m\u00fcxt\u0259lif \u015f\u0259kild\u0259 t\u0259\u015f\u0259kk\u00fcl tapan m\u00fcnasib\u0259tl\u0259rin bir formas\u0131d\u0131r\u201d. AZ\u018fRTAC\u00a0x\u0259b\u0259r verir ki, bu s\u00f6zl\u0259ri Az\u0259rbaycan Prezidenti\u00a0\u0130lham \u018fliyev\u00a0\u201c4-c\u00fc S\u0259naye \u0130nqilab\u0131 d\u00f6vr\u00fcnd\u0259 Yeni Media\u201d m\u00f6vzusunda \u015eu\u015fa Qlobal Media Forumunda \u00e7\u0131x\u0131\u015f\u0131nda deyib. \u018flaq\u0259l\u0259rin art\u0131q yeni strateji m\u0259rh\u0259l\u0259y\u0259 q\u0259d\u0259m qoydu\u011funu qeyd ed\u0259n d\u00f6vl\u0259timizin ba\u015f\u00e7\u0131s\u0131 bildirib: \u201cH\u0259r iki \u00f6lk\u0259nin h\u0259yata ke\u00e7irdiyi i\u015fl\u0259rin h\u0259cmin\u0259 baxark\u0259n g\u00f6r\u00fcn\u00fcr ki, h\u0259r iki t\u0259r\u0259f \u0259m\u0259kda\u015fl\u0131\u011f\u0131n g\u00fccl\u0259ndirilm\u0259sin\u0259 v\u0259 konkret n\u0259tic\u0259y\u0259 y\u00f6n\u0259lmi\u015f i\u015fbirliyin\u0259 y\u00f6n\u0259lib. Biz bu m\u00fcnasib\u0259tl\u0259rin d\u0259rinliyin\u0259 yax\u015f\u0131 b\u0259l\u0259dik. Bizim qar\u015f\u0131l\u0131ql\u0131 \u0259laq\u0259l\u0259rimizin sferas\u0131 olduqca geni\u015fdir\u201d.<\/p>\n","protected":false},"author":2,"featured_media":610696,"comment_status":"closed","ping_status":"closed","sticky":false,"template":"","format":"standard","meta":{"om_disable_all_campaigns":false,"_monsterinsights_skip_tracking":false,"_monsterinsights_sitenote_active":false,"_monsterinsights_sitenote_note":"","_monsterinsights_sitenote_category":0},"categories":[4],"tags":[],"aioseo_notices":[],"gutentor_comment":0,"rttpg_featured_image_url":{"full":["https:\/\/arantv.az\/wp-content\/uploads\/2023\/07\/16899419835691860459_1000x669.jpg",620,413,false],"landscape":["https:\/\/arantv.az\/wp-content\/uploads\/2023\/07\/16899419835691860459_1000x669.jpg",620,413,false],"portraits":["https:\/\/arantv.az\/wp-content\/uploads\/2023\/07\/16899419835691860459_1000x669.jpg",620,413,false],"thumbnail":["https:\/\/arantv.az\/wp-content\/uploads\/2023\/07\/16899419835691860459_1000x669-500x280.jpg",500,280,true],"medium":["https:\/\/arantv.az\/wp-content\/uploads\/2023\/07\/16899419835691860459_1000x669-548x365.jpg",548,365,true],"large":["https:\/\/arantv.az\/wp-content\/uploads\/2023\/07\/16899419835691860459_1000x669.jpg",620,413,false],"1536x1536":["https:\/\/arantv.az\/wp-content\/uploads\/2023\/07\/16899419835691860459_1000x669.jpg",620,413,false],"2048x2048":["https:\/\/arantv.az\/wp-content\/uploads\/2023\/07\/16899419835691860459_1000x669.jpg",620,413,false],"post-thumbnail":["https:\/\/arantv.az\/wp-content\/uploads\/2023\/07\/16899419835691860459_1000x669-240x172.jpg",240,172,true],"advps-thumb-one":["https:\/\/arantv.az\/wp-content\/uploads\/2023\/07\/16899419835691860459_1000x669.jpg",620,413,false]},"rttpg_author":{"display_name":"V\u00fcsal Rafiqo\u011flu","author_link":"https:\/\/arantv.az\/?author=2"},"rttpg_comment":0,"rttpg_category":"<a href=\"https:\/\/arantv.az\/?cat=4\" rel=\"category\">Siyas\u0259t<\/a>","rttpg_excerpt":"\u201cKe\u00e7\u0259n ilin fevral\u0131nda imzalanm\u0131\u015f B\u0259yannam\u0259 Rusiya il\u0259 Az\u0259rbaycan aras\u0131nda m\u00fcnasib\u0259tl\u0259rin yeni m\u0259rh\u0259l\u0259sidir. Bu B\u0259yannam\u0259 m\u00fcst\u0259qilliyin m\u00fcxt\u0259lif d\u00f6vrl\u0259rind\u0259 m\u00fcxt\u0259lif \u015f\u0259kild\u0259 t\u0259\u015f\u0259kk\u00fcl tapan m\u00fcnasib\u0259tl\u0259rin bir formas\u0131d\u0131r\u201d. AZ\u018fRTAC\u00a0x\u0259b\u0259r verir ki, bu s\u00f6zl\u0259ri Az\u0259rbaycan Prezidenti\u00a0\u0130lham \u018fliyev\u00a0\u201c4-c\u00fc S\u0259naye \u0130nqilab\u0131 d\u00f6vr\u00fcnd\u0259 Yeni Media\u201d m\u00f6vzusunda \u015eu\u015fa Qlobal Media Forumunda \u00e7\u0131x\u0131\u015f\u0131nda deyib. \u018flaq\u0259l\u0259rin art\u0131q yeni strateji m\u0259rh\u0259l\u0259y\u0259 q\u0259d\u0259m qoydu\u011funu qeyd ed\u0259n d\u00f6vl\u0259timizin ba\u015f\u00e7\u0131s\u0131&hellip;","_links":{"self":[{"href":"https:\/\/arantv.az\/index.php?rest_route=\/wp\/v2\/posts\/610695"}],"collection":[{"href":"https:\/\/arantv.az\/index.php?rest_route=\/wp\/v2\/posts"}],"about":[{"href":"https:\/\/arantv.az\/index.php?rest_route=\/wp\/v2\/types\/post"}],"author":[{"embeddable":true,"href":"https:\/\/arantv.az\/index.php?rest_route=\/wp\/v2\/users\/2"}],"replies":[{"embeddable":true,"href":"https:\/\/arantv.az\/index.php?rest_route=%2Fwp%2Fv2%2Fcomments&post=610695"}],"version-history":[{"count":0,"href":"https:\/\/arantv.az\/index.php?rest_route=\/wp\/v2\/posts\/610695\/revisions"}],"wp:featuredmedia":[{"embeddable":true,"href":"https:\/\/arantv.az\/index.php?rest_route=\/wp\/v2\/media\/610696"}],"wp:attachment":[{"href":"https:\/\/arantv.az\/index.php?rest_route=%2Fwp%2Fv2%2Fmedia&parent=610695"}],"wp:term":[{"taxonomy":"category","embeddable":true,"href":"https:\/\/arantv.az\/index.php?rest_route=%2Fwp%2Fv2%2Fcategories&post=610695"},{"taxonomy":"post_tag","embeddable":true,"href":"https:\/\/arantv.az\/index.php?rest_route=%2Fwp%2Fv2%2Ftags&post=610695"}],"curies":[{"name":"wp","href":"https:\/\/api.w.org\/{rel}","templated":true}]}}