{"id":610699,"date":"2023-07-21T17:12:08","date_gmt":"2023-07-21T13:12:08","guid":{"rendered":"https:\/\/arantv.az\/?p=610699"},"modified":"2023-07-21T17:12:08","modified_gmt":"2023-07-21T13:12:08","slug":"az%c9%99rbaycan-prezidenti-c%c9%99nubi-qafqazin-inkisafinin-n%c9%99d%c9%99n-asili-oldugunu-aciqladi","status":"publish","type":"post","link":"https:\/\/arantv.az\/?p=610699","title":{"rendered":"Az\u0259rbaycan Prezidenti C\u0259nubi Qafqaz\u0131n inki\u015faf\u0131n\u0131n n\u0259d\u0259n as\u0131l\u0131 oldu\u011funu a\u00e7\u0131qlad\u0131"},"content":{"rendered":"<p>\u201cBilirsiniz, \u0259slind\u0259, regional inki\u015faf, &#8211; C\u0259nubi Qafqaz\u0131 n\u0259z\u0259rd\u0259 tuturam, &#8211; \u0259sas\u0259n Az\u0259rbaycanla Erm\u0259nistan aras\u0131nda m\u00fcnasib\u0259tl\u0259rin yax\u015f\u0131la\u015fmas\u0131ndan as\u0131l\u0131d\u0131r\u201d.<\/p>\n<p><a href=\"https:\/\/azertag.az\/xeber\/Azerbaycan_Prezidenti_Cenubi_Qafqazin_inkisafinin_neden_asili_oldugunu_achiqlayib-2703019\" target=\"_blank\" rel=\"noopener\">AZ\u018fRTAC<\/a>\u00a0x\u0259b\u0259r verir ki, bu s\u00f6zl\u0259ri Az\u0259rbaycan Prezidenti\u00a0<strong>\u0130lham \u018fliyev<\/strong>\u00a0\u201c4-c\u00fc S\u0259naye \u0130nqilab\u0131 d\u00f6vr\u00fcnd\u0259 Yeni Media\u201d m\u00f6vzusunda \u015eu\u015fa Qlobal Media Forumunda \u00e7\u0131x\u0131\u015f\u0131nda s\u00f6yl\u0259yib.<\/p>\n<p>\u201cHaz\u0131rda bir s\u0131ra beyn\u0259lxalq t\u0259\u015fkilatlar biz\u0259 qar\u015f\u0131l\u0131ql\u0131 q\u0259bul olunacaq h\u0259lli tapmaqda yard\u0131m etm\u0259y\u0259 \u00e7al\u0131\u015f\u0131rlar. T\u0259\u0259ss\u00fcf, bu g\u00fcn\u0259d\u0259k g\u00f6rd\u00fckl\u0259rimiz odur ki, b\u00fct\u00fcn beyn\u0259lxalq t\u0259\u015fkilatlar ba\u015fa d\u00fc\u015f\u00fcr ki, bu h\u0259ll\u0259r beyn\u0259lxalq h\u00fcquqa \u0259saslanmal\u0131d\u0131r. \u0130kinci Qaraba\u011f m\u00fcharib\u0259sind\u0259n indiy\u0259d\u0259k t\u0259xmin\u0259n \u00fc\u00e7 il ke\u00e7ib. Biz getdikc\u0259 daha \u00e7ox birba\u015fa b\u0259yanatlar e\u015fidirik ki, Qaraba\u011f Az\u0259rbaycan\u0131n hiss\u0259sidir. \u0130\u015f\u011fal d\u00f6vr\u00fcnd\u0259 bel\u0259 b\u0259yanatlar olsayd\u0131, \u00e7ox g\u00fcman ki, \u0130kinci Qaraba\u011f m\u00fcharib\u0259si ba\u015flamazd\u0131\u201d, &#8211; dey\u0259 d\u00f6vl\u0259timizin ba\u015f\u00e7\u0131s\u0131 vur\u011fulay\u0131b.<\/p>\n","protected":false},"excerpt":{"rendered":"<p>\u201cBilirsiniz, \u0259slind\u0259, regional inki\u015faf, &#8211; C\u0259nubi Qafqaz\u0131 n\u0259z\u0259rd\u0259 tuturam, &#8211; \u0259sas\u0259n Az\u0259rbaycanla Erm\u0259nistan aras\u0131nda m\u00fcnasib\u0259tl\u0259rin yax\u015f\u0131la\u015fmas\u0131ndan as\u0131l\u0131d\u0131r\u201d. AZ\u018fRTAC\u00a0x\u0259b\u0259r verir ki, bu s\u00f6zl\u0259ri Az\u0259rbaycan Prezidenti\u00a0\u0130lham \u018fliyev\u00a0\u201c4-c\u00fc S\u0259naye \u0130nqilab\u0131 d\u00f6vr\u00fcnd\u0259 Yeni Media\u201d m\u00f6vzusunda \u015eu\u015fa Qlobal Media Forumunda \u00e7\u0131x\u0131\u015f\u0131nda s\u00f6yl\u0259yib. \u201cHaz\u0131rda bir s\u0131ra beyn\u0259lxalq t\u0259\u015fkilatlar biz\u0259 qar\u015f\u0131l\u0131ql\u0131 q\u0259bul olunacaq h\u0259lli tapmaqda yard\u0131m etm\u0259y\u0259 \u00e7al\u0131\u015f\u0131rlar. T\u0259\u0259ss\u00fcf, bu g\u00fcn\u0259d\u0259k g\u00f6rd\u00fckl\u0259rimiz odur ki, b\u00fct\u00fcn beyn\u0259lxalq t\u0259\u015fkilatlar ba\u015fa d\u00fc\u015f\u00fcr ki, bu h\u0259ll\u0259r beyn\u0259lxalq h\u00fcquqa \u0259saslanmal\u0131d\u0131r. \u0130kinci Qaraba\u011f m\u00fcharib\u0259sind\u0259n indiy\u0259d\u0259k t\u0259xmin\u0259n \u00fc\u00e7 il ke\u00e7ib. Biz getdikc\u0259 daha \u00e7ox birba\u015fa b\u0259yanatlar e\u015fidirik ki, Qaraba\u011f Az\u0259rbaycan\u0131n hiss\u0259sidir. \u0130\u015f\u011fal d\u00f6vr\u00fcnd\u0259 bel\u0259&hellip;<\/p>\n","protected":false},"author":2,"featured_media":610700,"comment_status":"closed","ping_status":"closed","sticky":false,"template":"","format":"standard","meta":{"om_disable_all_campaigns":false,"_monsterinsights_skip_tracking":false,"_monsterinsights_sitenote_active":false,"_monsterinsights_sitenote_note":"","_monsterinsights_sitenote_category":0},"categories":[4],"tags":[],"aioseo_notices":[],"gutentor_comment":0,"rttpg_featured_image_url":{"full":["https:\/\/arantv.az\/wp-content\/uploads\/2023\/07\/1594814467.jpg",620,413,false],"landscape":["https:\/\/arantv.az\/wp-content\/uploads\/2023\/07\/1594814467.jpg",620,413,false],"portraits":["https:\/\/arantv.az\/wp-content\/uploads\/2023\/07\/1594814467.jpg",620,413,false],"thumbnail":["https:\/\/arantv.az\/wp-content\/uploads\/2023\/07\/1594814467-500x280.jpg",500,280,true],"medium":["https:\/\/arantv.az\/wp-content\/uploads\/2023\/07\/1594814467-548x365.jpg",548,365,true],"large":["https:\/\/arantv.az\/wp-content\/uploads\/2023\/07\/1594814467.jpg",620,413,false],"1536x1536":["https:\/\/arantv.az\/wp-content\/uploads\/2023\/07\/1594814467.jpg",620,413,false],"2048x2048":["https:\/\/arantv.az\/wp-content\/uploads\/2023\/07\/1594814467.jpg",620,413,false],"post-thumbnail":["https:\/\/arantv.az\/wp-content\/uploads\/2023\/07\/1594814467-240x172.jpg",240,172,true],"advps-thumb-one":["https:\/\/arantv.az\/wp-content\/uploads\/2023\/07\/1594814467.jpg",620,413,false]},"rttpg_author":{"display_name":"V\u00fcsal Rafiqo\u011flu","author_link":"https:\/\/arantv.az\/?author=2"},"rttpg_comment":0,"rttpg_category":"<a href=\"https:\/\/arantv.az\/?cat=4\" rel=\"category\">Siyas\u0259t<\/a>","rttpg_excerpt":"\u201cBilirsiniz, \u0259slind\u0259, regional inki\u015faf, &#8211; C\u0259nubi Qafqaz\u0131 n\u0259z\u0259rd\u0259 tuturam, &#8211; \u0259sas\u0259n Az\u0259rbaycanla Erm\u0259nistan aras\u0131nda m\u00fcnasib\u0259tl\u0259rin yax\u015f\u0131la\u015fmas\u0131ndan as\u0131l\u0131d\u0131r\u201d. AZ\u018fRTAC\u00a0x\u0259b\u0259r verir ki, bu s\u00f6zl\u0259ri Az\u0259rbaycan Prezidenti\u00a0\u0130lham \u018fliyev\u00a0\u201c4-c\u00fc S\u0259naye \u0130nqilab\u0131 d\u00f6vr\u00fcnd\u0259 Yeni Media\u201d m\u00f6vzusunda \u015eu\u015fa Qlobal Media Forumunda \u00e7\u0131x\u0131\u015f\u0131nda s\u00f6yl\u0259yib. \u201cHaz\u0131rda bir s\u0131ra beyn\u0259lxalq t\u0259\u015fkilatlar biz\u0259 qar\u015f\u0131l\u0131ql\u0131 q\u0259bul olunacaq h\u0259lli tapmaqda yard\u0131m etm\u0259y\u0259 \u00e7al\u0131\u015f\u0131rlar. T\u0259\u0259ss\u00fcf, bu g\u00fcn\u0259d\u0259k g\u00f6rd\u00fckl\u0259rimiz&hellip;","_links":{"self":[{"href":"https:\/\/arantv.az\/index.php?rest_route=\/wp\/v2\/posts\/610699"}],"collection":[{"href":"https:\/\/arantv.az\/index.php?rest_route=\/wp\/v2\/posts"}],"about":[{"href":"https:\/\/arantv.az\/index.php?rest_route=\/wp\/v2\/types\/post"}],"author":[{"embeddable":true,"href":"https:\/\/arantv.az\/index.php?rest_route=\/wp\/v2\/users\/2"}],"replies":[{"embeddable":true,"href":"https:\/\/arantv.az\/index.php?rest_route=%2Fwp%2Fv2%2Fcomments&post=610699"}],"version-history":[{"count":0,"href":"https:\/\/arantv.az\/index.php?rest_route=\/wp\/v2\/posts\/610699\/revisions"}],"wp:featuredmedia":[{"embeddable":true,"href":"https:\/\/arantv.az\/index.php?rest_route=\/wp\/v2\/media\/610700"}],"wp:attachment":[{"href":"https:\/\/arantv.az\/index.php?rest_route=%2Fwp%2Fv2%2Fmedia&parent=610699"}],"wp:term":[{"taxonomy":"category","embeddable":true,"href":"https:\/\/arantv.az\/index.php?rest_route=%2Fwp%2Fv2%2Fcategories&post=610699"},{"taxonomy":"post_tag","embeddable":true,"href":"https:\/\/arantv.az\/index.php?rest_route=%2Fwp%2Fv2%2Ftags&post=610699"}],"curies":[{"name":"wp","href":"https:\/\/api.w.org\/{rel}","templated":true}]}}