{"id":610713,"date":"2023-07-21T17:28:57","date_gmt":"2023-07-21T13:28:57","guid":{"rendered":"https:\/\/arantv.az\/?p=610713"},"modified":"2023-07-21T17:28:57","modified_gmt":"2023-07-21T13:28:57","slug":"az%c9%99rbaycan-v%c9%99-rusiya-xarici-isl%c9%99r-nazirl%c9%99ri-telefonla-danisiblar","status":"publish","type":"post","link":"https:\/\/arantv.az\/?p=610713","title":{"rendered":"Az\u0259rbaycan v\u0259 Rusiya xarici i\u015fl\u0259r nazirl\u0259ri telefonla dan\u0131\u015f\u0131blar"},"content":{"rendered":"<p>Az\u0259rbaycan Respublikas\u0131n\u0131n xarici i\u015fl\u0259r naziri Ceyhun Bayramovla rusiyal\u0131 h\u0259mkar\u0131 Sergey Lavrov aras\u0131nda telefon dan\u0131\u015f\u0131\u011f\u0131 ba\u015f tutub.<\/p>\n<p>Bu bar\u0259d\u0259 Az\u0259rbaycan X\u0130N-d\u0259n m\u0259lumat verilib.<\/p>\n<p>Bildirilir ki, telefon dan\u0131\u015f\u0131\u011f\u0131 zaman\u0131 Az\u0259rbaycan v\u0259 Rusiya aras\u0131nda m\u00f6vcud ikit\u0259r\u0259fli m\u00fcnasib\u0259tl\u0259r, b\u00f6lg\u0259d\u0259 s\u00fclh v\u0259 sabitliyin t\u0259min edilm\u0259si istiqam\u0259tind\u0259 t\u0259dbirl\u0259r, Az\u0259rbaycanla Erm\u0259nistan aras\u0131nda normalla\u015fma prosesi v\u0259 bu istiqam\u0259td\u0259 m\u00f6vcud \u00e7\u0259tinlikl\u0259r m\u00fczakir\u0259 edilib.<\/p>\n<p>Telefon dan\u0131\u015f\u0131\u011f\u0131 zaman\u0131, h\u0259m\u00e7inin, qar\u015f\u0131l\u0131ql\u0131 maraq do\u011furan dig\u0259r m\u0259s\u0259l\u0259l\u0259r \u0259traf\u0131nda fikir m\u00fcbadil\u0259si apar\u0131l\u0131b.<\/p>\n","protected":false},"excerpt":{"rendered":"<p>Az\u0259rbaycan Respublikas\u0131n\u0131n xarici i\u015fl\u0259r naziri Ceyhun Bayramovla rusiyal\u0131 h\u0259mkar\u0131 Sergey Lavrov aras\u0131nda telefon dan\u0131\u015f\u0131\u011f\u0131 ba\u015f tutub. Bu bar\u0259d\u0259 Az\u0259rbaycan X\u0130N-d\u0259n m\u0259lumat verilib. Bildirilir ki, telefon dan\u0131\u015f\u0131\u011f\u0131 zaman\u0131 Az\u0259rbaycan v\u0259 Rusiya aras\u0131nda m\u00f6vcud ikit\u0259r\u0259fli m\u00fcnasib\u0259tl\u0259r, b\u00f6lg\u0259d\u0259 s\u00fclh v\u0259 sabitliyin t\u0259min edilm\u0259si istiqam\u0259tind\u0259 t\u0259dbirl\u0259r, Az\u0259rbaycanla Erm\u0259nistan aras\u0131nda normalla\u015fma prosesi v\u0259 bu istiqam\u0259td\u0259 m\u00f6vcud \u00e7\u0259tinlikl\u0259r m\u00fczakir\u0259 edilib. Telefon dan\u0131\u015f\u0131\u011f\u0131 zaman\u0131, h\u0259m\u00e7inin, qar\u015f\u0131l\u0131ql\u0131 maraq do\u011furan dig\u0259r m\u0259s\u0259l\u0259l\u0259r \u0259traf\u0131nda fikir m\u00fcbadil\u0259si apar\u0131l\u0131b.<\/p>\n","protected":false},"author":2,"featured_media":610714,"comment_status":"closed","ping_status":"closed","sticky":false,"template":"","format":"standard","meta":{"om_disable_all_campaigns":false,"_monsterinsights_skip_tracking":false,"_monsterinsights_sitenote_active":false,"_monsterinsights_sitenote_note":"","_monsterinsights_sitenote_category":0},"categories":[4],"tags":[],"aioseo_notices":[],"gutentor_comment":0,"rttpg_featured_image_url":{"full":["https:\/\/arantv.az\/wp-content\/uploads\/2023\/07\/FotoJet-6-4.jpg",620,413,false],"landscape":["https:\/\/arantv.az\/wp-content\/uploads\/2023\/07\/FotoJet-6-4.jpg",620,413,false],"portraits":["https:\/\/arantv.az\/wp-content\/uploads\/2023\/07\/FotoJet-6-4.jpg",620,413,false],"thumbnail":["https:\/\/arantv.az\/wp-content\/uploads\/2023\/07\/FotoJet-6-4-500x280.jpg",500,280,true],"medium":["https:\/\/arantv.az\/wp-content\/uploads\/2023\/07\/FotoJet-6-4-548x365.jpg",548,365,true],"large":["https:\/\/arantv.az\/wp-content\/uploads\/2023\/07\/FotoJet-6-4.jpg",620,413,false],"1536x1536":["https:\/\/arantv.az\/wp-content\/uploads\/2023\/07\/FotoJet-6-4.jpg",620,413,false],"2048x2048":["https:\/\/arantv.az\/wp-content\/uploads\/2023\/07\/FotoJet-6-4.jpg",620,413,false],"post-thumbnail":["https:\/\/arantv.az\/wp-content\/uploads\/2023\/07\/FotoJet-6-4-240x172.jpg",240,172,true],"advps-thumb-one":["https:\/\/arantv.az\/wp-content\/uploads\/2023\/07\/FotoJet-6-4.jpg",620,413,false]},"rttpg_author":{"display_name":"V\u00fcsal Rafiqo\u011flu","author_link":"https:\/\/arantv.az\/?author=2"},"rttpg_comment":0,"rttpg_category":"<a href=\"https:\/\/arantv.az\/?cat=4\" rel=\"category\">Siyas\u0259t<\/a>","rttpg_excerpt":"Az\u0259rbaycan Respublikas\u0131n\u0131n xarici i\u015fl\u0259r naziri Ceyhun Bayramovla rusiyal\u0131 h\u0259mkar\u0131 Sergey Lavrov aras\u0131nda telefon dan\u0131\u015f\u0131\u011f\u0131 ba\u015f tutub. Bu bar\u0259d\u0259 Az\u0259rbaycan X\u0130N-d\u0259n m\u0259lumat verilib. Bildirilir ki, telefon dan\u0131\u015f\u0131\u011f\u0131 zaman\u0131 Az\u0259rbaycan v\u0259 Rusiya aras\u0131nda m\u00f6vcud ikit\u0259r\u0259fli m\u00fcnasib\u0259tl\u0259r, b\u00f6lg\u0259d\u0259 s\u00fclh v\u0259 sabitliyin t\u0259min edilm\u0259si istiqam\u0259tind\u0259 t\u0259dbirl\u0259r, Az\u0259rbaycanla Erm\u0259nistan aras\u0131nda normalla\u015fma prosesi v\u0259 bu istiqam\u0259td\u0259 m\u00f6vcud \u00e7\u0259tinlikl\u0259r m\u00fczakir\u0259 edilib. Telefon&hellip;","_links":{"self":[{"href":"https:\/\/arantv.az\/index.php?rest_route=\/wp\/v2\/posts\/610713"}],"collection":[{"href":"https:\/\/arantv.az\/index.php?rest_route=\/wp\/v2\/posts"}],"about":[{"href":"https:\/\/arantv.az\/index.php?rest_route=\/wp\/v2\/types\/post"}],"author":[{"embeddable":true,"href":"https:\/\/arantv.az\/index.php?rest_route=\/wp\/v2\/users\/2"}],"replies":[{"embeddable":true,"href":"https:\/\/arantv.az\/index.php?rest_route=%2Fwp%2Fv2%2Fcomments&post=610713"}],"version-history":[{"count":0,"href":"https:\/\/arantv.az\/index.php?rest_route=\/wp\/v2\/posts\/610713\/revisions"}],"wp:featuredmedia":[{"embeddable":true,"href":"https:\/\/arantv.az\/index.php?rest_route=\/wp\/v2\/media\/610714"}],"wp:attachment":[{"href":"https:\/\/arantv.az\/index.php?rest_route=%2Fwp%2Fv2%2Fmedia&parent=610713"}],"wp:term":[{"taxonomy":"category","embeddable":true,"href":"https:\/\/arantv.az\/index.php?rest_route=%2Fwp%2Fv2%2Fcategories&post=610713"},{"taxonomy":"post_tag","embeddable":true,"href":"https:\/\/arantv.az\/index.php?rest_route=%2Fwp%2Fv2%2Ftags&post=610713"}],"curies":[{"name":"wp","href":"https:\/\/api.w.org\/{rel}","templated":true}]}}