{"id":611008,"date":"2023-07-22T15:41:41","date_gmt":"2023-07-22T11:41:41","guid":{"rendered":"https:\/\/arantv.az\/?p=611008"},"modified":"2023-07-22T15:41:41","modified_gmt":"2023-07-22T11:41:41","slug":"samaxidaki-agir-q%c9%99zada-ol%c9%99n-18-yasli-surucunun-fotolari","status":"publish","type":"post","link":"https:\/\/arantv.az\/?p=611008","title":{"rendered":"\u015eamax\u0131dak\u0131 a\u011f\u0131r q\u0259zada \u00f6l\u0259n 18 ya\u015fl\u0131 s\u00fcr\u00fcc\u00fcn\u00fcn FOTOLARI"},"content":{"rendered":"<p>\u015eamax\u0131da ba\u015f ver\u0259n a\u011f\u0131r q\u0259zada d\u00fcnyas\u0131n\u0131 d\u0259yi\u015f\u0259n 18 ya\u015fl\u0131 s\u00fcr\u00fcc\u00fc F\u0259rhad Quliyevin fotolar\u0131 yay\u0131l\u0131b.<\/p>\n<p>BAKU.WS\u00a0<a title=\"xeberler son xeberler 2023\" href=\"https:\/\/big.az\/\" target=\"_blank\" rel=\"noopener\">x\u0259b\u0259r<\/a>\u00a0verir ki, g\u00f6r\u00fcnt\u00fcl\u0259r sosial \u015f\u0259b\u0259k\u0259l\u0259rd\u0259 payla\u015f\u0131l\u0131b.<\/p>\n<p>S\u00f6z\u00fcged\u0259n fotolar\u0131 t\u0259qdim edirik:<\/p>\n<p><img class=\"imgbcode\" src=\"https:\/\/upload.az\/foto\/arxiv\/asagi5.jpeg\" alt=\"\u015eamax\u0131dak\u0131 a\u011f\u0131r q\u0259zada \u00f6l\u0259n 18 ya\u015fl\u0131 s\u00fcr\u00fcc\u00fcn\u00fcn FOTOLARI\" \/><img class=\"imgbcode\" src=\"https:\/\/upload.az\/foto\/arxiv\/asagi4.jpeg\" alt=\"\u015eamax\u0131dak\u0131 a\u011f\u0131r q\u0259zada \u00f6l\u0259n 18 ya\u015fl\u0131 s\u00fcr\u00fcc\u00fcn\u00fcn FOTOLARI\" \/><img class=\"imgbcode\" src=\"https:\/\/upload.az\/foto\/arxiv\/asagi3.jpeg\" alt=\"\u015eamax\u0131dak\u0131 a\u011f\u0131r q\u0259zada \u00f6l\u0259n 18 ya\u015fl\u0131 s\u00fcr\u00fcc\u00fcn\u00fcn FOTOLARI\" \/><img class=\"imgbcode\" src=\"https:\/\/upload.az\/foto\/arxiv\/asagi2.jpeg\" alt=\"\u015eamax\u0131dak\u0131 a\u011f\u0131r q\u0259zada \u00f6l\u0259n 18 ya\u015fl\u0131 s\u00fcr\u00fcc\u00fcn\u00fcn FOTOLARI\" \/><\/p>\n","protected":false},"excerpt":{"rendered":"<p>\u015eamax\u0131da ba\u015f ver\u0259n a\u011f\u0131r q\u0259zada d\u00fcnyas\u0131n\u0131 d\u0259yi\u015f\u0259n 18 ya\u015fl\u0131 s\u00fcr\u00fcc\u00fc F\u0259rhad Quliyevin fotolar\u0131 yay\u0131l\u0131b. BAKU.WS\u00a0x\u0259b\u0259r\u00a0verir ki, g\u00f6r\u00fcnt\u00fcl\u0259r sosial \u015f\u0259b\u0259k\u0259l\u0259rd\u0259 payla\u015f\u0131l\u0131b. S\u00f6z\u00fcged\u0259n fotolar\u0131 t\u0259qdim edirik:<\/p>\n","protected":false},"author":2,"featured_media":611009,"comment_status":"closed","ping_status":"closed","sticky":false,"template":"","format":"standard","meta":{"om_disable_all_campaigns":false,"_monsterinsights_skip_tracking":false,"_monsterinsights_sitenote_active":false,"_monsterinsights_sitenote_note":"","_monsterinsights_sitenote_category":0},"categories":[5],"tags":[],"aioseo_notices":[],"gutentor_comment":0,"rttpg_featured_image_url":{"full":["https:\/\/arantv.az\/wp-content\/uploads\/2023\/07\/asagi1.jpg",649,495,false],"landscape":["https:\/\/arantv.az\/wp-content\/uploads\/2023\/07\/asagi1.jpg",649,495,false],"portraits":["https:\/\/arantv.az\/wp-content\/uploads\/2023\/07\/asagi1.jpg",649,495,false],"thumbnail":["https:\/\/arantv.az\/wp-content\/uploads\/2023\/07\/asagi1-500x280.jpg",500,280,true],"medium":["https:\/\/arantv.az\/wp-content\/uploads\/2023\/07\/asagi1-479x365.jpg",479,365,true],"large":["https:\/\/arantv.az\/wp-content\/uploads\/2023\/07\/asagi1.jpg",640,488,false],"1536x1536":["https:\/\/arantv.az\/wp-content\/uploads\/2023\/07\/asagi1.jpg",649,495,false],"2048x2048":["https:\/\/arantv.az\/wp-content\/uploads\/2023\/07\/asagi1.jpg",649,495,false],"post-thumbnail":["https:\/\/arantv.az\/wp-content\/uploads\/2023\/07\/asagi1-240x172.jpg",240,172,true],"advps-thumb-one":["https:\/\/arantv.az\/wp-content\/uploads\/2023\/07\/asagi1.jpg",649,495,false]},"rttpg_author":{"display_name":"V\u00fcsal Rafiqo\u011flu","author_link":"https:\/\/arantv.az\/?author=2"},"rttpg_comment":0,"rttpg_category":"<a href=\"https:\/\/arantv.az\/?cat=5\" rel=\"category\">Hadis\u0259<\/a>","rttpg_excerpt":"\u015eamax\u0131da ba\u015f ver\u0259n a\u011f\u0131r q\u0259zada d\u00fcnyas\u0131n\u0131 d\u0259yi\u015f\u0259n 18 ya\u015fl\u0131 s\u00fcr\u00fcc\u00fc F\u0259rhad Quliyevin fotolar\u0131 yay\u0131l\u0131b. BAKU.WS\u00a0x\u0259b\u0259r\u00a0verir ki, g\u00f6r\u00fcnt\u00fcl\u0259r sosial \u015f\u0259b\u0259k\u0259l\u0259rd\u0259 payla\u015f\u0131l\u0131b. S\u00f6z\u00fcged\u0259n fotolar\u0131 t\u0259qdim edirik:","_links":{"self":[{"href":"https:\/\/arantv.az\/index.php?rest_route=\/wp\/v2\/posts\/611008"}],"collection":[{"href":"https:\/\/arantv.az\/index.php?rest_route=\/wp\/v2\/posts"}],"about":[{"href":"https:\/\/arantv.az\/index.php?rest_route=\/wp\/v2\/types\/post"}],"author":[{"embeddable":true,"href":"https:\/\/arantv.az\/index.php?rest_route=\/wp\/v2\/users\/2"}],"replies":[{"embeddable":true,"href":"https:\/\/arantv.az\/index.php?rest_route=%2Fwp%2Fv2%2Fcomments&post=611008"}],"version-history":[{"count":0,"href":"https:\/\/arantv.az\/index.php?rest_route=\/wp\/v2\/posts\/611008\/revisions"}],"wp:featuredmedia":[{"embeddable":true,"href":"https:\/\/arantv.az\/index.php?rest_route=\/wp\/v2\/media\/611009"}],"wp:attachment":[{"href":"https:\/\/arantv.az\/index.php?rest_route=%2Fwp%2Fv2%2Fmedia&parent=611008"}],"wp:term":[{"taxonomy":"category","embeddable":true,"href":"https:\/\/arantv.az\/index.php?rest_route=%2Fwp%2Fv2%2Fcategories&post=611008"},{"taxonomy":"post_tag","embeddable":true,"href":"https:\/\/arantv.az\/index.php?rest_route=%2Fwp%2Fv2%2Ftags&post=611008"}],"curies":[{"name":"wp","href":"https:\/\/api.w.org\/{rel}","templated":true}]}}