{"id":611011,"date":"2023-07-22T15:42:33","date_gmt":"2023-07-22T11:42:33","guid":{"rendered":"https:\/\/arantv.az\/?p=611011"},"modified":"2023-07-22T15:42:33","modified_gmt":"2023-07-22T11:42:33","slug":"prezident-mirsahinin-sualini-bel%c9%99-cavablandirdi-video","status":"publish","type":"post","link":"https:\/\/arantv.az\/?p=611011","title":{"rendered":"Prezident Mir\u015fahinin sual\u0131n\u0131 bel\u0259 cavabland\u0131rd\u0131 &#8211; V\u0130DEO"},"content":{"rendered":"<p><a title=\"xeberler son xeberler 2023\" href=\"https:\/\/big.az\/\" target=\"_blank\" rel=\"noopener\">X\u0259b\u0259r<\/a>\u00a0verdiyimiz kimi, \u00f6t\u0259n g\u00fcn &#8220;4-c\u00fc S\u0259naye \u0130nqilab\u0131 d\u00f6vr\u00fcnd\u0259 Yeni Media&#8221; m\u00f6vzusunda \u015eu\u015fa Qlobal Media Forumunun a\u00e7\u0131l\u0131\u015f m\u0259rasimi ke\u00e7irilib. Prezident \u0130lham \u018fliyev forumda i\u015ftirak edib v\u0259 suallar\u0131 cavabland\u0131r\u0131b.<\/p>\n<p>&#8220;Qafqazinfo&#8221;nun m\u0259lumat\u0131na g\u00f6r\u0259, d\u00f6vl\u0259t ba\u015f\u00e7\u0131s\u0131na sual ver\u0259nl\u0259r aras\u0131nda xarici media n\u00fcmay\u0259nd\u0259l\u0259ri il\u0259 yana\u015f\u0131 &#8220;Real&#8221; T\u0259hlil v\u0259 \u0130nformasiya M\u0259rk\u0259zinin r\u0259hb\u0259ri Mir\u015fahin A\u011fayev d\u0259 olub.<\/p>\n<p>O, &#8220;4-c\u00fc S\u0259naye \u0130nqilab\u0131 d\u00f6vr\u00fcnd\u0259 Yeni Media&#8221;n\u0131n qar\u015f\u0131s\u0131nda duran v\u0259zif\u0259l\u0259r s\u0131ras\u0131nda m\u0259hz dezinformasiyalarla m\u00fcbariz\u0259d\u0259n \u00f6tr\u00fc Siz bizd\u0259n n\u0259 t\u0259l\u0259b edirsiniz? \u00c7\u00fcnki Siz bizi Q\u0259l\u0259b\u0259y\u0259 g\u0259tirmisiniz. Bizim media m\u00fcbariz\u0259mizd\u0259 d\u0259 \u00f6n\u00fcm\u00fczd\u0259 Siz oldunuz v\u0259 Az\u0259rbaycan\u0131n informasiya blokadas\u0131n\u0131n yar\u0131lmas\u0131nda \u0259sas a\u00e7ar \u015f\u0259xs Siz oldunuz. Biz Sizin ard\u0131n\u0131zca getdik. Ona g\u00f6r\u0259 d\u0259 Sizd\u0259n bu m\u0259s\u0259l\u0259d\u0259 t\u00f6vsiy\u0259 ist\u0259yir\u0259m&#8221; sual\u0131n\u0131 s\u0259sl\u0259ndirib.<\/p>\n<p>Prezident is\u0259 onun sual\u0131na maraql\u0131 cavab verib: &#8220;S\u00f6z\u00fcn d\u00fcz\u00fc, m\u0259n bundan bir q\u0259d\u0259r uza\u011fam. \u00c7\u00fcnki Az\u0259rbaycan medias\u0131n\u0131n m\u00fcst\u0259qilliyi bizim c\u0259miyy\u0259timizin inki\u015faf\u0131 \u00fc\u00e7\u00fcn ba\u015fl\u0131ca \u015f\u0259rtl\u0259rd\u0259n biridir, bu, birincisi. \u0130kincisi, siz \u00f6z\u00fcn\u00fcz h\u0259r \u015feyi yax\u015f\u0131 bilirsiniz v\u0259 m\u0259n \u00e7ox \u015fadam ki, bizim mediam\u0131zda sa\u011flamla\u015fma prosesi u\u011furla gedir v\u0259 xalq\u0131n maraqlar\u0131na zidd, d\u00f6vl\u0259t maraqlar\u0131na z\u0259rb\u0259 vura bil\u0259c\u0259k yaz\u0131lar art\u0131q \u00e7ox nadir hallarda \u00fcz\u0259 \u00e7\u0131x\u0131r. Y\u0259ni, bu, yen\u0259 d\u0259 media n\u00fcmay\u0259nd\u0259l\u0259rinin m\u0259suliyy\u0259tind\u0259n x\u0259b\u0259r ver\u0259n amildir. Ona g\u00f6r\u0259 media n\u00fcmay\u0259nd\u0259l\u0259rin\u0259 m\u0259nim t\u00f6vsiy\u0259m budur ki, ancaq bel\u0259 d\u0259 davam edin&#8221;.<\/p>\n<p>H\u0259min g\u00f6r\u00fcnt\u00fcl\u0259ri t\u0259qdim edirik:<\/p>\n<div class=\"embed-responsive embed-responsive-16by9\"><iframe loading=\"lazy\" id=\"nmqembedid\" class=\"embed-responsive-item\" title=\"video player\" src=\"https:\/\/qafqazinfo.bax.tv\/embed\/181484.html\" width=\"600\" height=\"340\" frameborder=\"0\" scrolling=\"no\" allowfullscreen=\"allowfullscreen\" data-mce-fragment=\"1\"><\/iframe><\/div>\n","protected":false},"excerpt":{"rendered":"<p>X\u0259b\u0259r\u00a0verdiyimiz kimi, \u00f6t\u0259n g\u00fcn &#8220;4-c\u00fc S\u0259naye \u0130nqilab\u0131 d\u00f6vr\u00fcnd\u0259 Yeni Media&#8221; m\u00f6vzusunda \u015eu\u015fa Qlobal Media Forumunun a\u00e7\u0131l\u0131\u015f m\u0259rasimi ke\u00e7irilib. Prezident \u0130lham \u018fliyev forumda i\u015ftirak edib v\u0259 suallar\u0131 cavabland\u0131r\u0131b. &#8220;Qafqazinfo&#8221;nun m\u0259lumat\u0131na g\u00f6r\u0259, d\u00f6vl\u0259t ba\u015f\u00e7\u0131s\u0131na sual ver\u0259nl\u0259r aras\u0131nda xarici media n\u00fcmay\u0259nd\u0259l\u0259ri il\u0259 yana\u015f\u0131 &#8220;Real&#8221; T\u0259hlil v\u0259 \u0130nformasiya M\u0259rk\u0259zinin r\u0259hb\u0259ri Mir\u015fahin A\u011fayev d\u0259 olub. O, &#8220;4-c\u00fc S\u0259naye \u0130nqilab\u0131 d\u00f6vr\u00fcnd\u0259 Yeni Media&#8221;n\u0131n qar\u015f\u0131s\u0131nda duran v\u0259zif\u0259l\u0259r s\u0131ras\u0131nda m\u0259hz dezinformasiyalarla m\u00fcbariz\u0259d\u0259n \u00f6tr\u00fc Siz bizd\u0259n n\u0259 t\u0259l\u0259b edirsiniz? \u00c7\u00fcnki Siz bizi Q\u0259l\u0259b\u0259y\u0259 g\u0259tirmisiniz. Bizim media m\u00fcbariz\u0259mizd\u0259 d\u0259 \u00f6n\u00fcm\u00fczd\u0259 Siz oldunuz v\u0259 Az\u0259rbaycan\u0131n informasiya blokadas\u0131n\u0131n yar\u0131lmas\u0131nda \u0259sas a\u00e7ar \u015f\u0259xs&hellip;<\/p>\n","protected":false},"author":2,"featured_media":611012,"comment_status":"closed","ping_status":"closed","sticky":false,"template":"","format":"standard","meta":{"om_disable_all_campaigns":false,"_monsterinsights_skip_tracking":false,"_monsterinsights_sitenote_active":false,"_monsterinsights_sitenote_note":"","_monsterinsights_sitenote_category":0},"categories":[1],"tags":[],"aioseo_notices":[],"gutentor_comment":0,"rttpg_featured_image_url":{"full":["https:\/\/arantv.az\/wp-content\/uploads\/2023\/07\/mir_41690010627.jpg",637,400,false],"landscape":["https:\/\/arantv.az\/wp-content\/uploads\/2023\/07\/mir_41690010627.jpg",637,400,false],"portraits":["https:\/\/arantv.az\/wp-content\/uploads\/2023\/07\/mir_41690010627.jpg",637,400,false],"thumbnail":["https:\/\/arantv.az\/wp-content\/uploads\/2023\/07\/mir_41690010627-500x280.jpg",500,280,true],"medium":["https:\/\/arantv.az\/wp-content\/uploads\/2023\/07\/mir_41690010627-581x365.jpg",581,365,true],"large":["https:\/\/arantv.az\/wp-content\/uploads\/2023\/07\/mir_41690010627.jpg",637,400,false],"1536x1536":["https:\/\/arantv.az\/wp-content\/uploads\/2023\/07\/mir_41690010627.jpg",637,400,false],"2048x2048":["https:\/\/arantv.az\/wp-content\/uploads\/2023\/07\/mir_41690010627.jpg",637,400,false],"post-thumbnail":["https:\/\/arantv.az\/wp-content\/uploads\/2023\/07\/mir_41690010627-240x172.jpg",240,172,true],"advps-thumb-one":["https:\/\/arantv.az\/wp-content\/uploads\/2023\/07\/mir_41690010627.jpg",637,400,false]},"rttpg_author":{"display_name":"V\u00fcsal Rafiqo\u011flu","author_link":"https:\/\/arantv.az\/?author=2"},"rttpg_comment":0,"rttpg_category":"<a href=\"https:\/\/arantv.az\/?cat=1\" rel=\"category\">C\u0259miyy\u0259t<\/a>","rttpg_excerpt":"X\u0259b\u0259r\u00a0verdiyimiz kimi, \u00f6t\u0259n g\u00fcn &#8220;4-c\u00fc S\u0259naye \u0130nqilab\u0131 d\u00f6vr\u00fcnd\u0259 Yeni Media&#8221; m\u00f6vzusunda \u015eu\u015fa Qlobal Media Forumunun a\u00e7\u0131l\u0131\u015f m\u0259rasimi ke\u00e7irilib. Prezident \u0130lham \u018fliyev forumda i\u015ftirak edib v\u0259 suallar\u0131 cavabland\u0131r\u0131b. &#8220;Qafqazinfo&#8221;nun m\u0259lumat\u0131na g\u00f6r\u0259, d\u00f6vl\u0259t ba\u015f\u00e7\u0131s\u0131na sual ver\u0259nl\u0259r aras\u0131nda xarici media n\u00fcmay\u0259nd\u0259l\u0259ri il\u0259 yana\u015f\u0131 &#8220;Real&#8221; T\u0259hlil v\u0259 \u0130nformasiya M\u0259rk\u0259zinin r\u0259hb\u0259ri Mir\u015fahin A\u011fayev d\u0259 olub. O, &#8220;4-c\u00fc S\u0259naye \u0130nqilab\u0131 d\u00f6vr\u00fcnd\u0259&hellip;","_links":{"self":[{"href":"https:\/\/arantv.az\/index.php?rest_route=\/wp\/v2\/posts\/611011"}],"collection":[{"href":"https:\/\/arantv.az\/index.php?rest_route=\/wp\/v2\/posts"}],"about":[{"href":"https:\/\/arantv.az\/index.php?rest_route=\/wp\/v2\/types\/post"}],"author":[{"embeddable":true,"href":"https:\/\/arantv.az\/index.php?rest_route=\/wp\/v2\/users\/2"}],"replies":[{"embeddable":true,"href":"https:\/\/arantv.az\/index.php?rest_route=%2Fwp%2Fv2%2Fcomments&post=611011"}],"version-history":[{"count":0,"href":"https:\/\/arantv.az\/index.php?rest_route=\/wp\/v2\/posts\/611011\/revisions"}],"wp:featuredmedia":[{"embeddable":true,"href":"https:\/\/arantv.az\/index.php?rest_route=\/wp\/v2\/media\/611012"}],"wp:attachment":[{"href":"https:\/\/arantv.az\/index.php?rest_route=%2Fwp%2Fv2%2Fmedia&parent=611011"}],"wp:term":[{"taxonomy":"category","embeddable":true,"href":"https:\/\/arantv.az\/index.php?rest_route=%2Fwp%2Fv2%2Fcategories&post=611011"},{"taxonomy":"post_tag","embeddable":true,"href":"https:\/\/arantv.az\/index.php?rest_route=%2Fwp%2Fv2%2Ftags&post=611011"}],"curies":[{"name":"wp","href":"https:\/\/api.w.org\/{rel}","templated":true}]}}