{"id":611027,"date":"2023-07-22T16:05:21","date_gmt":"2023-07-22T12:05:21","guid":{"rendered":"https:\/\/arantv.az\/?p=611027"},"modified":"2023-07-22T16:05:21","modified_gmt":"2023-07-22T12:05:21","slug":"q%c9%99rbi-az%c9%99rbaycan-icmasi-erm%c9%99nistanin-bas-naziri-v%c9%99-xin-bascisinin-iddialarina-cavab-verib","status":"publish","type":"post","link":"https:\/\/arantv.az\/?p=611027","title":{"rendered":"Q\u0259rbi Az\u0259rbaycan \u0130cmas\u0131 Erm\u0259nistan\u0131n ba\u015f naziri v\u0259 X\u0130N ba\u015f\u00e7\u0131s\u0131n\u0131n iddialar\u0131na cavab verib"},"content":{"rendered":"<p>Q\u0259rbi Az\u0259rbaycan \u0130cmas\u0131 Erm\u0259nistan\u0131n ba\u015f naziri Nikol Pa\u015finyan\u0131n v\u0259 xarici i\u015fl\u0259r naziri Ararat Mirzoyan\u0131n son g\u00fcnl\u0259r s\u0259sl\u0259ndirdikl\u0259ri, Erm\u0259nistan h\u00f6kum\u0259tinin iki\u00fczl\u00fcl\u00fcy\u00fcn\u00fc v\u0259 insan haqlar\u0131 kimi n\u0259cib m\u0259fhumdan \u00f6z \u0259razi ekspansionist planlar\u0131 \u00fc\u00e7\u00fcn sui-istifad\u0259 etm\u0259sini a\u00e7\u0131q-a\u015fkar g\u00f6st\u0259r\u0259n b\u0259dnam iddialar\u0131n\u0131 if\u015fa etm\u0259kl\u0259 ba\u011fl\u0131 b\u0259yanat yay\u0131b.<\/p>\n<p>B\u0259yanatda qeyd olunub ki, Erm\u0259nistan \u00f6z \u0259razisind\u0259n az\u0259rbaycanl\u0131lar\u0131n ham\u0131s\u0131n\u0131 zorla qovmu\u015f, v\u0259 m\u0259d\u0259ni irsimizi, m\u00fcq\u0259dd\u0259s yerl\u0259rimizi, m\u0259zarl\u0131qlar\u0131m\u0131z t\u0259hqir ed\u0259r\u0259k v\u0259 da\u011f\u0131daraq, v\u0259t\u0259nimizd\u0259 varl\u0131\u011f\u0131m\u0131z\u0131n izl\u0259rini silm\u0259y\u0259 \u00e7al\u0131\u015f\u0131r.<\/p>\n<p>\u201cBizim t\u0259hl\u00fck\u0259siz v\u0259 l\u0259yaq\u0259tl\u0259 evl\u0259rimiz\u0259 qay\u0131tmaq \u00fc\u00e7\u00fcn davaml\u0131 dialoq \u00e7a\u011f\u0131r\u0131\u015flar\u0131m\u0131za v\u0259 s\u0259yl\u0259rimiz\u0259 baxmayaraq, Erm\u0259nistan h\u00fcquqlar\u0131m\u0131za tam h\u00f6rm\u0259tsizlik n\u00fcmayi\u015f etdir\u0259r\u0259k, bu m\u0259s\u0259l\u0259 il\u0259 ba\u011fl\u0131 m\u00fczakir\u0259l\u0259rd\u0259n imtina edir\u201d, &#8211; b\u0259yanatda vur\u011fulan\u0131b.<\/p>\n<p>Erm\u0259nistan \u00f6z \u0259razisind\u0259n qovdu\u011fu az\u0259rbaycanl\u0131lar\u0131n evl\u0259rin\u0259 qay\u0131tmas\u0131n\u0131n qar\u015f\u0131s\u0131n\u0131 alma\u011fa davam ed\u0259rk\u0259n, Az\u0259rbaycan\u0131n Qaraba\u011f \u0130qtisadi Rayonunda ya\u015fayan etnik erm\u0259nil\u0259rl\u0259 ba\u011fl\u0131 insan haqlar\u0131 arqumentl\u0259rind\u0259n h\u0259yas\u0131zcas\u0131na sui-istifad\u0259 etm\u0259y\u0259 \u00e7al\u0131\u015f\u0131r. Erm\u0259nistan\u0131n iddialar\u0131 mahiyy\u0259tc\u0259 \u0259sass\u0131z olmaqla b\u0259rab\u0259r, Az\u0259rbaycan\u0131n suverenliyi v\u0259 \u0259razi b\u00fct\u00f6vl\u00fcy\u00fcn\u0259 q\u0259sd xarakteri da\u015f\u0131y\u0131r. Erm\u0259nistan Az\u0259rbaycan\u0131n \u0259razi b\u00fct\u00f6vl\u00fcy\u00fcn\u00fc yaln\u0131z \u015f\u0259rti olaraq tan\u0131maqla \u0259sl niyy\u0259tini ortaya qoyur v\u0259 bununla da separat\u00e7\u0131l\u0131q c\u0259hdl\u0259ri \u00fc\u00e7\u00fcn imkanlar\u0131 a\u00e7\u0131q saxlama\u011fa \u00e7al\u0131\u015f\u0131r. Erm\u0259nistan\u0131n bu davran\u0131\u015f\u0131 beyn\u0259lxalq h\u00fcququn a\u00e7\u0131q \u015f\u0259kild\u0259 pozulmas\u0131d\u0131r v\u0259 AT\u018fT-in d\u00f6vl\u0259tl\u0259raras\u0131 m\u00fcnasib\u0259tl\u0259rd\u0259 milli azl\u0131qlara dair t\u00f6vsiy\u0259l\u0259rind\u0259 \u0259ksini tapm\u0131\u015f prinsipl\u0259r\u0259 tamamil\u0259 ziddir. Xat\u0131rladaq ki, AT\u018fT-in t\u00f6vsiy\u0259l\u0259rind\u0259 dig\u0259r m\u0259s\u0259l\u0259l\u0259rl\u0259 yana\u015f\u0131 a\u015fa\u011f\u0131dak\u0131lar qeyd edilir:<\/p>\n<p>\u201cD\u00f6vl\u0259tl\u0259r xaricd\u0259ki milli azl\u0131qlara \u00f6z \u0259razisind\u0259 olan milli azl\u0131qlardan daha \u00e7ox maraq g\u00f6st\u0259rs\u0259l\u0259r v\u0259 ya ba\u015fqa yerl\u0259rd\u0259ki azl\u0131qlara etinas\u0131zl\u0131q n\u00fcmayi\u015f etdirdikl\u0259ri halda m\u00fc\u0259yy\u0259n bir milli azl\u0131\u011f\u0131 f\u0259al \u015f\u0259kild\u0259 d\u0259st\u0259kl\u0259s\u0259l\u0259r, onda onlar\u0131n h\u0259r\u0259k\u0259tl\u0259rinin motivl\u0259ri v\u0259 etibarl\u0131l\u0131\u011f\u0131 sual alt\u0131na al\u0131nmal\u0131d\u0131r\u201d.<\/p>\n<p>Erm\u0259nistan\u0131n bizim geri qay\u0131tmaq h\u00fcququmuza m\u0259h\u0259l qoymamas\u0131, bu proses\u0259 yard\u0131m etm\u0259k v\u0259 Erm\u0259nistandak\u0131 Az\u0259rbaycan m\u0259d\u0259ni irsinin v\u0259ziyy\u0259tini qiym\u0259tl\u0259ndirm\u0259k \u00fc\u00e7\u00fcn beyn\u0259lxalq missiyalar\u0131 q\u0259bul etm\u0259kd\u0259n imtina etm\u0259si ham\u0131l\u0131qla pisl\u0259nm\u0259lidir. Beyn\u0259lxalq ictimaiyy\u0259t Erm\u0259nistan\u0131n a\u00e7\u0131q-a\u015fkar \u015f\u0259kild\u0259 \u00f6z \u0259razisind\u0259 h\u0259yata ke\u00e7irdiyi \u201cetnik azl\u0131q yoxdursa, problem d\u0259 yoxdur\u201d yana\u015fmas\u0131na \u0259saslanan siyas\u0259tini r\u0259dd etm\u0259lidir.<\/p>\n<p>Bu azm\u0131\u015f kimi, Erm\u0259nistan Az\u0259rbaycana qar\u015f\u0131 \u0259razi iddialar\u0131n\u0131 h\u0259yata ke\u00e7irm\u0259k \u00fc\u00e7\u00fcn insan haqlar\u0131 ritorikas\u0131ndan kobud \u015f\u0259kild\u0259 sui-istifad\u0259 edir. Q\u0259rbi Az\u0259rbaycan \u0130cmas\u0131 beyn\u0259lxalq ictimaiyy\u0259ti Erm\u0259nistan\u0131n h\u0259r\u0259k\u0259tl\u0259rini da\u015f\u0131d\u0131\u011f\u0131 m\u0259hz bu mahiyy\u0259tin\u0259 g\u00f6r\u0259 pisl\u0259m\u0259y\u0259 \u00e7a\u011f\u0131r\u0131r. Biz Erm\u0259nistandan qovulmu\u015f az\u0259rbaycanl\u0131lar\u0131n Erm\u0259nistandak\u0131 evl\u0259rin\u0259 t\u0259hl\u00fck\u0259siz v\u0259 l\u0259yaq\u0259tl\u0259 qay\u0131tmas\u0131n\u0131 t\u0259min etm\u0259k \u00fc\u00e7\u00fcn \u00fcz\u0259rin\u0259 d\u00fc\u015f\u0259n \u00f6hd\u0259likl\u0259ri yerin\u0259 yetirm\u0259sini v\u0259 insan haqlar\u0131ndan f\u00fcrs\u0259t\u00e7i v\u0259 iki\u00fczl\u00fc \u015f\u0259kild\u0259 sui-istifad\u0259sin\u0259 son qoymas\u0131n\u0131 t\u0259l\u0259b edirik.<\/p>\n<p>\u018fdal\u0259t v\u0259 geri qay\u0131tmaq h\u00fcququ u\u011frunda m\u00fcbariz\u0259mizi davam etdirm\u0259kl\u0259 biz dinc dialoqa sadiqliyimizi bir daha b\u0259yan edirik. Biz d\u00fcnya ictimaiyy\u0259tini etnik m\u0259nsubiyy\u0259tind\u0259n v\u0259 dinind\u0259n as\u0131l\u0131 olmayaraq b\u00fct\u00fcn insanlar\u0131n h\u00fcquqlar\u0131na h\u00f6rm\u0259t edildiyi v\u0259 qorundu\u011fu bir g\u0259l\u0259c\u0259k namin\u0259 h\u0259yata ke\u00e7irdiyimiz f\u0259aliyy\u0259timiz\u0259 d\u0259st\u0259k olma\u011fa v\u0259 biziml\u0259 h\u0259mr\u0259y olma\u011fa \u00e7a\u011f\u0131r\u0131r\u0131q.<\/p>\n","protected":false},"excerpt":{"rendered":"<p>Q\u0259rbi Az\u0259rbaycan \u0130cmas\u0131 Erm\u0259nistan\u0131n ba\u015f naziri Nikol Pa\u015finyan\u0131n v\u0259 xarici i\u015fl\u0259r naziri Ararat Mirzoyan\u0131n son g\u00fcnl\u0259r s\u0259sl\u0259ndirdikl\u0259ri, Erm\u0259nistan h\u00f6kum\u0259tinin iki\u00fczl\u00fcl\u00fcy\u00fcn\u00fc v\u0259 insan haqlar\u0131 kimi n\u0259cib m\u0259fhumdan \u00f6z \u0259razi ekspansionist planlar\u0131 \u00fc\u00e7\u00fcn sui-istifad\u0259 etm\u0259sini a\u00e7\u0131q-a\u015fkar g\u00f6st\u0259r\u0259n b\u0259dnam iddialar\u0131n\u0131 if\u015fa etm\u0259kl\u0259 ba\u011fl\u0131 b\u0259yanat yay\u0131b. B\u0259yanatda qeyd olunub ki, Erm\u0259nistan \u00f6z \u0259razisind\u0259n az\u0259rbaycanl\u0131lar\u0131n ham\u0131s\u0131n\u0131 zorla qovmu\u015f, v\u0259 m\u0259d\u0259ni irsimizi, m\u00fcq\u0259dd\u0259s yerl\u0259rimizi, m\u0259zarl\u0131qlar\u0131m\u0131z t\u0259hqir ed\u0259r\u0259k v\u0259 da\u011f\u0131daraq, v\u0259t\u0259nimizd\u0259 varl\u0131\u011f\u0131m\u0131z\u0131n izl\u0259rini silm\u0259y\u0259 \u00e7al\u0131\u015f\u0131r. \u201cBizim t\u0259hl\u00fck\u0259siz v\u0259 l\u0259yaq\u0259tl\u0259 evl\u0259rimiz\u0259 qay\u0131tmaq \u00fc\u00e7\u00fcn davaml\u0131 dialoq \u00e7a\u011f\u0131r\u0131\u015flar\u0131m\u0131za v\u0259 s\u0259yl\u0259rimiz\u0259 baxmayaraq, Erm\u0259nistan h\u00fcquqlar\u0131m\u0131za tam h\u00f6rm\u0259tsizlik n\u00fcmayi\u015f etdir\u0259r\u0259k, bu m\u0259s\u0259l\u0259 il\u0259&hellip;<\/p>\n","protected":false},"author":2,"featured_media":611028,"comment_status":"closed","ping_status":"closed","sticky":false,"template":"","format":"standard","meta":{"om_disable_all_campaigns":false,"_monsterinsights_skip_tracking":false,"_monsterinsights_sitenote_active":false,"_monsterinsights_sitenote_note":"","_monsterinsights_sitenote_category":0},"categories":[4],"tags":[],"aioseo_notices":[],"gutentor_comment":0,"rttpg_featured_image_url":{"full":["https:\/\/arantv.az\/wp-content\/uploads\/2023\/07\/eb8fc95a-7a51-31ef-9629-3540855a6ba1_850-1.jpg",620,413,false],"landscape":["https:\/\/arantv.az\/wp-content\/uploads\/2023\/07\/eb8fc95a-7a51-31ef-9629-3540855a6ba1_850-1.jpg",620,413,false],"portraits":["https:\/\/arantv.az\/wp-content\/uploads\/2023\/07\/eb8fc95a-7a51-31ef-9629-3540855a6ba1_850-1.jpg",620,413,false],"thumbnail":["https:\/\/arantv.az\/wp-content\/uploads\/2023\/07\/eb8fc95a-7a51-31ef-9629-3540855a6ba1_850-1-500x280.jpg",500,280,true],"medium":["https:\/\/arantv.az\/wp-content\/uploads\/2023\/07\/eb8fc95a-7a51-31ef-9629-3540855a6ba1_850-1-548x365.jpg",548,365,true],"large":["https:\/\/arantv.az\/wp-content\/uploads\/2023\/07\/eb8fc95a-7a51-31ef-9629-3540855a6ba1_850-1.jpg",620,413,false],"1536x1536":["https:\/\/arantv.az\/wp-content\/uploads\/2023\/07\/eb8fc95a-7a51-31ef-9629-3540855a6ba1_850-1.jpg",620,413,false],"2048x2048":["https:\/\/arantv.az\/wp-content\/uploads\/2023\/07\/eb8fc95a-7a51-31ef-9629-3540855a6ba1_850-1.jpg",620,413,false],"post-thumbnail":["https:\/\/arantv.az\/wp-content\/uploads\/2023\/07\/eb8fc95a-7a51-31ef-9629-3540855a6ba1_850-1-240x172.jpg",240,172,true],"advps-thumb-one":["https:\/\/arantv.az\/wp-content\/uploads\/2023\/07\/eb8fc95a-7a51-31ef-9629-3540855a6ba1_850-1.jpg",620,413,false]},"rttpg_author":{"display_name":"V\u00fcsal Rafiqo\u011flu","author_link":"https:\/\/arantv.az\/?author=2"},"rttpg_comment":0,"rttpg_category":"<a href=\"https:\/\/arantv.az\/?cat=4\" rel=\"category\">Siyas\u0259t<\/a>","rttpg_excerpt":"Q\u0259rbi Az\u0259rbaycan \u0130cmas\u0131 Erm\u0259nistan\u0131n ba\u015f naziri Nikol Pa\u015finyan\u0131n v\u0259 xarici i\u015fl\u0259r naziri Ararat Mirzoyan\u0131n son g\u00fcnl\u0259r s\u0259sl\u0259ndirdikl\u0259ri, Erm\u0259nistan h\u00f6kum\u0259tinin iki\u00fczl\u00fcl\u00fcy\u00fcn\u00fc v\u0259 insan haqlar\u0131 kimi n\u0259cib m\u0259fhumdan \u00f6z \u0259razi ekspansionist planlar\u0131 \u00fc\u00e7\u00fcn sui-istifad\u0259 etm\u0259sini a\u00e7\u0131q-a\u015fkar g\u00f6st\u0259r\u0259n b\u0259dnam iddialar\u0131n\u0131 if\u015fa etm\u0259kl\u0259 ba\u011fl\u0131 b\u0259yanat yay\u0131b. B\u0259yanatda qeyd olunub ki, Erm\u0259nistan \u00f6z \u0259razisind\u0259n az\u0259rbaycanl\u0131lar\u0131n ham\u0131s\u0131n\u0131 zorla qovmu\u015f, v\u0259 m\u0259d\u0259ni&hellip;","_links":{"self":[{"href":"https:\/\/arantv.az\/index.php?rest_route=\/wp\/v2\/posts\/611027"}],"collection":[{"href":"https:\/\/arantv.az\/index.php?rest_route=\/wp\/v2\/posts"}],"about":[{"href":"https:\/\/arantv.az\/index.php?rest_route=\/wp\/v2\/types\/post"}],"author":[{"embeddable":true,"href":"https:\/\/arantv.az\/index.php?rest_route=\/wp\/v2\/users\/2"}],"replies":[{"embeddable":true,"href":"https:\/\/arantv.az\/index.php?rest_route=%2Fwp%2Fv2%2Fcomments&post=611027"}],"version-history":[{"count":0,"href":"https:\/\/arantv.az\/index.php?rest_route=\/wp\/v2\/posts\/611027\/revisions"}],"wp:featuredmedia":[{"embeddable":true,"href":"https:\/\/arantv.az\/index.php?rest_route=\/wp\/v2\/media\/611028"}],"wp:attachment":[{"href":"https:\/\/arantv.az\/index.php?rest_route=%2Fwp%2Fv2%2Fmedia&parent=611027"}],"wp:term":[{"taxonomy":"category","embeddable":true,"href":"https:\/\/arantv.az\/index.php?rest_route=%2Fwp%2Fv2%2Fcategories&post=611027"},{"taxonomy":"post_tag","embeddable":true,"href":"https:\/\/arantv.az\/index.php?rest_route=%2Fwp%2Fv2%2Ftags&post=611027"}],"curies":[{"name":"wp","href":"https:\/\/api.w.org\/{rel}","templated":true}]}}