{"id":611030,"date":"2023-07-22T16:05:59","date_gmt":"2023-07-22T12:05:59","guid":{"rendered":"https:\/\/arantv.az\/?p=611030"},"modified":"2023-07-22T16:05:59","modified_gmt":"2023-07-22T12:05:59","slug":"bora-bayraktar-mu%c9%99yy%c9%99n-regionlar-haqqinda-reportaj-hazirlayark%c9%99n-sosial-h%c9%99yati-n%c9%99z%c9%99r%c9%99-almaliyiq","status":"publish","type":"post","link":"https:\/\/arantv.az\/?p=611030","title":{"rendered":"Bora Bayraktar: \u201cM\u00fc\u0259yy\u0259n regionlar haqq\u0131nda reportaj haz\u0131rlayark\u0259n sosial h\u0259yat\u0131 n\u0259z\u0259r\u0259 almal\u0131y\u0131q\u201d"},"content":{"rendered":"<p>\u201cBir s\u0131ra m\u0259s\u0259l\u0259l\u0259r var ki, onlara h\u0259ssas yana\u015fm\u0131r\u0131q. Jurnalist olaraq v\u0259zif\u0259miz ondan ibar\u0259tdir ki, biz dig\u0259rl\u0259rind\u0259n f\u0259rql\u0259n\u0259k, insanlara z\u0259r\u0259r ver\u0259c\u0259k x\u0259b\u0259r yaymayaq. Eyni zamanda, m\u00fc\u0259yy\u0259n regionlar haqq\u0131nda reportaj haz\u0131rlayark\u0259n sosial h\u0259yat\u0131, \u0259traf m\u00fchiti n\u0259z\u0259r\u0259 almal\u0131y\u0131q\u201d.<\/p>\n<p>AZ\u018fRTAC x\u0259b\u0259r verir ki, bu fikirl\u0259ri \u015eu\u015fa \u015f\u0259h\u0259rind\u0259 ke\u00e7iril\u0259n Qlobal Media Forumunun \u201cMediada investisiya v\u0259 istehlak tendensiyalar\u0131\u201d adl\u0131 sessiyas\u0131nda \u00e7\u0131x\u0131\u015f\u0131 zaman\u0131 jurnalist, media meneceri Bora Bayraktar s\u00f6yl\u0259yib.<\/p>\n<p>B\u0259\u015f\u0259riyy\u0259tin m\u00fcxt\u0259lif \u00e7a\u011f\u0131r\u0131\u015flarla \u00fczl\u0259\u015fdiyini diqq\u0259t\u0259 \u00e7atd\u0131ran Bora Bayraktar \u0259lav\u0259 edib:<\/p>\n<p>\u201cBizim kifay\u0259t q\u0259d\u0259r b\u0259lli kimliyimiz var. TRT r\u0259hb\u0259rliyi olaraq kimliyimizi dikt\u0259 etmirik. Bu, onsuz da m\u00f6vcuddur. H\u0259tta T\u00fcrkiy\u0259d\u0259n k\u0259narda da tan\u0131n\u0131r\u0131q. Bu, d\u00fcnyan\u0131 nec\u0259, hans\u0131 \u015f\u0259kild\u0259 i\u015f\u0131qland\u0131rma\u011f\u0131m\u0131z\u0131n n\u0259tic\u0259sidir. Bu, bir \u00e7a\u011f\u0131r\u0131\u015fd\u0131r\u201d.<\/p>\n<p>Komanda formala\u015fd\u0131rma\u011f\u0131n yollar\u0131ndan dan\u0131\u015fan B.Bayraktar vur\u011fulay\u0131b:<\/p>\n<p>\u201c\u00c7a\u011f\u0131r\u0131\u015flardan biri d\u0259 odur ki, biz m\u00fcxt\u0259lif \u00f6lk\u0259l\u0259rin v\u0259t\u0259nda\u015flar\u0131 il\u0259 birlikd\u0259 layih\u0259l\u0259r h\u0259yata ke\u00e7iririk, onlarla s\u0131x \u0259m\u0259kda\u015fl\u0131q edirik. Buna uy\u011fun olaraq yola \u00e7\u0131xmaq u\u011furlu n\u0259tic\u0259l\u0259r verir. Biz bu istiqam\u0259td\u0259 u\u011furluyuq\u201d.<\/p>\n","protected":false},"excerpt":{"rendered":"<p>\u201cBir s\u0131ra m\u0259s\u0259l\u0259l\u0259r var ki, onlara h\u0259ssas yana\u015fm\u0131r\u0131q. Jurnalist olaraq v\u0259zif\u0259miz ondan ibar\u0259tdir ki, biz dig\u0259rl\u0259rind\u0259n f\u0259rql\u0259n\u0259k, insanlara z\u0259r\u0259r ver\u0259c\u0259k x\u0259b\u0259r yaymayaq. Eyni zamanda, m\u00fc\u0259yy\u0259n regionlar haqq\u0131nda reportaj haz\u0131rlayark\u0259n sosial h\u0259yat\u0131, \u0259traf m\u00fchiti n\u0259z\u0259r\u0259 almal\u0131y\u0131q\u201d. AZ\u018fRTAC x\u0259b\u0259r verir ki, bu fikirl\u0259ri \u015eu\u015fa \u015f\u0259h\u0259rind\u0259 ke\u00e7iril\u0259n Qlobal Media Forumunun \u201cMediada investisiya v\u0259 istehlak tendensiyalar\u0131\u201d adl\u0131 sessiyas\u0131nda \u00e7\u0131x\u0131\u015f\u0131 zaman\u0131 jurnalist, media meneceri Bora Bayraktar s\u00f6yl\u0259yib. B\u0259\u015f\u0259riyy\u0259tin m\u00fcxt\u0259lif \u00e7a\u011f\u0131r\u0131\u015flarla \u00fczl\u0259\u015fdiyini diqq\u0259t\u0259 \u00e7atd\u0131ran Bora Bayraktar \u0259lav\u0259 edib: \u201cBizim kifay\u0259t q\u0259d\u0259r b\u0259lli kimliyimiz var. TRT r\u0259hb\u0259rliyi olaraq kimliyimizi dikt\u0259 etmirik. Bu, onsuz da m\u00f6vcuddur. H\u0259tta T\u00fcrkiy\u0259d\u0259n&hellip;<\/p>\n","protected":false},"author":2,"featured_media":611031,"comment_status":"closed","ping_status":"closed","sticky":false,"template":"","format":"standard","meta":{"om_disable_all_campaigns":false,"_monsterinsights_skip_tracking":false,"_monsterinsights_sitenote_active":false,"_monsterinsights_sitenote_note":"","_monsterinsights_sitenote_category":0},"categories":[4],"tags":[],"aioseo_notices":[],"gutentor_comment":0,"rttpg_featured_image_url":{"full":["https:\/\/arantv.az\/wp-content\/uploads\/2023\/07\/16900262824713035272_1200x630.jpg",620,413,false],"landscape":["https:\/\/arantv.az\/wp-content\/uploads\/2023\/07\/16900262824713035272_1200x630.jpg",620,413,false],"portraits":["https:\/\/arantv.az\/wp-content\/uploads\/2023\/07\/16900262824713035272_1200x630.jpg",620,413,false],"thumbnail":["https:\/\/arantv.az\/wp-content\/uploads\/2023\/07\/16900262824713035272_1200x630-500x280.jpg",500,280,true],"medium":["https:\/\/arantv.az\/wp-content\/uploads\/2023\/07\/16900262824713035272_1200x630-548x365.jpg",548,365,true],"large":["https:\/\/arantv.az\/wp-content\/uploads\/2023\/07\/16900262824713035272_1200x630.jpg",620,413,false],"1536x1536":["https:\/\/arantv.az\/wp-content\/uploads\/2023\/07\/16900262824713035272_1200x630.jpg",620,413,false],"2048x2048":["https:\/\/arantv.az\/wp-content\/uploads\/2023\/07\/16900262824713035272_1200x630.jpg",620,413,false],"post-thumbnail":["https:\/\/arantv.az\/wp-content\/uploads\/2023\/07\/16900262824713035272_1200x630-240x172.jpg",240,172,true],"advps-thumb-one":["https:\/\/arantv.az\/wp-content\/uploads\/2023\/07\/16900262824713035272_1200x630.jpg",620,413,false]},"rttpg_author":{"display_name":"V\u00fcsal Rafiqo\u011flu","author_link":"https:\/\/arantv.az\/?author=2"},"rttpg_comment":0,"rttpg_category":"<a href=\"https:\/\/arantv.az\/?cat=4\" rel=\"category\">Siyas\u0259t<\/a>","rttpg_excerpt":"\u201cBir s\u0131ra m\u0259s\u0259l\u0259l\u0259r var ki, onlara h\u0259ssas yana\u015fm\u0131r\u0131q. Jurnalist olaraq v\u0259zif\u0259miz ondan ibar\u0259tdir ki, biz dig\u0259rl\u0259rind\u0259n f\u0259rql\u0259n\u0259k, insanlara z\u0259r\u0259r ver\u0259c\u0259k x\u0259b\u0259r yaymayaq. Eyni zamanda, m\u00fc\u0259yy\u0259n regionlar haqq\u0131nda reportaj haz\u0131rlayark\u0259n sosial h\u0259yat\u0131, \u0259traf m\u00fchiti n\u0259z\u0259r\u0259 almal\u0131y\u0131q\u201d. AZ\u018fRTAC x\u0259b\u0259r verir ki, bu fikirl\u0259ri \u015eu\u015fa \u015f\u0259h\u0259rind\u0259 ke\u00e7iril\u0259n Qlobal Media Forumunun \u201cMediada investisiya v\u0259 istehlak tendensiyalar\u0131\u201d adl\u0131 sessiyas\u0131nda \u00e7\u0131x\u0131\u015f\u0131&hellip;","_links":{"self":[{"href":"https:\/\/arantv.az\/index.php?rest_route=\/wp\/v2\/posts\/611030"}],"collection":[{"href":"https:\/\/arantv.az\/index.php?rest_route=\/wp\/v2\/posts"}],"about":[{"href":"https:\/\/arantv.az\/index.php?rest_route=\/wp\/v2\/types\/post"}],"author":[{"embeddable":true,"href":"https:\/\/arantv.az\/index.php?rest_route=\/wp\/v2\/users\/2"}],"replies":[{"embeddable":true,"href":"https:\/\/arantv.az\/index.php?rest_route=%2Fwp%2Fv2%2Fcomments&post=611030"}],"version-history":[{"count":0,"href":"https:\/\/arantv.az\/index.php?rest_route=\/wp\/v2\/posts\/611030\/revisions"}],"wp:featuredmedia":[{"embeddable":true,"href":"https:\/\/arantv.az\/index.php?rest_route=\/wp\/v2\/media\/611031"}],"wp:attachment":[{"href":"https:\/\/arantv.az\/index.php?rest_route=%2Fwp%2Fv2%2Fmedia&parent=611030"}],"wp:term":[{"taxonomy":"category","embeddable":true,"href":"https:\/\/arantv.az\/index.php?rest_route=%2Fwp%2Fv2%2Fcategories&post=611030"},{"taxonomy":"post_tag","embeddable":true,"href":"https:\/\/arantv.az\/index.php?rest_route=%2Fwp%2Fv2%2Ftags&post=611030"}],"curies":[{"name":"wp","href":"https:\/\/api.w.org\/{rel}","templated":true}]}}