{"id":611043,"date":"2023-07-22T16:24:12","date_gmt":"2023-07-22T12:24:12","guid":{"rendered":"https:\/\/arantv.az\/?p=611043"},"modified":"2023-07-22T16:24:12","modified_gmt":"2023-07-22T12:24:12","slug":"xaricd%c9%99-ali-t%c9%99hsil-almis-s%c9%99xsl%c9%99r-pes%c9%99-taninmasi-uzr%c9%99-imtahan-ver%c9%99c%c9%99kl%c9%99r","status":"publish","type":"post","link":"https:\/\/arantv.az\/?p=611043","title":{"rendered":"Xaricd\u0259 ali t\u0259hsil alm\u0131\u015f \u015f\u0259xsl\u0259r pe\u015f\u0259 tan\u0131nmas\u0131 \u00fczr\u0259 imtahan ver\u0259c\u0259kl\u0259r"},"content":{"rendered":"<p>D\u00f6vl\u0259t \u0130mtahan M\u0259rk\u0259zi (D\u0130M) iyulun 29-da m\u00fc\u0259llimlik, m\u00fch\u0259ndislik v\u0259 h\u00fcquq ixtisaslar\u0131 \u00fczr\u0259 xarici d\u00f6vl\u0259tl\u0259rd\u0259 ali t\u0259hsil alm\u0131\u015f \u015f\u0259xsl\u0259r \u00fc\u00e7\u00fcn pe\u015f\u0259 tan\u0131nmas\u0131 \u00fczr\u0259 imtahan ke\u00e7ir\u0259c\u0259k. \u0130mtahan D\u0130M-in N\u0259simi rayonu, \u018f.Salamzad\u0259 k\u00fc\u00e7\u0259si, 28 \u00fcnvan\u0131nda yerl\u0259\u015f\u0259n inzibati binas\u0131nda t\u0259\u015fkil edil\u0259c\u0259k.<\/p>\n<p><strong>ARANTV.AZ\u00a0 x\u0259b\u0259r verir ki,<\/strong>\u00a0bu bar\u0259d\u0259 T\u0259hsild\u0259 Keyfiyy\u0259t T\u0259minat\u0131 Agentliyi m\u0259lumat yay\u0131b.<\/p>\n<p>Qeyd edilib ki, Nazirl\u0259r Kabinetinin 2023-c\u00fc il 3 fevral tarixli Q\u0259rar\u0131 il\u0259 t\u0259sdiq edilmi\u015f \u201cXarici d\u00f6vl\u0259tl\u0259rin ali t\u0259hsil\u0259 aid kvalifikasiyalar\u0131n\u0131n tan\u0131nmas\u0131 Qaydalar\u0131\u201dn\u0131n 6.2-ci b\u0259ndin\u0259 \u0259sas\u0259n m\u00fc\u0259llimlik, m\u00fch\u0259ndislik v\u0259 h\u00fcquq ixtisaslar\u0131 \u00fczr\u0259 \u0259riz\u0259\u00e7inin Elm v\u0259 T\u0259hsil Nazirliyinin tabeliyind\u0259 f\u0259aliyy\u0259t g\u00f6st\u0259r\u0259n T\u0259hsild\u0259 Keyfiyy\u0259t T\u0259minat\u0131 Agentliyinin sifari\u015fi il\u0259 D\u00f6vl\u0259t \u0130mtahan M\u0259rk\u0259zinin t\u0259\u015fkil etdiyi s\u0131naq imtahan\u0131nda m\u00fcv\u0259ff\u0259qiyy\u0259t qazanmas\u0131 (ke\u00e7id bal\u0131n\u0131n toplanmas\u0131) t\u0259l\u0259b olunur. \u0130mtahan\u0131n m\u0259zmunu, vaxt\u0131, imtahan n\u0259tic\u0259l\u0259rinin qiym\u0259tl\u0259ndirilm\u0259si qaydas\u0131 v\u0259 ke\u00e7id bal\u0131 agentlikl\u0259 raz\u0131la\u015fd\u0131r\u0131lmaqla D\u0130M t\u0259r\u0259find\u0259n m\u00fc\u0259yy\u0259nl\u0259\u015fdirilir.<\/p>\n<p>\u0130mtahanda i\u015ftirak\u00e7\u0131lara 30 test tap\u015f\u0131r\u0131\u011f\u0131 t\u0259qdim olunacaq. H\u0259r do\u011fru cavab bir balla, s\u0259hv v\u0259 ya cavab verilm\u0259y\u0259n tap\u015f\u0131r\u0131qlar s\u0131f\u0131r balla qiym\u0259tl\u0259ndirilir. \u018friz\u0259\u00e7inin imtahanda m\u00fcv\u0259ff\u0259qiyy\u0259t qazanmas\u0131 \u00fc\u00e7\u00fcn az\u0131 15 bal toplamas\u0131 t\u0259l\u0259b olunur.<\/p>\n<p>\u0130mtahan m\u00fcvafiq ixtisaslara uy\u011fun olaraq saat 11:00 v\u0259 14:00-da ba\u015flayacaq. \u018friz\u0259\u00e7i imtahan\u0131n ba\u015flanmas\u0131ndan az\u0131 1 saat \u00f6nc\u0259 g\u0259lm\u0259li v\u0259 imtahan binas\u0131na daxil olark\u0259n \u015f\u0259xsiyy\u0259tini t\u0259sdiq ed\u0259n s\u0259n\u0259di t\u0259qdim etm\u0259lidir.<\/p>\n<p>\u018friz\u0259\u00e7il\u0259r ixtisaslar\u0131 \u00fczr\u0259 proqramla agentliyin sayt\u0131ndan tan\u0131\u015f ola bil\u0259rl\u0259r.<\/p>\n<p>Qeyd ed\u0259k ki, imtahanda i\u015ftirak ed\u0259c\u0259k \u0259riz\u0259\u00e7il\u0259r\u0259 m\u00fcvafiq m\u0259lumatlar h\u0259m \u015f\u0259xsi kabinetl\u0259ri, h\u0259m d\u0259 SMS vasit\u0259sil\u0259 g\u00f6nd\u0259rilib. M\u00fcxt\u0259lif s\u0259b\u0259bl\u0259rd\u0259n imtahanda i\u015ftirak ed\u0259 bilm\u0259y\u0259c\u0259k \u0259riz\u0259\u00e7il\u0259rin iyulun 24-d\u0259k\u00a0info@tkta.edu.az\u00a0\u00fcnvan\u0131 vasit\u0259sil\u0259 Agentliy\u0259 m\u00fcvafiq m\u0259lumat verm\u0259si z\u0259ruridir.<\/p>\n","protected":false},"excerpt":{"rendered":"<p>D\u00f6vl\u0259t \u0130mtahan M\u0259rk\u0259zi (D\u0130M) iyulun 29-da m\u00fc\u0259llimlik, m\u00fch\u0259ndislik v\u0259 h\u00fcquq ixtisaslar\u0131 \u00fczr\u0259 xarici d\u00f6vl\u0259tl\u0259rd\u0259 ali t\u0259hsil alm\u0131\u015f \u015f\u0259xsl\u0259r \u00fc\u00e7\u00fcn pe\u015f\u0259 tan\u0131nmas\u0131 \u00fczr\u0259 imtahan ke\u00e7ir\u0259c\u0259k. \u0130mtahan D\u0130M-in N\u0259simi rayonu, \u018f.Salamzad\u0259 k\u00fc\u00e7\u0259si, 28 \u00fcnvan\u0131nda yerl\u0259\u015f\u0259n inzibati binas\u0131nda t\u0259\u015fkil edil\u0259c\u0259k. ARANTV.AZ\u00a0 x\u0259b\u0259r verir ki,\u00a0bu bar\u0259d\u0259 T\u0259hsild\u0259 Keyfiyy\u0259t T\u0259minat\u0131 Agentliyi m\u0259lumat yay\u0131b. Qeyd edilib ki, Nazirl\u0259r Kabinetinin 2023-c\u00fc il 3 fevral tarixli Q\u0259rar\u0131 il\u0259 t\u0259sdiq edilmi\u015f \u201cXarici d\u00f6vl\u0259tl\u0259rin ali t\u0259hsil\u0259 aid kvalifikasiyalar\u0131n\u0131n tan\u0131nmas\u0131 Qaydalar\u0131\u201dn\u0131n 6.2-ci b\u0259ndin\u0259 \u0259sas\u0259n m\u00fc\u0259llimlik, m\u00fch\u0259ndislik v\u0259 h\u00fcquq ixtisaslar\u0131 \u00fczr\u0259 \u0259riz\u0259\u00e7inin Elm v\u0259 T\u0259hsil Nazirliyinin tabeliyind\u0259 f\u0259aliyy\u0259t g\u00f6st\u0259r\u0259n T\u0259hsild\u0259 Keyfiyy\u0259t T\u0259minat\u0131&hellip;<\/p>\n","protected":false},"author":2,"featured_media":611044,"comment_status":"closed","ping_status":"closed","sticky":false,"template":"","format":"standard","meta":{"om_disable_all_campaigns":false,"_monsterinsights_skip_tracking":false,"_monsterinsights_sitenote_active":false,"_monsterinsights_sitenote_note":"","_monsterinsights_sitenote_category":0},"categories":[1],"tags":[],"aioseo_notices":[],"gutentor_comment":0,"rttpg_featured_image_url":{"full":["https:\/\/arantv.az\/wp-content\/uploads\/2023\/07\/d1c373ab169002771199972039810891658.jpg",975,540,false],"landscape":["https:\/\/arantv.az\/wp-content\/uploads\/2023\/07\/d1c373ab169002771199972039810891658.jpg",975,540,false],"portraits":["https:\/\/arantv.az\/wp-content\/uploads\/2023\/07\/d1c373ab169002771199972039810891658.jpg",975,540,false],"thumbnail":["https:\/\/arantv.az\/wp-content\/uploads\/2023\/07\/d1c373ab169002771199972039810891658-500x280.jpg",500,280,true],"medium":["https:\/\/arantv.az\/wp-content\/uploads\/2023\/07\/d1c373ab169002771199972039810891658-660x365.jpg",660,365,true],"large":["https:\/\/arantv.az\/wp-content\/uploads\/2023\/07\/d1c373ab169002771199972039810891658-840x465.jpg",640,354,true],"1536x1536":["https:\/\/arantv.az\/wp-content\/uploads\/2023\/07\/d1c373ab169002771199972039810891658.jpg",975,540,false],"2048x2048":["https:\/\/arantv.az\/wp-content\/uploads\/2023\/07\/d1c373ab169002771199972039810891658.jpg",975,540,false],"post-thumbnail":["https:\/\/arantv.az\/wp-content\/uploads\/2023\/07\/d1c373ab169002771199972039810891658-240x172.jpg",240,172,true],"advps-thumb-one":["https:\/\/arantv.az\/wp-content\/uploads\/2023\/07\/d1c373ab169002771199972039810891658.jpg",975,540,false]},"rttpg_author":{"display_name":"V\u00fcsal Rafiqo\u011flu","author_link":"https:\/\/arantv.az\/?author=2"},"rttpg_comment":0,"rttpg_category":"<a href=\"https:\/\/arantv.az\/?cat=1\" rel=\"category\">C\u0259miyy\u0259t<\/a>","rttpg_excerpt":"D\u00f6vl\u0259t \u0130mtahan M\u0259rk\u0259zi (D\u0130M) iyulun 29-da m\u00fc\u0259llimlik, m\u00fch\u0259ndislik v\u0259 h\u00fcquq ixtisaslar\u0131 \u00fczr\u0259 xarici d\u00f6vl\u0259tl\u0259rd\u0259 ali t\u0259hsil alm\u0131\u015f \u015f\u0259xsl\u0259r \u00fc\u00e7\u00fcn pe\u015f\u0259 tan\u0131nmas\u0131 \u00fczr\u0259 imtahan ke\u00e7ir\u0259c\u0259k. \u0130mtahan D\u0130M-in N\u0259simi rayonu, \u018f.Salamzad\u0259 k\u00fc\u00e7\u0259si, 28 \u00fcnvan\u0131nda yerl\u0259\u015f\u0259n inzibati binas\u0131nda t\u0259\u015fkil edil\u0259c\u0259k. ARANTV.AZ\u00a0 x\u0259b\u0259r verir ki,\u00a0bu bar\u0259d\u0259 T\u0259hsild\u0259 Keyfiyy\u0259t T\u0259minat\u0131 Agentliyi m\u0259lumat yay\u0131b. Qeyd edilib ki, Nazirl\u0259r Kabinetinin 2023-c\u00fc il&hellip;","_links":{"self":[{"href":"https:\/\/arantv.az\/index.php?rest_route=\/wp\/v2\/posts\/611043"}],"collection":[{"href":"https:\/\/arantv.az\/index.php?rest_route=\/wp\/v2\/posts"}],"about":[{"href":"https:\/\/arantv.az\/index.php?rest_route=\/wp\/v2\/types\/post"}],"author":[{"embeddable":true,"href":"https:\/\/arantv.az\/index.php?rest_route=\/wp\/v2\/users\/2"}],"replies":[{"embeddable":true,"href":"https:\/\/arantv.az\/index.php?rest_route=%2Fwp%2Fv2%2Fcomments&post=611043"}],"version-history":[{"count":0,"href":"https:\/\/arantv.az\/index.php?rest_route=\/wp\/v2\/posts\/611043\/revisions"}],"wp:featuredmedia":[{"embeddable":true,"href":"https:\/\/arantv.az\/index.php?rest_route=\/wp\/v2\/media\/611044"}],"wp:attachment":[{"href":"https:\/\/arantv.az\/index.php?rest_route=%2Fwp%2Fv2%2Fmedia&parent=611043"}],"wp:term":[{"taxonomy":"category","embeddable":true,"href":"https:\/\/arantv.az\/index.php?rest_route=%2Fwp%2Fv2%2Fcategories&post=611043"},{"taxonomy":"post_tag","embeddable":true,"href":"https:\/\/arantv.az\/index.php?rest_route=%2Fwp%2Fv2%2Ftags&post=611043"}],"curies":[{"name":"wp","href":"https:\/\/api.w.org\/{rel}","templated":true}]}}