{"id":611052,"date":"2023-07-22T16:40:15","date_gmt":"2023-07-22T12:40:15","guid":{"rendered":"https:\/\/arantv.az\/?p=611052"},"modified":"2023-07-22T16:40:15","modified_gmt":"2023-07-22T12:40:15","slug":"erm%c9%99nistan-suriyanin-silueti-kimi-%c9%99liyevin-b%c9%99yanatindaki-noqt%c9%99l%c9%99r-t%c9%99hlil","status":"publish","type":"post","link":"https:\/\/arantv.az\/?p=611052","title":{"rendered":"Erm\u0259nistan Suriyan\u0131n silueti kimi: \u018fliyevin b\u0259yanat\u0131ndak\u0131 n\u00f6qt\u0259l\u0259r &#8211; T\u018fHL\u0130L"},"content":{"rendered":"<p>Prezident\u00a0<strong>\u0130lham \u018fliyevin<\/strong>\u00a0iyulun 21-d\u0259 \u201c4-c\u00fc S\u0259naye \u0130nqilab\u0131 d\u00f6vr\u00fcnd\u0259 Yeni Media\u201d m\u00f6vzusunda \u015eu\u015fa Qlobal Media Forumunun a\u00e7\u0131l\u0131\u015f m\u0259rasimind\u0259 Az\u0259rbaycan-Erm\u0259nistan m\u00fcnasib\u0259tl\u0259rinin yaratd\u0131\u011f\u0131 regional t\u0259sirl\u0259r bar\u0259d\u0259ki bir fikri diqq\u0259t \u00e7\u0259kir.<\/p>\n<p>\u018fliyev Erm\u0259nistan\u0131 C\u0259nubi Qafqazda toqqu\u015fan maraqlar fonunda poliqon kimi t\u0259svir edir, d\u00f6vl\u0259t ba\u015f\u00e7\u0131s\u0131 tezisi a\u015fa\u011f\u0131dak\u0131 kimi qeyd edir:<\/p>\n<p>&#8211; Erm\u0259nistan el\u0259 bir \u00f6lk\u0259y\u0259 \u00e7evrilir ki, orada ciddi r\u0259qab\u0259t gedir v\u0259 bu, ciddi probleml\u0259r yarada bil\u0259r,<\/p>\n<p>&#8211; T\u0259kc\u0259 Rusiya v\u0259 Amerika deyil, dig\u0259r \u00f6lk\u0259l\u0259r d\u0259 bu proses\u0259 f\u0259al sur\u0259td\u0259 qo\u015fulurlar.<\/p>\n<p>Prinsipc\u0259, Erm\u0259nistan C\u0259nubi Qafqazda Yax\u0131n \u015e\u0259rqd\u0259ki Suriya variant\u0131n\u0131n silueti kimi g\u00f6r\u00fcn\u00fcr, ona g\u00f6r\u0259 ki:<\/p>\n<p>1. Rusiyan\u0131n \u00f6lk\u0259d\u0259 iqtisadi, h\u0259rbi-siyasi v\u0259 t\u0259hl\u00fck\u0259sizlik r\u0131\u00e7aqlar\u0131 b\u00f6y\u00fckd\u00fcr,<\/p>\n<p>2. Avropa \u0130ttifaq\u0131 missiyas\u0131 NATO-nun k\u00f6lg\u0259si kimi orada xidm\u0259t edir,<\/p>\n<p>3. \u0130ran Erm\u0259nistan \u00fcz\u0259rind\u0259n regional iddialar\u0131n\u0131 geni\u015fl\u0259ndirm\u0259y\u0259 can at\u0131r,<\/p>\n<p>4. Fransan\u0131n Erm\u0259nistan faktoru il\u0259 oynamas\u0131 \u0130r\u0259vana xo\u015f perspektiv a\u00e7m\u0131r,<\/p>\n<p>5. Az\u0259rbaycan v\u0259 T\u00fcrkiy\u0259 strateji m\u00fctt\u0259fiqlikd\u0259n ir\u0259li g\u0259l\u0259n regional t\u0259hl\u00fck\u0259sizlik qay\u011f\u0131lar\u0131n\u0131n qeydin\u0259 qalmaq \u00fc\u00e7\u00fcn Erm\u0259nistanda n\u00fcfuz dair\u0259si yaratmaq potensial\u0131n\u0131 n\u00fcmayi\u015f etdirir.<\/p>\n<p>\u018fliyevin b\u0259yanat\u0131n\u0131 h\u0259min 5 istiqam\u0259t fonunda analitik \u015f\u0259kild\u0259 qiym\u0259tl\u0259ndir\u0259nd\u0259 Erm\u0259nistan\u0131n g\u0259l\u0259c\u0259k m\u0259nz\u0259r\u0259si haqq\u0131nda geni\u015fl\u0259nmi\u015f t\u0259s\u0259vv\u00fcrl\u0259r formala\u015f\u0131r.<\/p>\n<p>Az\u0259rbaycan regionda t\u0259hdidl\u0259r\u0259 qar\u015f\u0131 olduqca dayan\u0131ql\u0131d\u0131r, y\u0259ni ist\u0259nil\u0259n\u00a0qabarma v\u0259\u00a0\u00e7\u0259kilm\u0259l\u0259r\u0259 qar\u015f\u0131 \u00f6z\u00fcn\u00fcn yana\u015fma \u00fcslubu var.<\/p>\n<p>Erm\u0259nistan v\u0259 G\u00fcrc\u00fcstan is\u0259 k\u00f6vr\u0259kdir, \u0259l\u0259lx\u00fcsus \u0130r\u0259van\u0131n tutdu\u011fu m\u00f6vqe onu daha b\u00f6y\u00fck u\u00e7uruma s\u00fcr\u00fckl\u0259yir.<\/p>\n<p>Az\u0259rbaycan qon\u015fu \u00f6lk\u0259l\u0259rd\u0259 ba\u015f ver\u0259nl\u0259ri v\u0259 ya onlar\u0131n ba\u015f\u0131 \u00fcz\u0259rind\u0259n oynan\u0131lan oyunlar\u0131 t\u0259hlil edir, t\u0259hl\u00fck\u0259l\u0259rd\u0259n s\u0131\u011fortalanmaq \u00fc\u00e7\u00fcn iki komponenti vahid immunitetd\u0259 birl\u0259\u015fdirir.<\/p>\n<p>Birincisi, Az\u0259rbaycan m\u00fcdafi\u0259 q\u00fcdr\u0259tini art\u0131raraq m\u00fcmk\u00fcn h\u0259d\u0259l\u0259r\u0259 qar\u015f\u0131 h\u0259rbi potensial\u0131n\u0131 inki\u015faf etdirir.<\/p>\n<p>\u0130kincisi, h\u00fccumdur.\u00a0Bu\u00a0h\u0259m diplomatiyada, h\u0259m d\u0259 h\u0259rb meydan\u0131nda ba\u015f verir.\u00a0D\u00f6y\u00fc\u015f s\u0259hn\u0259sind\u0259 ild\u0131r\u0131ms\u00fcr\u0259tli \u0259ks-h\u00fcc\u00fcm v\u0259 \u0259ld\u0259 edil\u0259n n\u0259tic\u0259l\u0259r n\u00f6vb\u0259ti m\u0259rh\u0259l\u0259l\u0259rd\u0259 manevr imkanlar\u0131n\u0131n geni\u015fl\u0259nm\u0259sin\u0259 yol a\u00e7\u0131r.<\/p>\n<p>Buna g\u00f6r\u0259 d\u0259, Az\u0259rbaycan\u0131n ali r\u0259hb\u0259rliyinin b\u0259yanatlar\u0131n\u0131 t\u0259bli\u011fat deyil, real qiym\u0259tl\u0259ndirm\u0259l\u0259r kimi q\u0259bul etm\u0259k daha m\u0259ntiqli v\u0259 rasional olard\u0131.<\/p>\n<p>\u018fliyevin dedikl\u0259ri regionda proqnozla\u015fd\u0131r\u0131labil\u0259n eskalasiya potensial\u0131 v\u0259 Az\u0259rbaycan\u0131n h\u0259m t\u0259r\u0259fda\u015flar\u0131 il\u0259, h\u0259m d\u0259 strateji m\u00fctt\u0259fiqi &#8211; T\u00fcrkiy\u0259 il\u0259 birlikd\u0259 buna ver\u0259c\u0259yi reaksiyalar\u0131n bir hiss\u0259si kimi anla\u015f\u0131la bil\u0259r.<\/p>\n<p>M\u0259s\u0259l\u0259nin m\u00fcr\u0259kk\u0259b t\u0259r\u0259fl\u0259ri \u00e7oxdur, \u00e7\u00fcnki regionda oyun\u00e7ular \u00e7oxal\u0131r, gizli g\u00fcnd\u0259likl\u0259rini \u00f6rt-basd\u0131r ed\u0259nl\u0259r onu a\u015fkara \u00e7\u0131xar\u0131rlar.<\/p>\n<p>Rusiya-Ukrayna m\u00fcharib\u0259sinin qlobal nizamda yaratd\u0131\u011f\u0131 \u00e7atlar fonunda C\u0259nubi Qafqazda regional v\u0259 beyn\u0259lxalq oyun\u00e7ular daha riskli davran\u0131\u015flar n\u00fcmayi\u015f etdirm\u0259yi \u00f6zl\u0259rin\u0259 s\u0131\u011f\u0131\u015fd\u0131rarlar.<\/p>\n<p>Az\u0259rbaycan t\u0259bii ki, d\u00f6nm\u0259z m\u00fcharib\u0259 kursunu yeritmir, ancaq h\u0259m t\u0259hdidl\u0259ri sovu\u015fdurmaq, h\u0259m d\u0259 strateji m\u0259qs\u0259dl\u0259ri istiqam\u0259tind\u0259 inamla add\u0131mlamaq, q\u0131rm\u0131z\u0131 x\u0259tl\u0259rini xat\u0131rlatmaq \u00fc\u00e7\u00fcn yeni h\u0259rbi \u0259m\u0259liyyatlara imza ata bil\u0259r.<\/p>\n<p><strong>Aq\u015fin K\u0259rimov<\/strong><\/p>\n","protected":false},"excerpt":{"rendered":"<p>Prezident\u00a0\u0130lham \u018fliyevin\u00a0iyulun 21-d\u0259 \u201c4-c\u00fc S\u0259naye \u0130nqilab\u0131 d\u00f6vr\u00fcnd\u0259 Yeni Media\u201d m\u00f6vzusunda \u015eu\u015fa Qlobal Media Forumunun a\u00e7\u0131l\u0131\u015f m\u0259rasimind\u0259 Az\u0259rbaycan-Erm\u0259nistan m\u00fcnasib\u0259tl\u0259rinin yaratd\u0131\u011f\u0131 regional t\u0259sirl\u0259r bar\u0259d\u0259ki bir fikri diqq\u0259t \u00e7\u0259kir. \u018fliyev Erm\u0259nistan\u0131 C\u0259nubi Qafqazda toqqu\u015fan maraqlar fonunda poliqon kimi t\u0259svir edir, d\u00f6vl\u0259t ba\u015f\u00e7\u0131s\u0131 tezisi a\u015fa\u011f\u0131dak\u0131 kimi qeyd edir: &#8211; Erm\u0259nistan el\u0259 bir \u00f6lk\u0259y\u0259 \u00e7evrilir ki, orada ciddi r\u0259qab\u0259t gedir v\u0259 bu, ciddi probleml\u0259r yarada bil\u0259r, &#8211; T\u0259kc\u0259 Rusiya v\u0259 Amerika deyil, dig\u0259r \u00f6lk\u0259l\u0259r d\u0259 bu proses\u0259 f\u0259al sur\u0259td\u0259 qo\u015fulurlar. Prinsipc\u0259, Erm\u0259nistan C\u0259nubi Qafqazda Yax\u0131n \u015e\u0259rqd\u0259ki Suriya variant\u0131n\u0131n silueti kimi g\u00f6r\u00fcn\u00fcr, ona g\u00f6r\u0259 ki: 1.&hellip;<\/p>\n","protected":false},"author":2,"featured_media":611053,"comment_status":"closed","ping_status":"closed","sticky":false,"template":"","format":"standard","meta":{"om_disable_all_campaigns":false,"_monsterinsights_skip_tracking":false,"_monsterinsights_sitenote_active":false,"_monsterinsights_sitenote_note":"","_monsterinsights_sitenote_category":0},"categories":[4],"tags":[],"aioseo_notices":[],"gutentor_comment":0,"rttpg_featured_image_url":{"full":["https:\/\/arantv.az\/wp-content\/uploads\/2023\/07\/16899510161710447514_1000x669.jpg",620,413,false],"landscape":["https:\/\/arantv.az\/wp-content\/uploads\/2023\/07\/16899510161710447514_1000x669.jpg",620,413,false],"portraits":["https:\/\/arantv.az\/wp-content\/uploads\/2023\/07\/16899510161710447514_1000x669.jpg",620,413,false],"thumbnail":["https:\/\/arantv.az\/wp-content\/uploads\/2023\/07\/16899510161710447514_1000x669-500x280.jpg",500,280,true],"medium":["https:\/\/arantv.az\/wp-content\/uploads\/2023\/07\/16899510161710447514_1000x669-548x365.jpg",548,365,true],"large":["https:\/\/arantv.az\/wp-content\/uploads\/2023\/07\/16899510161710447514_1000x669.jpg",620,413,false],"1536x1536":["https:\/\/arantv.az\/wp-content\/uploads\/2023\/07\/16899510161710447514_1000x669.jpg",620,413,false],"2048x2048":["https:\/\/arantv.az\/wp-content\/uploads\/2023\/07\/16899510161710447514_1000x669.jpg",620,413,false],"post-thumbnail":["https:\/\/arantv.az\/wp-content\/uploads\/2023\/07\/16899510161710447514_1000x669-240x172.jpg",240,172,true],"advps-thumb-one":["https:\/\/arantv.az\/wp-content\/uploads\/2023\/07\/16899510161710447514_1000x669.jpg",620,413,false]},"rttpg_author":{"display_name":"V\u00fcsal Rafiqo\u011flu","author_link":"https:\/\/arantv.az\/?author=2"},"rttpg_comment":0,"rttpg_category":"<a href=\"https:\/\/arantv.az\/?cat=4\" rel=\"category\">Siyas\u0259t<\/a>","rttpg_excerpt":"Prezident\u00a0\u0130lham \u018fliyevin\u00a0iyulun 21-d\u0259 \u201c4-c\u00fc S\u0259naye \u0130nqilab\u0131 d\u00f6vr\u00fcnd\u0259 Yeni Media\u201d m\u00f6vzusunda \u015eu\u015fa Qlobal Media Forumunun a\u00e7\u0131l\u0131\u015f m\u0259rasimind\u0259 Az\u0259rbaycan-Erm\u0259nistan m\u00fcnasib\u0259tl\u0259rinin yaratd\u0131\u011f\u0131 regional t\u0259sirl\u0259r bar\u0259d\u0259ki bir fikri diqq\u0259t \u00e7\u0259kir. \u018fliyev Erm\u0259nistan\u0131 C\u0259nubi Qafqazda toqqu\u015fan maraqlar fonunda poliqon kimi t\u0259svir edir, d\u00f6vl\u0259t ba\u015f\u00e7\u0131s\u0131 tezisi a\u015fa\u011f\u0131dak\u0131 kimi qeyd edir: &#8211; Erm\u0259nistan el\u0259 bir \u00f6lk\u0259y\u0259 \u00e7evrilir ki, orada ciddi r\u0259qab\u0259t gedir&hellip;","_links":{"self":[{"href":"https:\/\/arantv.az\/index.php?rest_route=\/wp\/v2\/posts\/611052"}],"collection":[{"href":"https:\/\/arantv.az\/index.php?rest_route=\/wp\/v2\/posts"}],"about":[{"href":"https:\/\/arantv.az\/index.php?rest_route=\/wp\/v2\/types\/post"}],"author":[{"embeddable":true,"href":"https:\/\/arantv.az\/index.php?rest_route=\/wp\/v2\/users\/2"}],"replies":[{"embeddable":true,"href":"https:\/\/arantv.az\/index.php?rest_route=%2Fwp%2Fv2%2Fcomments&post=611052"}],"version-history":[{"count":0,"href":"https:\/\/arantv.az\/index.php?rest_route=\/wp\/v2\/posts\/611052\/revisions"}],"wp:featuredmedia":[{"embeddable":true,"href":"https:\/\/arantv.az\/index.php?rest_route=\/wp\/v2\/media\/611053"}],"wp:attachment":[{"href":"https:\/\/arantv.az\/index.php?rest_route=%2Fwp%2Fv2%2Fmedia&parent=611052"}],"wp:term":[{"taxonomy":"category","embeddable":true,"href":"https:\/\/arantv.az\/index.php?rest_route=%2Fwp%2Fv2%2Fcategories&post=611052"},{"taxonomy":"post_tag","embeddable":true,"href":"https:\/\/arantv.az\/index.php?rest_route=%2Fwp%2Fv2%2Ftags&post=611052"}],"curies":[{"name":"wp","href":"https:\/\/api.w.org\/{rel}","templated":true}]}}