{"id":611055,"date":"2023-07-22T16:42:58","date_gmt":"2023-07-22T12:42:58","guid":{"rendered":"https:\/\/arantv.az\/?p=611055"},"modified":"2023-07-22T16:42:58","modified_gmt":"2023-07-22T12:42:58","slug":"az%c9%99rbaycanda-d%c9%99rsl%c9%99r-sentyabrin-1-d%c9%99-baslayacaq-aciqlama","status":"publish","type":"post","link":"https:\/\/arantv.az\/?p=611055","title":{"rendered":"Az\u0259rbaycanda d\u0259rsl\u0259r sentyabr\u0131n 1-d\u0259 ba\u015flayacaq? &#8211; A\u00c7IQLAMA"},"content":{"rendered":"<p>2004-c\u00fc il\u0259 kimi \u00f6lk\u0259nin orta m\u0259kt\u0259bl\u0259rind\u0259 d\u0259rsl\u0259r sentyabr\u0131n 1-d\u0259 ba\u015flay\u0131b may\u0131n 25-i yekunla\u015f\u0131rd\u0131. Lakin Avropa t\u0259hsil sistemin\u0259 inteqrasiya \u0259sas g\u0259tiril\u0259r\u0259k, 2004-c\u00fc ild\u0259n Nazirl\u0259r Kabinetinin m\u00fcvafiq q\u0259rar\u0131 il\u0259 &#8220;\u00dcmumt\u0259hsil m\u0259kt\u0259binin N\u00fcmun\u0259vi Nizamnam\u0259si&#8221;nd\u0259 edil\u0259n d\u0259yi\u015fikliy\u0259 \u0259sas\u0259n, d\u0259rs m\u0259\u015f\u011f\u0259l\u0259l\u0259ri sentyabr\u0131n 15-d\u0259 ba\u015flay\u0131b iyunun 14-d\u0259 ba\u015fa \u00e7at\u0131r. Bu d\u0259yi\u015fiklik o d\u00f6vrd\u0259 d\u0259 insanlar t\u0259r\u0259find\u0259n b\u00f6y\u00fck naraz\u0131l\u0131qla qar\u015f\u0131lanm\u0131\u015fd\u0131. D\u0259rsl\u0259rin sentyabr\u0131n 15-d\u0259n ba\u015flamas\u0131ndan naraz\u0131l\u0131q ed\u0259nl\u0259r bu g\u00fcn d\u0259 var. M\u00fc\u0259lliml\u0259r d\u0259, valideynl\u0259r d\u0259 t\u0259dris ilinin sentyabr\u0131n 1-d\u0259 ba\u015flamas\u0131n\u0131 daha m\u0259qbul hesab edirl\u0259r.<\/p>\n<p>T\u0259hsil ekspertl\u0259rinin d\u0259 fikrinc\u0259, d\u0259rsl\u0259rin sentyabr\u0131n 1-d\u0259n ba\u015flamas\u0131 t\u0259hsil sisteminin d\u00fczg\u00fcn qurulmas\u0131 bax\u0131m\u0131ndan \u00f6n\u0259mlidir. D\u0259rsl\u0259r sentyabr\u0131n 1-d\u0259 ba\u015flay\u0131b vaxt\u0131nda bit\u0259rs\u0259, u\u015faqlar\u0131n t\u0259til m\u00fcdd\u0259ti d\u0259 normal t\u0259nziml\u0259n\u0259r.<\/p>\n<p>D\u00fcnya \u00f6lk\u0259l\u0259rind\u0259 t\u0259dris ilinin ba\u015flan\u0131lmas\u0131 f\u0259rqli tarixl\u0259rd\u0259 olsa da, bir \u00e7oxunda sentyabr\u0131n 1-d\u0259 ba\u015flay\u0131r.<\/p>\n<p>Rusiyada \u0259n\u0259n\u0259vi olaraq 1 sentyabr &#8220;Bilik g\u00fcn\u00fc&#8221;d\u00fcr. M\u0259kt\u0259blil\u0259rin t\u0259til\u0259 yolland\u0131\u011f\u0131 tarix is\u0259 may\u0131n 25-dir. Kanadada, Bel\u00e7ikada, \u00c7exiyada, Macar\u0131standa, \u0130sraild\u0259, Estoniyada d\u0259rs ili sentyabr\u0131n 1-i ba\u015flay\u0131r v\u0259 m\u00fcvafiq olaraq iyunun \u0259vv\u0259lin\u0259, ortalar\u0131na v\u0259 ax\u0131rlar\u0131na kimi davam edir. Fransada yeni d\u0259rs ili sentyabr\u0131n \u0259vv\u0259lind\u0259 ba\u015flay\u0131r, lakin d\u0259rsl\u0259rin ba\u015flanaca\u011f\u0131 g\u00fcn m\u0259kt\u0259bl\u0259r t\u0259r\u0259find\u0259n t\u0259yin edilir. \u0130rlandiyada v\u0259 Sloveniyada da t\u0259dris ili sentyabrda ba\u015flay\u0131b iyunda ba\u015fa \u00e7at\u0131r. \u00dcmumiyy\u0259tl\u0259, he\u00e7 bir \u00f6lk\u0259d\u0259 d\u0259rs ili h\u0259r hans\u0131 ay\u0131n ortas\u0131ndan yox, ay\u0131n \u0259vv\u0259lind\u0259n ba\u015flay\u0131r.<\/p>\n<p>T\u0259hsil eksperti Nadir \u0130srafilovun fikrinc\u0259, d\u0259rs ilinin ba\u015flanma vaxt\u0131n\u0131n 15 g\u00fcn ir\u0259li \u00e7\u0259kilm\u0259sinin t\u0259hsilin keyfiyy\u0259tin\u0259 m\u00fcsb\u0259t t\u0259sirind\u0259n \u00e7ox m\u0259nfi t\u0259sirl\u0259ri olub. Buna g\u00f6r\u0259 d\u0259 o, d\u0259rsl\u0259rin sentyabr\u0131n 1-d\u0259n ba\u015flanmas\u0131n\u0131 m\u0259qs\u0259d\u0259uy\u011fun hesab edir:<\/p>\n<p>&#8220;T\u0259dris ilin\u0259 sentyabr\u0131n 1-d\u0259n ba\u015flanmas\u0131 Sovet d\u00f6vr\u00fcnd\u0259n qalma \u0259n\u0259n\u0259 hesab olundu\u011fu \u00fc\u00e7\u00fcn d\u0259yi\u015fdirildi. Ancaq bunu o d\u00f6vr\u00fcn \u0259n\u0259n\u0259si hesab edib d\u0259yi\u015fm\u0259k do\u011fru q\u0259rar deyil. Bu q\u0259rar verildikd\u0259 \u00e7ox insanlar d\u0259rsl\u0259rin sentyabr\u0131n 15-d\u0259 ke\u00e7irilm\u0259sin\u0259 qar\u015f\u0131 \u00e7\u0131xd\u0131. Ancaq n\u0259tic\u0259 olmad\u0131. Bu ill\u0259r \u0259rzind\u0259 biz bu d\u0259yi\u015fiklikl\u0259 el\u0259 bir nailiyy\u0259t d\u0259 \u0259ld\u0259 etm\u0259dik, \u015fagirdl\u0259rin d\u0259rs y\u00fck\u00fc d\u0259 azalmad\u0131. May ay\u0131n\u0131n sonlar\u0131ndan etibar\u0259n istil\u0259r d\u00fc\u015f\u00fcr v\u0259 \u015fagirdl\u0259r d\u0259 d\u0259rs\u0259 getmirl\u0259r. D\u0259rs proqram\u0131 da ba\u015fa \u00e7atd\u0131\u011f\u0131ndan, m\u0259kt\u0259bl\u0259r bo\u015f qal\u0131r. Dem\u0259li, bo\u015f yer\u0259 m\u00fc\u0259lliml\u0259r \u0259ziyy\u0259t \u00e7\u0259kib d\u0259rs\u0259 g\u0259lirl\u0259r&#8221;.<\/p>\n<p>N.\u0130srafilov vur\u011fulay\u0131b ki, d\u0259rsl\u0259rin iyunun 15-d\u0259 ba\u015fa \u00e7atmas\u0131 D\u00f6vl\u0259t \u0130mtahan M\u0259rk\u0259zinin d\u0259 imtahan qrafikin\u0259 m\u0259nfi t\u0259sir g\u00f6st\u0259rir:<\/p>\n<p>&#8220;D\u00f6vl\u0259t \u0130mthahan M\u0259rk\u0259zi d\u0259rs ili ba\u015fa \u00e7atmam\u0131\u015f q\u0259bul imtahan\u0131 ke\u00e7irir. D\u0130M-d\u0259n d\u0259 h\u0259r d\u0259f\u0259 deyilir ki, ke\u00e7irilm\u0259mi\u015f proqram imtahana sal\u0131nm\u0131r, insanlar buna inanm\u0131rlar, naraz\u0131l\u0131q, g\u0259rginlik yaran\u0131r. Bu s\u0259b\u0259bd\u0259n d\u0259 T\u0259hsil Nazirliyi d\u0259rs ilinin ba\u015flanma v\u0259 ba\u015fa \u00e7atma vaxt\u0131n\u0131n d\u0259yi\u015fdirilm\u0259si \u00fc\u00e7\u00fcn Nazirl\u0259r Kabinetin\u0259 t\u0259klif verm\u0259lid\u0131r. D\u0259rsl\u0259r sentyabr\u0131n 15-i yox, 1-i ba\u015flamal\u0131d\u0131r&#8221;.<\/p>\n<p>T\u0259hsil eksperti El\u015f\u0259n Qafarovun s\u00f6zl\u0259rin\u0259 g\u00f6r\u0259, t\u0259hsilin m\u00fcdd\u0259ti uzand\u0131qca keyfiyy\u0259t d\u0259 azal\u0131r. D\u0259rsl\u0259rin 14 iyuna q\u0259d\u0259r davam etm\u0259si h\u0259m m\u00fc\u0259lliml\u0259ri, h\u0259m d\u0259 \u015fagirdl\u0259ri yorur. Yay aylar\u0131nda \u015fagirdl\u0259rin d\u0259rs oxuma\u011fa bir o q\u0259d\u0259r d\u0259 h\u0259v\u0259si olmur. \u0130yunun ortalar\u0131na kimi uzad\u0131lan d\u0259rsl\u0259rin he\u00e7 bir m\u0259nas\u0131 yoxdur. \u00c7\u00fcnki \u015fagirdl\u0259r d\u0259rsd\u0259 h\u0259v\u0259ssiz \u015f\u0259kild\u0259, cand\u0259rdi otururlar. Bunun is\u0259 n\u0259 m\u00fc\u0259llim\u0259, n\u0259 d\u0259 \u015fagird\u0259 faydas\u0131 ola bilm\u0259z:<\/p>\n<p>&#8220;\u0130yunda \u00f6vlad\u0131n\u0131 m\u0259kt\u0259b\u0259 apar\u0131b-g\u0259tirm\u0259k valideynl\u0259r \u00fc\u00e7\u00fcn d\u0259 \u00e7\u0259tindir. Fikrimc\u0259, t\u0259dris sentyabr\u0131n 1-d\u0259 ba\u015flasa, daha yax\u015f\u0131d\u0131r. Biz d\u0259 art\u0131q d\u00fcnya t\u0259cr\u00fcb\u0259sind\u0259ki kimi 36 h\u0259ft\u0259lik t\u0259dris\u0259 ke\u00e7m\u0259liyik. Bu, t\u0259hsilin keyfiyy\u0259tin\u0259 m\u00fcsb\u0259t m\u0259nada t\u0259sir ed\u0259c\u0259k&#8221;.<\/p>\n<p>Elm v\u0259 T\u0259hsil Nazirliyi yan\u0131nda \u0130ctimai \u015euran\u0131n \u00fczv\u00fc, Az\u0259rbaycan G\u0259nc Alim, Doktorant v\u0259 Magistrl\u0259r C\u0259miyy\u0259tinin s\u0259dri, f\u0259ls\u0259f\u0259 doktoru \u0130lqar Orucov deyir ki, d\u0259rsl\u0259r sentyabr\u0131n 1-d\u0259 ba\u015flasa, daha yax\u015f\u0131 olar:<\/p>\n<p>&#8220;M\u0259n \u00f6z\u00fcm d\u0259 bir ne\u00e7\u0259 ildir ki, bu t\u0259klifi ir\u0259li s\u00fcr\u00fcr, bel\u0259 bir q\u0259rar\u0131n q\u0259bul olunmas\u0131n\u0131n vacib oldu\u011funu deyir\u0259m. D\u00fc\u015f\u00fcn\u00fcr\u0259m ki, m\u0259hz d\u0259rsl\u0259rin sentyabr\u0131n 15-d\u0259n deyil, 1-d\u0259n ba\u015flamas\u0131n\u0131 t\u0259min etm\u0259k laz\u0131md\u0131r. Bu t\u0259bii ki, Elm v\u0259 T\u0259hsil Nazirliyinin ver\u0259c\u0259yi q\u0259rardan as\u0131l\u0131 deyil. Bununla ba\u011fl\u0131 Nazirl\u0259r Kabinetinin q\u0259rar\u0131 olmal\u0131d\u0131r. Bu g\u00fcn m\u00fcxt\u0259lif \u00f6lk\u0259l\u0259rd\u0259ki t\u0259cr\u00fcb\u0259l\u0259r\u0259 n\u0259z\u0259r salsaq, g\u00f6r\u0259rik ki, f\u0259rqli \u00f6lk\u0259l\u0259rd\u0259 t\u0259till\u0259r\u0259 f\u0259rqli zaman ay\u0131r\u0131blar. Amma Az\u0259rbaycandak\u0131 q\u0259d\u0259r yay t\u0259tilin\u0259 zaman ayr\u0131lmas\u0131 \u00e7ox az sayda \u00f6lk\u0259d\u0259 t\u0259sad\u00fcf edilir. N\u00fcmun\u0259 olaraq dey\u0259 bil\u0259r\u0259m ki, Bak\u0131da f\u0259aliyy\u0259t g\u00f6st\u0259r\u0259n bir ne\u00e7\u0259 \u00f6z\u0259l m\u0259kt\u0259bl\u0259rd\u0259 d\u0259rsl\u0259r avqustun 15-d\u0259n ba\u015flay\u0131r. T\u0259bii ki, onlar kondisioner sistemi il\u0259 t\u0259chiz olunub, bu ayr\u0131 bir m\u00f6vzudur. Y\u0259ni dem\u0259k ist\u0259yir\u0259m ki, bu, m\u00fcmk\u00fcnd\u00fcr. \u018flb\u0259tt\u0259, demir\u0259m ki, m\u0259kt\u0259bl\u0259r avqustdan a\u00e7\u0131ls\u0131n. Lakin d\u0259rsl\u0259rin sentyabr\u0131n 1-d\u0259n ba\u015flamas\u0131 m\u00fcmk\u00fcnd\u00fcr. Eyni zamanda t\u0259till\u0259rin bu q\u0259d\u0259r uzun m\u00fcdd\u0259t olmas\u0131 \u015fagirdl\u0259rin d\u0259 d\u0259rsl\u0259rd\u0259n uzaqla\u015fmas\u0131na s\u0259b\u0259b olur. M\u0259kt\u0259bl\u0259r a\u00e7\u0131landan sonra t\u0259xmin\u0259n bir h\u0259ft\u0259 \u0259rzind\u0259 \u015fagirdl\u0259r d\u0259rsl\u0259r\u0259 adaptasiya olur&#8221;.<\/p>\n<p>T\u0259hsil eksperti El\u00e7in \u018ff\u0259ndi bildirib ki, d\u0259rsl\u0259rin sentyabr\u0131n 1-i ba\u015flay\u0131b iyunun 14-d\u0259 bitm\u0259si il\u0259 ba\u011fl\u0131 t\u0259klif h\u0259m d\u0259 adaptasiya m\u0259s\u0259l\u0259sin\u0259 \u0259saslan\u0131r:<\/p>\n<p>&#8220;\u00c7\u00fcnki d\u0259rsl\u0259r sentyabr\u0131n 15-i ba\u015flayanda \u015fagirdl\u0259rin davamiyy\u0259t g\u00f6st\u0259ricil\u0259ri o q\u0259d\u0259r ideal olmur. B\u0259zil\u0259ri h\u0259l\u0259 istirah\u0259td\u0259n qay\u0131tm\u0131rlar, b\u0259zil\u0259ri qay\u0131tsa bel\u0259 d\u0259rs\u0259 gedib-g\u0259lm\u0259y\u0259 bir q\u0259d\u0259r t\u0259r\u0259dd\u00fcdl\u0259 yana\u015f\u0131rlar. Bu prosesi iki h\u0259ft\u0259 qaba\u011fa \u00e7\u0259k\u0259nd\u0259 art\u0131q onlar d\u0259rs prosesin\u0259 rahat uy\u011funla\u015f\u0131rlar. Bu q\u0259rar verils\u0259, \u00fcmumilikd\u0259 t\u0259hsil g\u00f6st\u0259ricil\u0259rin\u0259 keyfiyy\u0259t qataca\u011f\u0131n\u0131 dem\u0259k do\u011fru olmaz. \u00c7\u00fcnki bu g\u00f6st\u0259ricil\u0259r t\u0259dris ilinin uzunlu\u011fu v\u0259 ya q\u0131sal\u0131\u011f\u0131ndan as\u0131l\u0131 deyil. Burada daha \u00e7ox t\u0259hsilver\u0259nl\u0259rin keyfiyy\u0259tli t\u0259dris h\u0259yata ke\u00e7irm\u0259sind\u0259n, \u015fagirdl\u0259rin d\u0259rs v\u0259saitl\u0259rini qavramas\u0131ndan, t\u0259dris proqramlar\u0131 v\u0259 sair amill\u0259rd\u0259n as\u0131l\u0131d\u0131r&#8221;.<\/p>\n<p>Ekspert qeyd edib ki, t\u0259dris sentyabr\u0131n 1-i ba\u015flasa, q\u0259bul prosesi istiqam\u0259tind\u0259 d\u0259 i\u015f apr\u0131lmal\u0131d\u0131r:<\/p>\n<p>&#8220;Q\u0259bul m\u0259s\u0259l\u0259si d\u0259 avqustun ax\u0131r\u0131nad\u0259k yekunla\u015fmal\u0131d\u0131r, haz\u0131rki v\u0259ziyy\u0259td\u0259 m\u00fcvafiq q\u0259bul prosesind\u0259 h\u0259tta t\u0259l\u0259b\u0259l\u0259rin yerl\u0259\u015fdirilm\u0259si sentyabr\u0131n 20-d\u0259k gedib \u00e7\u0131x\u0131r&#8221;.<\/p>\n<p>El\u00e7in \u018ff\u0259ndinin fikrinc\u0259, d\u00fcnyan\u0131n \u0259ks\u0259r \u00f6lk\u0259l\u0259rind\u0259 3-4 h\u0259ft\u0259lik t\u0259til d\u00f6vr\u00fc var, qalan aylar ancaq t\u0259dris d\u00f6n\u0259midir:<\/p>\n<p>&#8220;M\u0259s\u0259l\u0259n, Yaponiyada mart-aprel ay\u0131nda \u015fagirdl\u0259r t\u0259tild\u0259 olurlar, aprelin sonundan sonra yeni t\u0259dris ili ba\u015flay\u0131r. T\u0259hsilin keyfiyy\u0259t g\u00f6st\u0259ricisi bax\u0131m\u0131ndan Yaponiya il\u0259 Az\u0259rbaycan\u0131n \u00fcmumi inki\u015faf s\u0259viyy\u0259sini bir g\u00f6t\u00fcrm\u0259yimiz d\u00fczg\u00fcn deyil. Bunlar\u0131 t\u0259tbiq etm\u0259kl\u0259 t\u0259hsilin keyfiyy\u0259tinin y\u00fcks\u0259k olaca\u011f\u0131n\u0131 dey\u0259 bilm\u0259rik. T\u0259bii ki, m\u00f6vcud t\u0259tbiqd\u0259n \u0259n az\u0131 5-10 il ke\u00e7m\u0259lidir ki, onun m\u00fcmk\u00fcn n\u0259tic\u0259l\u0259rini g\u00f6r\u0259 bil\u0259k. D\u00fc\u015f\u00fcn\u00fcr\u0259m ki, d\u0259rsl\u0259rin sentyabr\u0131n 1-i ba\u015flamas\u0131 \u015fagirdl\u0259rin d\u0259rs\u0259 davamiyy\u0259t, eyni zamanda \u00fcmumi t\u0259hsil prosesin\u0259 daha tez adaptasiyana g\u0259tirib \u00e7\u0131xarar&#8221;.<\/p>\n<p>Valideyn C\u0259mil\u0259 Quliyeva d\u0259rsl\u0259rin sentyabr\u0131n 1-d\u0259n ba\u015flamas\u0131n\u0131 ist\u0259yir: &#8220;D\u0259rsl\u0259r sentyabr\u0131n 1-i ba\u015flasa \u00e7ox yax\u015f\u0131 olar. \u00c7\u00fcnki t\u0259dris ili sentyabr\u0131n 15-i ba\u015flayanda iyunun 14-d\u0259 sona \u00e7at\u0131r. Vaxt\u0131 14 g\u00fcn uzatmaqla n\u0259y\u0259s\u0259 nail olunmur. \u018fksin\u0259, u\u015faq bu 14 g\u00fcnd\u0259 bo\u015f bo\u015funa vaxt itirir. He\u00e7 m\u00fc\u0259lliml\u0259r d\u0259 normal d\u0259rs ke\u00e7mirl\u0259r. May ay\u0131n\u0131n sonu m\u00fc\u0259lliml\u0259r proqram\u0131 yekunla\u015fd\u0131r\u0131r, kitablar y\u0131\u011f\u0131l\u0131r. Bundan sonra d\u0259rs\u0259 getm\u0259k \u0259lav\u0259 vaxt itkisind\u0259n ba\u015fqa bir \u015fey deyil. Bir s\u00f6zl\u0259, m\u0259kt\u0259b\u0259 bo\u015f-bo\u015funa gedib-g\u0259lirl\u0259r, m\u0259cburiyy\u0259td\u0259n. \u018flaq\u0259dar qurumlardan \u00e7ox xahi\u015f edir\u0259m ki, t\u0259dris ili may\u0131n 31-i ba\u015fa \u00e7ats\u0131n. N\u0259 bizi, n\u0259 d\u0259 \u00f6vladlar\u0131m\u0131z\u0131 \u0259lav\u0259 \u0259ziyy\u0259t\u0259 sals\u0131nlar&#8221;.<\/p>\n<p>M\u00fc\u0259llim B\u0259sti Qara\u015fovan\u0131n s\u00f6zl\u0259rin\u0259 g\u00f6r\u0259, d\u0259rsl\u0259rin \u0259vv\u0259lki ill\u0259rd\u0259 oldu\u011fu kimi sentyabr\u0131n 1-d\u0259 ba\u015flamas\u0131 daha m\u0259qs\u0259d\u0259uy\u011fundur:<\/p>\n<p>&#8220;May ay\u0131ndan sonra \u015fagirdl\u0259r dem\u0259k olar ki, d\u0259rs\u0259, oxuma\u011fa maraq g\u00f6st\u0259rmirl\u0259r. M\u00fc\u0259llim\u0259 qulaq asmaq, n\u0259yis\u0259 \u00f6yr\u0259nm\u0259k, \u00fcmumiyy\u0259tl\u0259, m\u0259kt\u0259b\u0259 g\u0259lm\u0259k ist\u0259mirl\u0259r. M\u00fc\u0259lliml\u0259rin \u00e7oxu, biri el\u0259 m\u0259n \u00f6z\u00fcm, may\u0131n 25-d\u0259n sonra u\u015faqlar\u0131 d\u0259rs\u0259 qulaq asma\u011fa, oxuma\u011fa bir n\u00f6v m\u0259cbur edirik. \u015eagirdl\u0259r d\u0259 m\u0259cbur olduqlar\u0131 \u00fc\u00e7\u00fcn m\u00fc\u0259llim\u0259 diqq\u0259tl\u0259 qulaq asm\u0131rlar. Bunun da he\u00e7 bir m\u00fcsb\u0259t n\u0259tic\u0259sini g\u00f6rm\u00fcr\u00fck. Ona g\u00f6r\u0259 d\u0259 hesab edir\u0259m ki, d\u0259rsl\u0259r sentyabr\u0131n 1-i ba\u015flay\u0131b may\u0131n 31-d\u0259 yekunla\u015fsa, yax\u015f\u0131d\u0131r&#8221;.<\/p>\n<p>Mill\u0259t v\u0259kili Musa Quliyev deyir ki, ne\u00e7\u0259 ill\u0259rdir, parlamentd\u0259 d\u0259rs ilinin sentyabr\u0131n 1-d\u0259 ba\u015flamas\u0131na dair t\u0259klifl\u0259r verilir:<\/p>\n<p>&#8220;Fikrimc\u0259, d\u0259rs ili sentyabr\u0131n 1-d\u0259n ba\u015flamal\u0131d\u0131r. He\u00e7 k\u0259s\u0259 sirr deyil ki, may ay\u0131n\u0131n sonlar\u0131ndan m\u0259kt\u0259bl\u0259rimizd\u0259, x\u00fcsusil\u0259 yuxar\u0131 sinifl\u0259rd\u0259 d\u0259rs ke\u00e7ilmir. Ona g\u00f6r\u0259 d\u0259 d\u0259rs ilinin may\u0131n sonlar\u0131nda ba\u015fa \u00e7atmas\u0131 d\u00fczg\u00fcn olard\u0131&#8221;.<\/p>\n<p>Mill\u0259t v\u0259kili Ceyhun M\u0259mm\u0259dov da d\u0259rsl\u0259rin sentyabr\u0131n 1-d\u0259n ba\u015flamas\u0131n\u0131n t\u0259r\u0259fdar\u0131 oldu\u011funu bildirib:<\/p>\n<p>&#8220;D\u0259f\u0259l\u0259rl\u0259 bu m\u00f6vzuda \u00f6z fikrimi bildirmi\u015f\u0259m. Hesab edir\u0259m ki, d\u0259rsl\u0259r sentyabr\u0131n 1-d\u0259n ba\u015flamal\u0131d\u0131r. R\u0259y sor\u011fular\u0131, v\u0259t\u0259nda\u015flar\u0131n fikirl\u0259ri d\u0259 bunu t\u0259sdiql\u0259yir. Burada parlamentd\u0259n as\u0131l\u0131 bir m\u0259s\u0259l\u0259 yoxdur. M\u0259s\u0259l\u0259 daha \u00e7ox Elm v\u0259 T\u0259hsil Nazirliyin\u0259 aiddir. Lakin t\u0259l\u0259sm\u0259k d\u0259 olmaz. Aidiyy\u0259ti orqanlar m\u0259s\u0259l\u0259ni d\u0259rind\u0259n \u00f6yr\u0259nm\u0259li, ara\u015fd\u0131rmal\u0131, daha sonra Prezident Administrasiyas\u0131nda m\u0259sl\u0259h\u0259tl\u0259\u015fm\u0259l\u0259r aparmal\u0131d\u0131r. Ondan sonra m\u00fcvafiq q\u0259rarlar q\u0259bul oluna bil\u0259r&#8221;.<\/p>\n<p>Mill\u0259t v\u0259kili Fazil Mustafa da d\u0259rsl\u0259rin sentyabr\u0131n 1-d\u0259n ba\u015flamas\u0131n\u0131n t\u0259r\u0259fdar\u0131d\u0131r:<\/p>\n<p>&#8220;M\u00fcst\u0259qillik d\u00f6vr\u00fcm\u00fczd\u0259 al\u0131nan \u0259n yersiz, laz\u0131ms\u0131z, faydas\u0131z, z\u0259r\u0259rli q\u0259rarlardan biri v\u0259 b\u0259lk\u0259 d\u0259 birincisi orta v\u0259 ali m\u0259kt\u0259bl\u0259rd\u0259 d\u0259rsl\u0259rin sentyabr\u0131n 15-d\u0259n ba\u015flamas\u0131 bar\u0259d\u0259 q\u0259rard\u0131r.<\/p>\n<p>Fikrimc\u0259, bu q\u0259rar t\u0259hsil sistemimizd\u0259 m\u0259qs\u0259dli \u015f\u0259kild\u0259 dola\u015f\u0131ql\u0131q yaratmaq \u00fc\u00e7\u00fcn verilib. M\u0259hz bu q\u0259rara g\u00f6r\u0259 Az\u0259rbaycanda b\u00fct\u00fcn t\u0259dris plan\u0131 ala-bula olub. Yalan deyirl\u0259r, may\u0131n 25-d\u0259n sonra he\u00e7 bir m\u0259kt\u0259bd\u0259 normal d\u0259rs ke\u00e7irilmir, b\u00fct\u00fcn t\u0259hsil sistemimiz bu m\u0259nas\u0131z q\u0259rar\u0131n girovuna \u00e7evrilib. He\u00e7 bir ciddi \u0259sasland\u0131rmas\u0131 da yoxdur&#8221;.<\/p>\n<p>Fazil Mustafa m\u00fc\u0259lliml\u0259rin d\u0259 iyun ay\u0131n\u0131n 15-d\u0259k olan m\u0259nas\u0131z uzatmalardan bezdiyini bildirib:<\/p>\n<p>&#8220;M\u00fczakir\u0259y\u0259 \u00e7\u0131xar\u0131n g\u00f6r\u0259k, ne\u00e7\u0259 faiz a\u011f\u0131ll\u0131 tap\u0131lacaq ki, d\u0259rsl\u0259rin 15 g\u00fcn gec ba\u015flamas\u0131n\u0131 d\u0259st\u0259kl\u0259sin? M\u0259n tam \u0259minlikl\u0259 deyir\u0259m, d\u0259rsl\u0259rin sentyabr\u0131n 1-d\u0259n ba\u015flamas\u0131 haqda q\u0259rar verils\u0259, bu, t\u0259drisin keyfiyy\u0259tin\u0259 d\u0259rhal \u00f6z t\u0259sirini g\u00f6st\u0259r\u0259c\u0259k. T\u0259drisd\u0259 itiril\u0259n bir g\u00fcn bel\u0259 \u00f6n\u0259mlidir. D\u0259rsl\u0259r sentyabr\u0131n 1-d\u0259n ba\u015flamal\u0131d\u0131r!&#8221;<\/p>\n<p>Qeyd ed\u0259k ki, bir m\u00fcdd\u0259t \u00f6nc\u0259 Elm v\u0259 T\u0259hsil naziri Emin \u018fmrullayev d\u0259 m\u0259kt\u0259bl\u0259rd\u0259 d\u0259rsl\u0259rin sentyabr\u0131n 1-d\u0259n ba\u015flamas\u0131n\u0131n daha uy\u011fun oldu\u011funu bildirib:<\/p>\n<p>&#8220;Hesab edir\u0259m ki, t\u0259dris ilinin sentyabr\u0131n 1-d\u0259n ba\u015flamas\u0131 daha m\u0259qs\u0259d\u0259uy\u011fundur. Bu, sad\u0259c\u0259 ist\u0259kdir&#8221;.<\/p>\n<p>M\u00f6vzu il\u0259 ba\u011fl\u0131 \u0259laq\u0259 saxlad\u0131\u011f\u0131m\u0131z Elm v\u0259 T\u0259hsil Nazirliyind\u0259n bildirilib ki, haz\u0131rda n\u00f6vb\u0259ti t\u0259dris ilind\u0259 d\u0259rsl\u0259rin sentyabr\u0131n 1-d\u0259 ba\u015flamas\u0131na dair q\u0259rar yoxdur:<\/p>\n<p>&#8220;Bilik G\u00fcn\u00fc Nazirl\u0259r Kabineti t\u0259r\u0259find\u0259n veril\u0259n q\u0259rar \u0259sas\u0131nda sentyabr\u0131n 15-i m\u00fc\u0259yy\u0259n edilib. Nazirlik olaraq, biz h\u0259r hans\u0131 \u015f\u0259rh ver\u0259 bilm\u0259rik&#8221;.<\/p>\n<p>BakuPost<\/p>\n","protected":false},"excerpt":{"rendered":"<p>2004-c\u00fc il\u0259 kimi \u00f6lk\u0259nin orta m\u0259kt\u0259bl\u0259rind\u0259 d\u0259rsl\u0259r sentyabr\u0131n 1-d\u0259 ba\u015flay\u0131b may\u0131n 25-i yekunla\u015f\u0131rd\u0131. Lakin Avropa t\u0259hsil sistemin\u0259 inteqrasiya \u0259sas g\u0259tiril\u0259r\u0259k, 2004-c\u00fc ild\u0259n Nazirl\u0259r Kabinetinin m\u00fcvafiq q\u0259rar\u0131 il\u0259 &#8220;\u00dcmumt\u0259hsil m\u0259kt\u0259binin N\u00fcmun\u0259vi Nizamnam\u0259si&#8221;nd\u0259 edil\u0259n d\u0259yi\u015fikliy\u0259 \u0259sas\u0259n, d\u0259rs m\u0259\u015f\u011f\u0259l\u0259l\u0259ri sentyabr\u0131n 15-d\u0259 ba\u015flay\u0131b iyunun 14-d\u0259 ba\u015fa \u00e7at\u0131r. Bu d\u0259yi\u015fiklik o d\u00f6vrd\u0259 d\u0259 insanlar t\u0259r\u0259find\u0259n b\u00f6y\u00fck naraz\u0131l\u0131qla qar\u015f\u0131lanm\u0131\u015fd\u0131. D\u0259rsl\u0259rin sentyabr\u0131n 15-d\u0259n ba\u015flamas\u0131ndan naraz\u0131l\u0131q ed\u0259nl\u0259r bu g\u00fcn d\u0259 var. M\u00fc\u0259lliml\u0259r d\u0259, valideynl\u0259r d\u0259 t\u0259dris ilinin sentyabr\u0131n 1-d\u0259 ba\u015flamas\u0131n\u0131 daha m\u0259qbul hesab edirl\u0259r. T\u0259hsil ekspertl\u0259rinin d\u0259 fikrinc\u0259, d\u0259rsl\u0259rin sentyabr\u0131n 1-d\u0259n ba\u015flamas\u0131 t\u0259hsil sisteminin d\u00fczg\u00fcn qurulmas\u0131 bax\u0131m\u0131ndan \u00f6n\u0259mlidir.&hellip;<\/p>\n","protected":false},"author":2,"featured_media":611056,"comment_status":"closed","ping_status":"closed","sticky":false,"template":"","format":"standard","meta":{"om_disable_all_campaigns":false,"_monsterinsights_skip_tracking":false,"_monsterinsights_sitenote_active":false,"_monsterinsights_sitenote_note":"","_monsterinsights_sitenote_category":0},"categories":[1],"tags":[],"aioseo_notices":[],"gutentor_comment":0,"rttpg_featured_image_url":{"full":["https:\/\/arantv.az\/wp-content\/uploads\/2023\/07\/2021-09-14-12-50-11mileTlmuxbv3EkdXs4Sf_.jpg",649,432,false],"landscape":["https:\/\/arantv.az\/wp-content\/uploads\/2023\/07\/2021-09-14-12-50-11mileTlmuxbv3EkdXs4Sf_.jpg",649,432,false],"portraits":["https:\/\/arantv.az\/wp-content\/uploads\/2023\/07\/2021-09-14-12-50-11mileTlmuxbv3EkdXs4Sf_.jpg",649,432,false],"thumbnail":["https:\/\/arantv.az\/wp-content\/uploads\/2023\/07\/2021-09-14-12-50-11mileTlmuxbv3EkdXs4Sf_-500x280.jpg",500,280,true],"medium":["https:\/\/arantv.az\/wp-content\/uploads\/2023\/07\/2021-09-14-12-50-11mileTlmuxbv3EkdXs4Sf_-548x365.jpg",548,365,true],"large":["https:\/\/arantv.az\/wp-content\/uploads\/2023\/07\/2021-09-14-12-50-11mileTlmuxbv3EkdXs4Sf_.jpg",640,426,false],"1536x1536":["https:\/\/arantv.az\/wp-content\/uploads\/2023\/07\/2021-09-14-12-50-11mileTlmuxbv3EkdXs4Sf_.jpg",649,432,false],"2048x2048":["https:\/\/arantv.az\/wp-content\/uploads\/2023\/07\/2021-09-14-12-50-11mileTlmuxbv3EkdXs4Sf_.jpg",649,432,false],"post-thumbnail":["https:\/\/arantv.az\/wp-content\/uploads\/2023\/07\/2021-09-14-12-50-11mileTlmuxbv3EkdXs4Sf_-240x172.jpg",240,172,true],"advps-thumb-one":["https:\/\/arantv.az\/wp-content\/uploads\/2023\/07\/2021-09-14-12-50-11mileTlmuxbv3EkdXs4Sf_.jpg",649,432,false]},"rttpg_author":{"display_name":"V\u00fcsal Rafiqo\u011flu","author_link":"https:\/\/arantv.az\/?author=2"},"rttpg_comment":0,"rttpg_category":"<a href=\"https:\/\/arantv.az\/?cat=1\" rel=\"category\">C\u0259miyy\u0259t<\/a>","rttpg_excerpt":"2004-c\u00fc il\u0259 kimi \u00f6lk\u0259nin orta m\u0259kt\u0259bl\u0259rind\u0259 d\u0259rsl\u0259r sentyabr\u0131n 1-d\u0259 ba\u015flay\u0131b may\u0131n 25-i yekunla\u015f\u0131rd\u0131. Lakin Avropa t\u0259hsil sistemin\u0259 inteqrasiya \u0259sas g\u0259tiril\u0259r\u0259k, 2004-c\u00fc ild\u0259n Nazirl\u0259r Kabinetinin m\u00fcvafiq q\u0259rar\u0131 il\u0259 &#8220;\u00dcmumt\u0259hsil m\u0259kt\u0259binin N\u00fcmun\u0259vi Nizamnam\u0259si&#8221;nd\u0259 edil\u0259n d\u0259yi\u015fikliy\u0259 \u0259sas\u0259n, d\u0259rs m\u0259\u015f\u011f\u0259l\u0259l\u0259ri sentyabr\u0131n 15-d\u0259 ba\u015flay\u0131b iyunun 14-d\u0259 ba\u015fa \u00e7at\u0131r. Bu d\u0259yi\u015fiklik o d\u00f6vrd\u0259 d\u0259 insanlar t\u0259r\u0259find\u0259n b\u00f6y\u00fck naraz\u0131l\u0131qla qar\u015f\u0131lanm\u0131\u015fd\u0131. D\u0259rsl\u0259rin sentyabr\u0131n&hellip;","_links":{"self":[{"href":"https:\/\/arantv.az\/index.php?rest_route=\/wp\/v2\/posts\/611055"}],"collection":[{"href":"https:\/\/arantv.az\/index.php?rest_route=\/wp\/v2\/posts"}],"about":[{"href":"https:\/\/arantv.az\/index.php?rest_route=\/wp\/v2\/types\/post"}],"author":[{"embeddable":true,"href":"https:\/\/arantv.az\/index.php?rest_route=\/wp\/v2\/users\/2"}],"replies":[{"embeddable":true,"href":"https:\/\/arantv.az\/index.php?rest_route=%2Fwp%2Fv2%2Fcomments&post=611055"}],"version-history":[{"count":0,"href":"https:\/\/arantv.az\/index.php?rest_route=\/wp\/v2\/posts\/611055\/revisions"}],"wp:featuredmedia":[{"embeddable":true,"href":"https:\/\/arantv.az\/index.php?rest_route=\/wp\/v2\/media\/611056"}],"wp:attachment":[{"href":"https:\/\/arantv.az\/index.php?rest_route=%2Fwp%2Fv2%2Fmedia&parent=611055"}],"wp:term":[{"taxonomy":"category","embeddable":true,"href":"https:\/\/arantv.az\/index.php?rest_route=%2Fwp%2Fv2%2Fcategories&post=611055"},{"taxonomy":"post_tag","embeddable":true,"href":"https:\/\/arantv.az\/index.php?rest_route=%2Fwp%2Fv2%2Ftags&post=611055"}],"curies":[{"name":"wp","href":"https:\/\/api.w.org\/{rel}","templated":true}]}}