{"id":611071,"date":"2023-07-23T07:56:41","date_gmt":"2023-07-23T03:56:41","guid":{"rendered":"https:\/\/arantv.az\/?p=611071"},"modified":"2023-07-23T07:56:41","modified_gmt":"2023-07-23T03:56:41","slug":"k%c9%99lb%c9%99c%c9%99rd%c9%99-h%c9%99rbcil%c9%99rimizi-dasiyan-avtomobil-q%c9%99zaya-ugrayib-ol%c9%99n-v%c9%99-yaralanan-var-yenil%c9%99nib","status":"publish","type":"post","link":"https:\/\/arantv.az\/?p=611071","title":{"rendered":"K\u0259lb\u0259c\u0259rd\u0259 h\u0259rb\u00e7il\u0259rimizi da\u015f\u0131yan avtomobil q\u0259zaya u\u011fray\u0131b, \u00f6l\u0259n v\u0259 yaralanan var &#8211; YEN\u0130L\u018fN\u0130B"},"content":{"rendered":"<p>K\u0259lb\u0259c\u0259rd\u0259 h\u0259rb\u00e7il\u0259rimizi da\u015f\u0131yan avtomobil q\u0259zaya u\u011fray\u0131b, \u00f6l\u0259n v\u0259 yaralanan var.<\/p>\n<p>Bu bar\u0259d\u0259 H\u0259rbi Prokurorlu\u011fun M\u0259tbuat xidm\u0259tind\u0259n bildirilib.<\/p>\n<p>M\u00fcdafi\u0259 Nazirliyinin N sayl\u0131 h\u0259rbi hiss\u0259sin\u0259 m\u0259xsus \u201cMaz\u201d markal\u0131 avtomobilin 22 iyul 2023-c\u00fc il tarixd\u0259 q\u0259zaya u\u011framas\u0131, h\u0259rbi qulluq\u00e7ular &#8211; ba\u015f \u0259sg\u0259r \u018fliyev Emin Eld\u0259niz o\u011flunun \u00f6lm\u0259si v\u0259 leytenant H\u00fcseynov \u018fli \u0130lyas o\u011flunun m\u00fcxt\u0259lif d\u0259r\u0259c\u0259li x\u0259sar\u0259tl\u0259r almas\u0131 fakt\u0131 il\u0259 \u0259laq\u0259dar K\u0259lb\u0259c\u0259r H\u0259rbi Prokurorlu\u011funun v\u0259 Az\u0259rbaycan Respublikas\u0131 H\u0259rbi Prokurorlu\u011funun Kriminalistika v\u0259 \u0130nformasiya Texnologiyalar\u0131 idar\u0259sinin \u0259m\u0259kda\u015flar\u0131 t\u0259r\u0259find\u0259n hadis\u0259 yerin\u0259 bax\u0131\u015f ke\u00e7irilib, i\u015f \u00fc\u00e7\u00fcn \u0259h\u0259miyy\u0259t k\u0259sb ed\u0259n predmetl\u0259r maddi s\u00fcbut kimi g\u00f6t\u00fcr\u00fcl\u00fcb, izahatlar al\u0131n\u0131b v\u0259 dig\u0259r h\u0259r\u0259k\u0259tl\u0259r icra edilib.<\/p>\n<p>Haz\u0131rda K\u0259lb\u0259c\u0259r H\u0259rbi Prokurorlu\u011funda ara\u015fd\u0131rma davam etdirilir v\u0259 qanunvericiliyin t\u0259l\u0259bl\u0259rin\u0259 uy\u011fun olaraq b\u00fct\u00fcn t\u0259dbirl\u0259rin g\u00f6r\u00fclm\u0259si t\u0259min olunacaq.<\/p>\n<div id=\"22881913269\"><\/div>\n<div><iframe loading=\"lazy\" title=\"YouTube video player\" src=\"https:\/\/www.youtube.com\/embed\/lvGKfAnOs-A\" width=\"560\" height=\"315\" frameborder=\"0\" allowfullscreen=\"allowfullscreen\" data-mce-fragment=\"1\"><\/iframe><\/div>\n<div><iframe loading=\"lazy\" id=\"telegram-post-oxuaze-57417\" src=\"https:\/\/t.me\/oxuaze\/57417?embed=1\" width=\"100%\" height=\"\" frameborder=\"0\" scrolling=\"no\" data-mce-fragment=\"1\"><\/iframe><\/div>\n<p>&nbsp;<\/p>\n<p>&nbsp;<\/p>\n","protected":false},"excerpt":{"rendered":"<p>K\u0259lb\u0259c\u0259rd\u0259 h\u0259rb\u00e7il\u0259rimizi da\u015f\u0131yan avtomobil q\u0259zaya u\u011fray\u0131b, \u00f6l\u0259n v\u0259 yaralanan var. Bu bar\u0259d\u0259 H\u0259rbi Prokurorlu\u011fun M\u0259tbuat xidm\u0259tind\u0259n bildirilib. M\u00fcdafi\u0259 Nazirliyinin N sayl\u0131 h\u0259rbi hiss\u0259sin\u0259 m\u0259xsus \u201cMaz\u201d markal\u0131 avtomobilin 22 iyul 2023-c\u00fc il tarixd\u0259 q\u0259zaya u\u011framas\u0131, h\u0259rbi qulluq\u00e7ular &#8211; ba\u015f \u0259sg\u0259r \u018fliyev Emin Eld\u0259niz o\u011flunun \u00f6lm\u0259si v\u0259 leytenant H\u00fcseynov \u018fli \u0130lyas o\u011flunun m\u00fcxt\u0259lif d\u0259r\u0259c\u0259li x\u0259sar\u0259tl\u0259r almas\u0131 fakt\u0131 il\u0259 \u0259laq\u0259dar K\u0259lb\u0259c\u0259r H\u0259rbi Prokurorlu\u011funun v\u0259 Az\u0259rbaycan Respublikas\u0131 H\u0259rbi Prokurorlu\u011funun Kriminalistika v\u0259 \u0130nformasiya Texnologiyalar\u0131 idar\u0259sinin \u0259m\u0259kda\u015flar\u0131 t\u0259r\u0259find\u0259n hadis\u0259 yerin\u0259 bax\u0131\u015f ke\u00e7irilib, i\u015f \u00fc\u00e7\u00fcn \u0259h\u0259miyy\u0259t k\u0259sb ed\u0259n predmetl\u0259r maddi s\u00fcbut kimi g\u00f6t\u00fcr\u00fcl\u00fcb, izahatlar al\u0131n\u0131b v\u0259 dig\u0259r&hellip;<\/p>\n","protected":false},"author":2,"featured_media":611072,"comment_status":"closed","ping_status":"closed","sticky":false,"template":"","format":"standard","meta":{"om_disable_all_campaigns":false,"_monsterinsights_skip_tracking":false,"_monsterinsights_sitenote_active":false,"_monsterinsights_sitenote_note":"","_monsterinsights_sitenote_category":0},"categories":[5],"tags":[],"aioseo_notices":[],"gutentor_comment":0,"rttpg_featured_image_url":{"full":["https:\/\/arantv.az\/wp-content\/uploads\/2023\/07\/FotoJet-52.jpg",620,413,false],"landscape":["https:\/\/arantv.az\/wp-content\/uploads\/2023\/07\/FotoJet-52.jpg",620,413,false],"portraits":["https:\/\/arantv.az\/wp-content\/uploads\/2023\/07\/FotoJet-52.jpg",620,413,false],"thumbnail":["https:\/\/arantv.az\/wp-content\/uploads\/2023\/07\/FotoJet-52-500x280.jpg",500,280,true],"medium":["https:\/\/arantv.az\/wp-content\/uploads\/2023\/07\/FotoJet-52-548x365.jpg",548,365,true],"large":["https:\/\/arantv.az\/wp-content\/uploads\/2023\/07\/FotoJet-52.jpg",620,413,false],"1536x1536":["https:\/\/arantv.az\/wp-content\/uploads\/2023\/07\/FotoJet-52.jpg",620,413,false],"2048x2048":["https:\/\/arantv.az\/wp-content\/uploads\/2023\/07\/FotoJet-52.jpg",620,413,false],"post-thumbnail":["https:\/\/arantv.az\/wp-content\/uploads\/2023\/07\/FotoJet-52-240x172.jpg",240,172,true],"advps-thumb-one":["https:\/\/arantv.az\/wp-content\/uploads\/2023\/07\/FotoJet-52.jpg",620,413,false]},"rttpg_author":{"display_name":"V\u00fcsal Rafiqo\u011flu","author_link":"https:\/\/arantv.az\/?author=2"},"rttpg_comment":0,"rttpg_category":"<a href=\"https:\/\/arantv.az\/?cat=5\" rel=\"category\">Hadis\u0259<\/a>","rttpg_excerpt":"K\u0259lb\u0259c\u0259rd\u0259 h\u0259rb\u00e7il\u0259rimizi da\u015f\u0131yan avtomobil q\u0259zaya u\u011fray\u0131b, \u00f6l\u0259n v\u0259 yaralanan var. Bu bar\u0259d\u0259 H\u0259rbi Prokurorlu\u011fun M\u0259tbuat xidm\u0259tind\u0259n bildirilib. M\u00fcdafi\u0259 Nazirliyinin N sayl\u0131 h\u0259rbi hiss\u0259sin\u0259 m\u0259xsus \u201cMaz\u201d markal\u0131 avtomobilin 22 iyul 2023-c\u00fc il tarixd\u0259 q\u0259zaya u\u011framas\u0131, h\u0259rbi qulluq\u00e7ular &#8211; ba\u015f \u0259sg\u0259r \u018fliyev Emin Eld\u0259niz o\u011flunun \u00f6lm\u0259si v\u0259 leytenant H\u00fcseynov \u018fli \u0130lyas o\u011flunun m\u00fcxt\u0259lif d\u0259r\u0259c\u0259li x\u0259sar\u0259tl\u0259r almas\u0131 fakt\u0131&hellip;","_links":{"self":[{"href":"https:\/\/arantv.az\/index.php?rest_route=\/wp\/v2\/posts\/611071"}],"collection":[{"href":"https:\/\/arantv.az\/index.php?rest_route=\/wp\/v2\/posts"}],"about":[{"href":"https:\/\/arantv.az\/index.php?rest_route=\/wp\/v2\/types\/post"}],"author":[{"embeddable":true,"href":"https:\/\/arantv.az\/index.php?rest_route=\/wp\/v2\/users\/2"}],"replies":[{"embeddable":true,"href":"https:\/\/arantv.az\/index.php?rest_route=%2Fwp%2Fv2%2Fcomments&post=611071"}],"version-history":[{"count":0,"href":"https:\/\/arantv.az\/index.php?rest_route=\/wp\/v2\/posts\/611071\/revisions"}],"wp:featuredmedia":[{"embeddable":true,"href":"https:\/\/arantv.az\/index.php?rest_route=\/wp\/v2\/media\/611072"}],"wp:attachment":[{"href":"https:\/\/arantv.az\/index.php?rest_route=%2Fwp%2Fv2%2Fmedia&parent=611071"}],"wp:term":[{"taxonomy":"category","embeddable":true,"href":"https:\/\/arantv.az\/index.php?rest_route=%2Fwp%2Fv2%2Fcategories&post=611071"},{"taxonomy":"post_tag","embeddable":true,"href":"https:\/\/arantv.az\/index.php?rest_route=%2Fwp%2Fv2%2Ftags&post=611071"}],"curies":[{"name":"wp","href":"https:\/\/api.w.org\/{rel}","templated":true}]}}