{"id":611096,"date":"2023-07-24T09:06:42","date_gmt":"2023-07-24T05:06:42","guid":{"rendered":"https:\/\/arantv.az\/?p=611096"},"modified":"2023-07-24T09:06:42","modified_gmt":"2023-07-24T05:06:42","slug":"turkiy%c9%99li-meteoroloq-istid%c9%99n-ol%c9%99nl%c9%99rin-sayi-artacaq","status":"publish","type":"post","link":"https:\/\/arantv.az\/?p=611096","title":{"rendered":"T\u00fcrkiy\u0259li meteoroloq: \u201c\u0130stid\u0259n \u00f6l\u0259nl\u0259rin say\u0131 artacaq\u201d"},"content":{"rendered":"<p>T\u00fcrkiy\u0259li meteoroloq F\u0131rat \u00c7ukur\u00e7ay\u0131r \u00f6lk\u0259d\u0259 rekord temperaturlar proqnozla\u015fd\u0131r\u0131b. O, bildirib ki, 2024-c\u00fc ild\u0259 havalar \u0259h\u0259miyy\u0259tli d\u0259r\u0259c\u0259d\u0259 isti olacaq.<\/p>\n<p>Ekspert T\u00fcrkiy\u0259d\u0259 temperaturun 2023-c\u00fc ilin oktyabr ay\u0131na q\u0259d\u0259r normadan y\u00fcks\u0259k h\u0259dd\u0259 qalaca\u011f\u0131n\u0131, Egey, Aral\u0131q d\u0259nizi, \u0130\u00e7 Anadolu v\u0259 C\u0259nub-\u015e\u0259rqi Anadolu b\u00f6lg\u0259l\u0259rind\u0259 temperaturun daha k\u0259skin olaca\u011f\u0131n\u0131 s\u00f6yl\u0259yib.<\/p>\n<p>\u201cEl-Nino fenomeninin temperatura t\u0259siri ad\u0259t\u0259n onun ba\u015flanmas\u0131ndan bir il sonra n\u0259z\u0259r\u0259 \u00e7arp\u0131r. Buna g\u00f6r\u0259 d\u0259 T\u00fcrkiy\u0259nin haz\u0131rda 2023-c\u00fc ild\u0259 ya\u015fad\u0131\u011f\u0131 istil\u0259rin 2024-c\u00fc ild\u0259 \u00f6z\u00fcn\u00fc daha k\u0259skin g\u00f6st\u0259rm\u0259si ehtimal\u0131 var\u201d, &#8211; \u00c7ukur\u00e7ay\u0131r vur\u011fulay\u0131b.<\/p>\n<p>O \u0259lav\u0259 edib ki, 2016-c\u0131 il \u00f6lk\u0259 tarixind\u0259 \u0259n isti il \u200b\u200bolub. Lakin bir il sonra 2016-c\u0131 ild\u0259 m\u00fc\u0259yy\u0259n edilmi\u015f temperatur rekordunun ke\u00e7il\u0259c\u0259yi proqnozla\u015fd\u0131r\u0131l\u0131r.<\/p>\n<p>M\u0259nb\u0259: H\u00fcriyyet<\/p>\n","protected":false},"excerpt":{"rendered":"<p>T\u00fcrkiy\u0259li meteoroloq F\u0131rat \u00c7ukur\u00e7ay\u0131r \u00f6lk\u0259d\u0259 rekord temperaturlar proqnozla\u015fd\u0131r\u0131b. O, bildirib ki, 2024-c\u00fc ild\u0259 havalar \u0259h\u0259miyy\u0259tli d\u0259r\u0259c\u0259d\u0259 isti olacaq. Ekspert T\u00fcrkiy\u0259d\u0259 temperaturun 2023-c\u00fc ilin oktyabr ay\u0131na q\u0259d\u0259r normadan y\u00fcks\u0259k h\u0259dd\u0259 qalaca\u011f\u0131n\u0131, Egey, Aral\u0131q d\u0259nizi, \u0130\u00e7 Anadolu v\u0259 C\u0259nub-\u015e\u0259rqi Anadolu b\u00f6lg\u0259l\u0259rind\u0259 temperaturun daha k\u0259skin olaca\u011f\u0131n\u0131 s\u00f6yl\u0259yib. \u201cEl-Nino fenomeninin temperatura t\u0259siri ad\u0259t\u0259n onun ba\u015flanmas\u0131ndan bir il sonra n\u0259z\u0259r\u0259 \u00e7arp\u0131r. Buna g\u00f6r\u0259 d\u0259 T\u00fcrkiy\u0259nin haz\u0131rda 2023-c\u00fc ild\u0259 ya\u015fad\u0131\u011f\u0131 istil\u0259rin 2024-c\u00fc ild\u0259 \u00f6z\u00fcn\u00fc daha k\u0259skin g\u00f6st\u0259rm\u0259si ehtimal\u0131 var\u201d, &#8211; \u00c7ukur\u00e7ay\u0131r vur\u011fulay\u0131b. O \u0259lav\u0259 edib ki, 2016-c\u0131 il \u00f6lk\u0259 tarixind\u0259 \u0259n isti il \u200b\u200bolub. Lakin bir&hellip;<\/p>\n","protected":false},"author":2,"featured_media":611097,"comment_status":"closed","ping_status":"closed","sticky":false,"template":"","format":"standard","meta":{"om_disable_all_campaigns":false,"_monsterinsights_skip_tracking":false,"_monsterinsights_sitenote_active":false,"_monsterinsights_sitenote_note":"","_monsterinsights_sitenote_category":0},"categories":[7],"tags":[],"aioseo_notices":[],"gutentor_comment":0,"rttpg_featured_image_url":{"full":["https:\/\/arantv.az\/wp-content\/uploads\/2023\/07\/img-20210511151930-828.jpg",620,413,false],"landscape":["https:\/\/arantv.az\/wp-content\/uploads\/2023\/07\/img-20210511151930-828.jpg",620,413,false],"portraits":["https:\/\/arantv.az\/wp-content\/uploads\/2023\/07\/img-20210511151930-828.jpg",620,413,false],"thumbnail":["https:\/\/arantv.az\/wp-content\/uploads\/2023\/07\/img-20210511151930-828-500x280.jpg",500,280,true],"medium":["https:\/\/arantv.az\/wp-content\/uploads\/2023\/07\/img-20210511151930-828-548x365.jpg",548,365,true],"large":["https:\/\/arantv.az\/wp-content\/uploads\/2023\/07\/img-20210511151930-828.jpg",620,413,false],"1536x1536":["https:\/\/arantv.az\/wp-content\/uploads\/2023\/07\/img-20210511151930-828.jpg",620,413,false],"2048x2048":["https:\/\/arantv.az\/wp-content\/uploads\/2023\/07\/img-20210511151930-828.jpg",620,413,false],"post-thumbnail":["https:\/\/arantv.az\/wp-content\/uploads\/2023\/07\/img-20210511151930-828-240x172.jpg",240,172,true],"advps-thumb-one":["https:\/\/arantv.az\/wp-content\/uploads\/2023\/07\/img-20210511151930-828.jpg",620,413,false]},"rttpg_author":{"display_name":"V\u00fcsal Rafiqo\u011flu","author_link":"https:\/\/arantv.az\/?author=2"},"rttpg_comment":0,"rttpg_category":"<a href=\"https:\/\/arantv.az\/?cat=7\" rel=\"category\">D\u00fcnya<\/a>","rttpg_excerpt":"T\u00fcrkiy\u0259li meteoroloq F\u0131rat \u00c7ukur\u00e7ay\u0131r \u00f6lk\u0259d\u0259 rekord temperaturlar proqnozla\u015fd\u0131r\u0131b. O, bildirib ki, 2024-c\u00fc ild\u0259 havalar \u0259h\u0259miyy\u0259tli d\u0259r\u0259c\u0259d\u0259 isti olacaq. Ekspert T\u00fcrkiy\u0259d\u0259 temperaturun 2023-c\u00fc ilin oktyabr ay\u0131na q\u0259d\u0259r normadan y\u00fcks\u0259k h\u0259dd\u0259 qalaca\u011f\u0131n\u0131, Egey, Aral\u0131q d\u0259nizi, \u0130\u00e7 Anadolu v\u0259 C\u0259nub-\u015e\u0259rqi Anadolu b\u00f6lg\u0259l\u0259rind\u0259 temperaturun daha k\u0259skin olaca\u011f\u0131n\u0131 s\u00f6yl\u0259yib. \u201cEl-Nino fenomeninin temperatura t\u0259siri ad\u0259t\u0259n onun ba\u015flanmas\u0131ndan bir il sonra n\u0259z\u0259r\u0259&hellip;","_links":{"self":[{"href":"https:\/\/arantv.az\/index.php?rest_route=\/wp\/v2\/posts\/611096"}],"collection":[{"href":"https:\/\/arantv.az\/index.php?rest_route=\/wp\/v2\/posts"}],"about":[{"href":"https:\/\/arantv.az\/index.php?rest_route=\/wp\/v2\/types\/post"}],"author":[{"embeddable":true,"href":"https:\/\/arantv.az\/index.php?rest_route=\/wp\/v2\/users\/2"}],"replies":[{"embeddable":true,"href":"https:\/\/arantv.az\/index.php?rest_route=%2Fwp%2Fv2%2Fcomments&post=611096"}],"version-history":[{"count":0,"href":"https:\/\/arantv.az\/index.php?rest_route=\/wp\/v2\/posts\/611096\/revisions"}],"wp:featuredmedia":[{"embeddable":true,"href":"https:\/\/arantv.az\/index.php?rest_route=\/wp\/v2\/media\/611097"}],"wp:attachment":[{"href":"https:\/\/arantv.az\/index.php?rest_route=%2Fwp%2Fv2%2Fmedia&parent=611096"}],"wp:term":[{"taxonomy":"category","embeddable":true,"href":"https:\/\/arantv.az\/index.php?rest_route=%2Fwp%2Fv2%2Fcategories&post=611096"},{"taxonomy":"post_tag","embeddable":true,"href":"https:\/\/arantv.az\/index.php?rest_route=%2Fwp%2Fv2%2Ftags&post=611096"}],"curies":[{"name":"wp","href":"https:\/\/api.w.org\/{rel}","templated":true}]}}