{"id":611104,"date":"2023-07-24T09:07:52","date_gmt":"2023-07-24T05:07:52","guid":{"rendered":"https:\/\/arantv.az\/?p=611104"},"modified":"2023-07-24T09:07:52","modified_gmt":"2023-07-24T05:07:52","slug":"yerli-turistl%c9%99r-zaqatala-daglarinda-itkin-dusubl%c9%99r-yenil%c9%99nib","status":"publish","type":"post","link":"https:\/\/arantv.az\/?p=611104","title":{"rendered":"Yerli turistl\u0259r Zaqatala da\u011flar\u0131nda itkin d\u00fc\u015f\u00fcbl\u0259r &#8211; YEN\u0130L\u018fN\u0130B"},"content":{"rendered":"<p>Zaqatalada \u015f\u0259lal\u0259y\u0259 ged\u0259n Bak\u0131 \u015f\u0259h\u0259r sakinl\u0259ri itkin d\u00fc\u015f\u00fcbl\u0259r.<\/p>\n<p>APA x\u0259b\u0259r verir ki, bu bar\u0259d\u0259 Daxili \u0130\u015fl\u0259r Nazirliyinin M\u0259tbuat Xidm\u0259tinin \u015e\u0259ki regional qrupunun ba\u015f inspektoru, polis kapitan\u0131 Mahir M\u0259simov m\u0259lumat verib.<\/p>\n<p>Bildirib ki, d\u00fcn\u0259n saat 14 rad\u0259l\u0259rind\u0259 iki\u00a0n\u0259f\u0259r paytaxt sakininin Zaqatala rayonunun Q\u0259bizd\u0259r\u0259 k\u0259ndi \u0259razisind\u0259 yerl\u0259\u015f\u0259n \u015f\u0259lal\u0259y\u0259 getm\u0259l\u0259ri v\u0259 me\u015f\u0259lik \u0259razid\u0259 yolu azmalar\u0131 bar\u0259d\u0259 polis\u0259 m\u0259lumat daxil olub. Rayon Polis \u015e\u00f6b\u0259sinin, F\u00f6vq\u0259lad\u0259 Hallar Nazirliyinin, Ekologiya v\u0259 T\u0259bii S\u0259rv\u0259tl\u0259r Nazirliyinin v\u0259 \u0259razini tan\u0131yan yerli sakinl\u0259rin d\u0259 i\u015ftirak\u0131 il\u0259 onlar\u0131n axtar\u0131\u015flar\u0131 davam etdirilir.<\/p>\n<p><strong>08:30<\/strong><\/p>\n<p>Zaqatalada iki yerli turist da\u011flarda itkin d\u00fc\u015f\u00fcb.<\/p>\n<p>APA-n\u0131n \u015eimal-q\u0259rb b\u00fcrosunun m\u0259lumat\u0131na g\u00f6r\u0259, \u00f6t\u0259n g\u00fcn iki n\u0259f\u0259r \u015f\u0259xsiyy\u0259ti h\u0259l\u0259 m\u0259lum olmayan yerli turist Zaqatala rayonu Q\u0259bizd\u0259r\u0259 istiqam\u0259tind\u0259n Zaqatala \u015f\u0259lal\u0259sin\u0259 ged\u0259n zaman da\u011fl\u0131q-me\u015f\u0259lik \u0259razid\u0259 itkin d\u00fc\u015f\u00fcb.<\/p>\n<p>Turistl\u0259rin itkin d\u00fc\u015fm\u0259si bar\u0259d\u0259 F\u00f6vq\u0259lad\u0259 Hallar Nazirliyinin (FHN) \u201c112\u201d qaynar x\u0259tt xidm\u0259tin\u0259 v\u0259 D\u0130N-in Zaqatala Rayon Polis \u015e\u00f6b\u0259sin\u0259 m\u0259lumat verilib.<\/p>\n<p>Haz\u0131rda h\u0259min \u015f\u0259xsl\u0259rin tap\u0131lmas\u0131 istiqam\u0259tind\u0259 \u0259m\u0259liyyat t\u0259dbirl\u0259ri apar\u0131l\u0131r.<\/p>\n","protected":false},"excerpt":{"rendered":"<p>Zaqatalada \u015f\u0259lal\u0259y\u0259 ged\u0259n Bak\u0131 \u015f\u0259h\u0259r sakinl\u0259ri itkin d\u00fc\u015f\u00fcbl\u0259r. APA x\u0259b\u0259r verir ki, bu bar\u0259d\u0259 Daxili \u0130\u015fl\u0259r Nazirliyinin M\u0259tbuat Xidm\u0259tinin \u015e\u0259ki regional qrupunun ba\u015f inspektoru, polis kapitan\u0131 Mahir M\u0259simov m\u0259lumat verib. Bildirib ki, d\u00fcn\u0259n saat 14 rad\u0259l\u0259rind\u0259 iki\u00a0n\u0259f\u0259r paytaxt sakininin Zaqatala rayonunun Q\u0259bizd\u0259r\u0259 k\u0259ndi \u0259razisind\u0259 yerl\u0259\u015f\u0259n \u015f\u0259lal\u0259y\u0259 getm\u0259l\u0259ri v\u0259 me\u015f\u0259lik \u0259razid\u0259 yolu azmalar\u0131 bar\u0259d\u0259 polis\u0259 m\u0259lumat daxil olub. Rayon Polis \u015e\u00f6b\u0259sinin, F\u00f6vq\u0259lad\u0259 Hallar Nazirliyinin, Ekologiya v\u0259 T\u0259bii S\u0259rv\u0259tl\u0259r Nazirliyinin v\u0259 \u0259razini tan\u0131yan yerli sakinl\u0259rin d\u0259 i\u015ftirak\u0131 il\u0259 onlar\u0131n axtar\u0131\u015flar\u0131 davam etdirilir. 08:30 Zaqatalada iki yerli turist da\u011flarda itkin d\u00fc\u015f\u00fcb. APA-n\u0131n \u015eimal-q\u0259rb&hellip;<\/p>\n","protected":false},"author":2,"featured_media":611105,"comment_status":"closed","ping_status":"closed","sticky":false,"template":"","format":"standard","meta":{"om_disable_all_campaigns":false,"_monsterinsights_skip_tracking":false,"_monsterinsights_sitenote_active":false,"_monsterinsights_sitenote_note":"","_monsterinsights_sitenote_category":0},"categories":[5],"tags":[],"aioseo_notices":[],"gutentor_comment":0,"rttpg_featured_image_url":{"full":["https:\/\/arantv.az\/wp-content\/uploads\/2023\/07\/221a2366-1d09-4ffe-8d1a-f29be45980c6.jpg",620,413,false],"landscape":["https:\/\/arantv.az\/wp-content\/uploads\/2023\/07\/221a2366-1d09-4ffe-8d1a-f29be45980c6.jpg",620,413,false],"portraits":["https:\/\/arantv.az\/wp-content\/uploads\/2023\/07\/221a2366-1d09-4ffe-8d1a-f29be45980c6.jpg",620,413,false],"thumbnail":["https:\/\/arantv.az\/wp-content\/uploads\/2023\/07\/221a2366-1d09-4ffe-8d1a-f29be45980c6-500x280.jpg",500,280,true],"medium":["https:\/\/arantv.az\/wp-content\/uploads\/2023\/07\/221a2366-1d09-4ffe-8d1a-f29be45980c6-548x365.jpg",548,365,true],"large":["https:\/\/arantv.az\/wp-content\/uploads\/2023\/07\/221a2366-1d09-4ffe-8d1a-f29be45980c6.jpg",620,413,false],"1536x1536":["https:\/\/arantv.az\/wp-content\/uploads\/2023\/07\/221a2366-1d09-4ffe-8d1a-f29be45980c6.jpg",620,413,false],"2048x2048":["https:\/\/arantv.az\/wp-content\/uploads\/2023\/07\/221a2366-1d09-4ffe-8d1a-f29be45980c6.jpg",620,413,false],"post-thumbnail":["https:\/\/arantv.az\/wp-content\/uploads\/2023\/07\/221a2366-1d09-4ffe-8d1a-f29be45980c6-240x172.jpg",240,172,true],"advps-thumb-one":["https:\/\/arantv.az\/wp-content\/uploads\/2023\/07\/221a2366-1d09-4ffe-8d1a-f29be45980c6.jpg",620,413,false]},"rttpg_author":{"display_name":"V\u00fcsal Rafiqo\u011flu","author_link":"https:\/\/arantv.az\/?author=2"},"rttpg_comment":0,"rttpg_category":"<a href=\"https:\/\/arantv.az\/?cat=5\" rel=\"category\">Hadis\u0259<\/a>","rttpg_excerpt":"Zaqatalada \u015f\u0259lal\u0259y\u0259 ged\u0259n Bak\u0131 \u015f\u0259h\u0259r sakinl\u0259ri itkin d\u00fc\u015f\u00fcbl\u0259r. APA x\u0259b\u0259r verir ki, bu bar\u0259d\u0259 Daxili \u0130\u015fl\u0259r Nazirliyinin M\u0259tbuat Xidm\u0259tinin \u015e\u0259ki regional qrupunun ba\u015f inspektoru, polis kapitan\u0131 Mahir M\u0259simov m\u0259lumat verib. Bildirib ki, d\u00fcn\u0259n saat 14 rad\u0259l\u0259rind\u0259 iki\u00a0n\u0259f\u0259r paytaxt sakininin Zaqatala rayonunun Q\u0259bizd\u0259r\u0259 k\u0259ndi \u0259razisind\u0259 yerl\u0259\u015f\u0259n \u015f\u0259lal\u0259y\u0259 getm\u0259l\u0259ri v\u0259 me\u015f\u0259lik \u0259razid\u0259 yolu azmalar\u0131 bar\u0259d\u0259 polis\u0259 m\u0259lumat&hellip;","_links":{"self":[{"href":"https:\/\/arantv.az\/index.php?rest_route=\/wp\/v2\/posts\/611104"}],"collection":[{"href":"https:\/\/arantv.az\/index.php?rest_route=\/wp\/v2\/posts"}],"about":[{"href":"https:\/\/arantv.az\/index.php?rest_route=\/wp\/v2\/types\/post"}],"author":[{"embeddable":true,"href":"https:\/\/arantv.az\/index.php?rest_route=\/wp\/v2\/users\/2"}],"replies":[{"embeddable":true,"href":"https:\/\/arantv.az\/index.php?rest_route=%2Fwp%2Fv2%2Fcomments&post=611104"}],"version-history":[{"count":0,"href":"https:\/\/arantv.az\/index.php?rest_route=\/wp\/v2\/posts\/611104\/revisions"}],"wp:featuredmedia":[{"embeddable":true,"href":"https:\/\/arantv.az\/index.php?rest_route=\/wp\/v2\/media\/611105"}],"wp:attachment":[{"href":"https:\/\/arantv.az\/index.php?rest_route=%2Fwp%2Fv2%2Fmedia&parent=611104"}],"wp:term":[{"taxonomy":"category","embeddable":true,"href":"https:\/\/arantv.az\/index.php?rest_route=%2Fwp%2Fv2%2Fcategories&post=611104"},{"taxonomy":"post_tag","embeddable":true,"href":"https:\/\/arantv.az\/index.php?rest_route=%2Fwp%2Fv2%2Ftags&post=611104"}],"curies":[{"name":"wp","href":"https:\/\/api.w.org\/{rel}","templated":true}]}}