{"id":611112,"date":"2023-07-24T09:14:53","date_gmt":"2023-07-24T05:14:53","guid":{"rendered":"https:\/\/arantv.az\/?p=611112"},"modified":"2023-07-24T09:14:53","modified_gmt":"2023-07-24T05:14:53","slug":"q%c9%99t%c9%99r-alti-ild%c9%99n-sonra-b%c9%99%c9%99-y%c9%99-s%c9%99fir-t%c9%99yin-etdi","status":"publish","type":"post","link":"https:\/\/arantv.az\/?p=611112","title":{"rendered":"Q\u0259t\u0259r alt\u0131 ild\u0259n sonra B\u018f\u018f-y\u0259 s\u0259fir t\u0259yin etdi"},"content":{"rendered":"<p>Q\u0259t\u0259r \u0259miri Sultan bin S\u0259lmin \u0259l-M\u0259nsurini Birl\u0259\u015fmi\u015f \u018fr\u0259b \u018fmirlikl\u0259rin\u0259 (B\u018f\u018f) yeni s\u0259fir t\u0259yin edib.<\/p>\n<p>M\u00fcvafiq f\u0259rman \u0259mirin d\u0259ft\u0259rxanas\u0131n\u0131n sayt\u0131nda d\u0259rc olunub.<\/p>\n<p>F\u0259rman d\u0259rc edildiyi g\u00fcnd\u0259n q\u00fcvv\u0259y\u0259 minir.<\/p>\n<p>Qeyd ed\u0259k ki, Q\u0259t\u0259r hakimiyy\u0259ti 2017-ci ild\u0259 Doha il\u0259 \u018fbu-Dabi aras\u0131nda diplomatik m\u00fcnasib\u0259tl\u0259rin k\u0259silm\u0259sind\u0259n sonra ilk d\u0259f\u0259 B\u018f\u018f-y\u0259 s\u0259fir t\u0259yin etm\u0259k q\u0259rar\u0131na g\u0259lib.<\/p>\n","protected":false},"excerpt":{"rendered":"<p>Q\u0259t\u0259r \u0259miri Sultan bin S\u0259lmin \u0259l-M\u0259nsurini Birl\u0259\u015fmi\u015f \u018fr\u0259b \u018fmirlikl\u0259rin\u0259 (B\u018f\u018f) yeni s\u0259fir t\u0259yin edib. M\u00fcvafiq f\u0259rman \u0259mirin d\u0259ft\u0259rxanas\u0131n\u0131n sayt\u0131nda d\u0259rc olunub. F\u0259rman d\u0259rc edildiyi g\u00fcnd\u0259n q\u00fcvv\u0259y\u0259 minir. Qeyd ed\u0259k ki, Q\u0259t\u0259r hakimiyy\u0259ti 2017-ci ild\u0259 Doha il\u0259 \u018fbu-Dabi aras\u0131nda diplomatik m\u00fcnasib\u0259tl\u0259rin k\u0259silm\u0259sind\u0259n sonra ilk d\u0259f\u0259 B\u018f\u018f-y\u0259 s\u0259fir t\u0259yin etm\u0259k q\u0259rar\u0131na g\u0259lib.<\/p>\n","protected":false},"author":2,"featured_media":611113,"comment_status":"closed","ping_status":"closed","sticky":false,"template":"","format":"standard","meta":{"om_disable_all_campaigns":false,"_monsterinsights_skip_tracking":false,"_monsterinsights_sitenote_active":false,"_monsterinsights_sitenote_note":"","_monsterinsights_sitenote_category":0},"categories":[7],"tags":[],"aioseo_notices":[],"gutentor_comment":0,"rttpg_featured_image_url":{"full":["https:\/\/arantv.az\/wp-content\/uploads\/2023\/07\/6490086e8264b6490086e8264c16871609426490086e826476490086e82649.jpg",620,413,false],"landscape":["https:\/\/arantv.az\/wp-content\/uploads\/2023\/07\/6490086e8264b6490086e8264c16871609426490086e826476490086e82649.jpg",620,413,false],"portraits":["https:\/\/arantv.az\/wp-content\/uploads\/2023\/07\/6490086e8264b6490086e8264c16871609426490086e826476490086e82649.jpg",620,413,false],"thumbnail":["https:\/\/arantv.az\/wp-content\/uploads\/2023\/07\/6490086e8264b6490086e8264c16871609426490086e826476490086e82649-500x280.jpg",500,280,true],"medium":["https:\/\/arantv.az\/wp-content\/uploads\/2023\/07\/6490086e8264b6490086e8264c16871609426490086e826476490086e82649-548x365.jpg",548,365,true],"large":["https:\/\/arantv.az\/wp-content\/uploads\/2023\/07\/6490086e8264b6490086e8264c16871609426490086e826476490086e82649.jpg",620,413,false],"1536x1536":["https:\/\/arantv.az\/wp-content\/uploads\/2023\/07\/6490086e8264b6490086e8264c16871609426490086e826476490086e82649.jpg",620,413,false],"2048x2048":["https:\/\/arantv.az\/wp-content\/uploads\/2023\/07\/6490086e8264b6490086e8264c16871609426490086e826476490086e82649.jpg",620,413,false],"post-thumbnail":["https:\/\/arantv.az\/wp-content\/uploads\/2023\/07\/6490086e8264b6490086e8264c16871609426490086e826476490086e82649-240x172.jpg",240,172,true],"advps-thumb-one":["https:\/\/arantv.az\/wp-content\/uploads\/2023\/07\/6490086e8264b6490086e8264c16871609426490086e826476490086e82649.jpg",620,413,false]},"rttpg_author":{"display_name":"V\u00fcsal Rafiqo\u011flu","author_link":"https:\/\/arantv.az\/?author=2"},"rttpg_comment":0,"rttpg_category":"<a href=\"https:\/\/arantv.az\/?cat=7\" rel=\"category\">D\u00fcnya<\/a>","rttpg_excerpt":"Q\u0259t\u0259r \u0259miri Sultan bin S\u0259lmin \u0259l-M\u0259nsurini Birl\u0259\u015fmi\u015f \u018fr\u0259b \u018fmirlikl\u0259rin\u0259 (B\u018f\u018f) yeni s\u0259fir t\u0259yin edib. M\u00fcvafiq f\u0259rman \u0259mirin d\u0259ft\u0259rxanas\u0131n\u0131n sayt\u0131nda d\u0259rc olunub. F\u0259rman d\u0259rc edildiyi g\u00fcnd\u0259n q\u00fcvv\u0259y\u0259 minir. Qeyd ed\u0259k ki, Q\u0259t\u0259r hakimiyy\u0259ti 2017-ci ild\u0259 Doha il\u0259 \u018fbu-Dabi aras\u0131nda diplomatik m\u00fcnasib\u0259tl\u0259rin k\u0259silm\u0259sind\u0259n sonra ilk d\u0259f\u0259 B\u018f\u018f-y\u0259 s\u0259fir t\u0259yin etm\u0259k q\u0259rar\u0131na g\u0259lib.","_links":{"self":[{"href":"https:\/\/arantv.az\/index.php?rest_route=\/wp\/v2\/posts\/611112"}],"collection":[{"href":"https:\/\/arantv.az\/index.php?rest_route=\/wp\/v2\/posts"}],"about":[{"href":"https:\/\/arantv.az\/index.php?rest_route=\/wp\/v2\/types\/post"}],"author":[{"embeddable":true,"href":"https:\/\/arantv.az\/index.php?rest_route=\/wp\/v2\/users\/2"}],"replies":[{"embeddable":true,"href":"https:\/\/arantv.az\/index.php?rest_route=%2Fwp%2Fv2%2Fcomments&post=611112"}],"version-history":[{"count":0,"href":"https:\/\/arantv.az\/index.php?rest_route=\/wp\/v2\/posts\/611112\/revisions"}],"wp:featuredmedia":[{"embeddable":true,"href":"https:\/\/arantv.az\/index.php?rest_route=\/wp\/v2\/media\/611113"}],"wp:attachment":[{"href":"https:\/\/arantv.az\/index.php?rest_route=%2Fwp%2Fv2%2Fmedia&parent=611112"}],"wp:term":[{"taxonomy":"category","embeddable":true,"href":"https:\/\/arantv.az\/index.php?rest_route=%2Fwp%2Fv2%2Fcategories&post=611112"},{"taxonomy":"post_tag","embeddable":true,"href":"https:\/\/arantv.az\/index.php?rest_route=%2Fwp%2Fv2%2Ftags&post=611112"}],"curies":[{"name":"wp","href":"https:\/\/api.w.org\/{rel}","templated":true}]}}