{"id":611122,"date":"2023-07-24T09:26:17","date_gmt":"2023-07-24T05:26:17","guid":{"rendered":"https:\/\/arantv.az\/?p=611122"},"modified":"2023-07-24T09:26:17","modified_gmt":"2023-07-24T05:26:17","slug":"qubad-ibadoglunun-qizi-danisdi-ofisin-icind%c9%99-40-min-dollar","status":"publish","type":"post","link":"https:\/\/arantv.az\/?p=611122","title":{"rendered":"Qubad \u0130bado\u011flunun q\u0131z\u0131 dan\u0131\u015fd\u0131: &#8220;Ofisin i\u00e7ind\u0259 40 min dollar&#8230;&#8221;"},"content":{"rendered":"<p><strong>T\u00fcrkiy\u0259nin AK Partiya iqtidar\u0131na yax\u0131n &#8220;Yeni \u015eafak&#8221; sayt\u0131 Az\u0259rbaycandak\u0131 FET\u00d6 h\u0259bsl\u0259rind\u0259n yaz\u0131b.\u00a0<\/strong><\/p>\n<p>&#8220;Yeni \u015eafak&#8221; sayt\u0131nda qeyd olunur ki,\u00a0saxlan\u0131lanlar\u00a0FET\u00d6-n\u00fcn Az\u0259rbaycandak\u0131 ke\u00e7mi\u015f r\u0259hb\u0259rl\u0259rind\u0259n olan D\u00f6yr\u00fc\u015f C\u0259f\u0259rov, t\u0259\u015fkilat\u0131n maliyy\u0259 i\u015fl\u0259rin\u0259 cavabdeh olan G\u00fcmrah \u018fbd\u00fcr\u0259hmanov, \u201cYurd\u201d m\u0259rk\u0259zinin direktoru Ruslan \u018fliyev v\u0259 t\u0259\u015fkilati i\u015fl\u0259r\u0259 cavabdeh \u015f\u0259xs Anar \u018fliyevdir.<\/p>\n<p>&#8220;D\u00f6yr\u00fc\u015f C\u0259f\u0259rov, G\u00fcmrah \u018fbd\u00fcr\u0259hmanov v\u0259 Anar \u018fliyevin FET\u00d6-n\u00fcn Az\u0259rbaycandak\u0131 t\u0259hsil v\u0259 t\u0259lim m\u0259rk\u0259zl\u0259rind\u0259 uzun m\u00fcdd\u0259tdir FET\u00d6 t\u0259bli\u011fat\u0131 apard\u0131qlar\u0131 v\u0259 g\u0259ncl\u0259rin t\u0259\u015fkilata \u00fczv olmas\u0131n\u0131 ist\u0259dikl\u0259ri m\u00fc\u0259yy\u0259n edilib. FET\u00d6-n\u00fcn idar\u0259l\u0259rind\u0259, m\u0259tb\u0259\u0259l\u0259rind\u0259, t\u0259dris m\u0259rk\u0259zl\u0259rind\u0259, yataqxana m\u0259rk\u0259zind\u0259 v\u0259 saxlan\u0131lan \u015f\u0259xsl\u0259rin \u00fcnvanlar\u0131nda apar\u0131lan axtar\u0131\u015flar zaman\u0131 qurumun maliyy\u0259 hesabatlar\u0131, f\u0259aliyy\u0259t planlar\u0131n\u0131 \u0259ks etdir\u0259n s\u0259n\u0259dl\u0259r, FET\u00d6 ideyalar\u0131n\u0131 yayan radikal dini s\u0259n\u0259dl\u0259r, komp\u00fcterl\u0259r, elektron yadda\u015f cihazlar\u0131, bank kartlar\u0131, k\u00fclli miqdarda saxta pul v\u0259 odlu silahlar \u0259l\u0259 ke\u00e7irilib&#8221;, &#8211;\u00a0\u00a0&#8220;Yeni \u015eafak&#8221; yaz\u0131b.<\/p>\n<p>D\u00fcn\u0259n, 23 iyul tarixind\u0259 saxlan\u0131lan Qubad \u0130bado\u011flunun q\u0131z\u0131 Jal\u0259 Bayramova atas\u0131n\u0131n saxlan\u0131lmas\u0131 il\u0259 ba\u011fl\u0131 bir s\u0131ra a\u00e7\u0131qlamalar verib.<\/p>\n<p>Jal\u0259 Bayramova qeyd edib: &#8220;Ofisin i\u00e7ind\u0259n guya 40 min dollar pul \u00e7\u0131xar\u0131blar,\u00a0pulun saxta v\u0259 ya ger\u00e7\u0259k oldu\u011fu bilinmir. T\u0259bii ki, onu \u00f6zl\u0259ri yerl\u0259\u015fdiribl\u0259r&#8221;.<\/p>\n<p>Jal\u0259 Bayramova daha sonra atas\u0131n\u0131n x\u0259st\u0259 oldu\u011funu, d\u0259rmanlar\u0131 ona \u00e7atd\u0131ra bilm\u0259dikl\u0259rini qeyd edib: &#8220;Atam x\u0259st\u0259dir, d\u0259rmanlar\u0131n\u0131 soru\u015fur v\u0259 d\u0259rmanlar\u0131na ehtiyac\u0131 var. Saat 1-2-d\u0259n b\u0259ri saxlan\u0131l\u0131b, d\u0259rmanlar\u0131n\u0131 ata bilm\u0259yib. Biz ondan \u00e7ox narahat\u0131q&#8221;.<\/p>\n<p>Jal\u0259 Bayramova\u00a0h\u0259m\u00e7inin bildirib ki,\u00a0Qubad \u0130bado\u011flu x\u0259b\u0259rd\u0259 ad\u0131 \u00e7\u0259kil\u0259n Anar \u018fliyev\u0259 saxta dollar satmaqda ittiham olunur.<\/p>\n<p>&nbsp;<\/p>\n","protected":false},"excerpt":{"rendered":"<p>T\u00fcrkiy\u0259nin AK Partiya iqtidar\u0131na yax\u0131n &#8220;Yeni \u015eafak&#8221; sayt\u0131 Az\u0259rbaycandak\u0131 FET\u00d6 h\u0259bsl\u0259rind\u0259n yaz\u0131b.\u00a0 &#8220;Yeni \u015eafak&#8221; sayt\u0131nda qeyd olunur ki,\u00a0saxlan\u0131lanlar\u00a0FET\u00d6-n\u00fcn Az\u0259rbaycandak\u0131 ke\u00e7mi\u015f r\u0259hb\u0259rl\u0259rind\u0259n olan D\u00f6yr\u00fc\u015f C\u0259f\u0259rov, t\u0259\u015fkilat\u0131n maliyy\u0259 i\u015fl\u0259rin\u0259 cavabdeh olan G\u00fcmrah \u018fbd\u00fcr\u0259hmanov, \u201cYurd\u201d m\u0259rk\u0259zinin direktoru Ruslan \u018fliyev v\u0259 t\u0259\u015fkilati i\u015fl\u0259r\u0259 cavabdeh \u015f\u0259xs Anar \u018fliyevdir. &#8220;D\u00f6yr\u00fc\u015f C\u0259f\u0259rov, G\u00fcmrah \u018fbd\u00fcr\u0259hmanov v\u0259 Anar \u018fliyevin FET\u00d6-n\u00fcn Az\u0259rbaycandak\u0131 t\u0259hsil v\u0259 t\u0259lim m\u0259rk\u0259zl\u0259rind\u0259 uzun m\u00fcdd\u0259tdir FET\u00d6 t\u0259bli\u011fat\u0131 apard\u0131qlar\u0131 v\u0259 g\u0259ncl\u0259rin t\u0259\u015fkilata \u00fczv olmas\u0131n\u0131 ist\u0259dikl\u0259ri m\u00fc\u0259yy\u0259n edilib. FET\u00d6-n\u00fcn idar\u0259l\u0259rind\u0259, m\u0259tb\u0259\u0259l\u0259rind\u0259, t\u0259dris m\u0259rk\u0259zl\u0259rind\u0259, yataqxana m\u0259rk\u0259zind\u0259 v\u0259 saxlan\u0131lan \u015f\u0259xsl\u0259rin \u00fcnvanlar\u0131nda apar\u0131lan axtar\u0131\u015flar zaman\u0131 qurumun maliyy\u0259 hesabatlar\u0131, f\u0259aliyy\u0259t planlar\u0131n\u0131 \u0259ks etdir\u0259n&hellip;<\/p>\n","protected":false},"author":2,"featured_media":611123,"comment_status":"closed","ping_status":"closed","sticky":false,"template":"","format":"standard","meta":{"om_disable_all_campaigns":false,"_monsterinsights_skip_tracking":false,"_monsterinsights_sitenote_active":false,"_monsterinsights_sitenote_note":"","_monsterinsights_sitenote_category":0},"categories":[1],"tags":[],"aioseo_notices":[],"gutentor_comment":0,"rttpg_featured_image_url":{"full":["https:\/\/arantv.az\/wp-content\/uploads\/2023\/07\/301d6bf0a87b78a4af3a81edc90af95d.jpg",637,400,false],"landscape":["https:\/\/arantv.az\/wp-content\/uploads\/2023\/07\/301d6bf0a87b78a4af3a81edc90af95d.jpg",637,400,false],"portraits":["https:\/\/arantv.az\/wp-content\/uploads\/2023\/07\/301d6bf0a87b78a4af3a81edc90af95d.jpg",637,400,false],"thumbnail":["https:\/\/arantv.az\/wp-content\/uploads\/2023\/07\/301d6bf0a87b78a4af3a81edc90af95d-500x280.jpg",500,280,true],"medium":["https:\/\/arantv.az\/wp-content\/uploads\/2023\/07\/301d6bf0a87b78a4af3a81edc90af95d-581x365.jpg",581,365,true],"large":["https:\/\/arantv.az\/wp-content\/uploads\/2023\/07\/301d6bf0a87b78a4af3a81edc90af95d.jpg",637,400,false],"1536x1536":["https:\/\/arantv.az\/wp-content\/uploads\/2023\/07\/301d6bf0a87b78a4af3a81edc90af95d.jpg",637,400,false],"2048x2048":["https:\/\/arantv.az\/wp-content\/uploads\/2023\/07\/301d6bf0a87b78a4af3a81edc90af95d.jpg",637,400,false],"post-thumbnail":["https:\/\/arantv.az\/wp-content\/uploads\/2023\/07\/301d6bf0a87b78a4af3a81edc90af95d-240x172.jpg",240,172,true],"advps-thumb-one":["https:\/\/arantv.az\/wp-content\/uploads\/2023\/07\/301d6bf0a87b78a4af3a81edc90af95d.jpg",637,400,false]},"rttpg_author":{"display_name":"V\u00fcsal Rafiqo\u011flu","author_link":"https:\/\/arantv.az\/?author=2"},"rttpg_comment":0,"rttpg_category":"<a href=\"https:\/\/arantv.az\/?cat=1\" rel=\"category\">C\u0259miyy\u0259t<\/a>","rttpg_excerpt":"T\u00fcrkiy\u0259nin AK Partiya iqtidar\u0131na yax\u0131n &#8220;Yeni \u015eafak&#8221; sayt\u0131 Az\u0259rbaycandak\u0131 FET\u00d6 h\u0259bsl\u0259rind\u0259n yaz\u0131b.\u00a0 &#8220;Yeni \u015eafak&#8221; sayt\u0131nda qeyd olunur ki,\u00a0saxlan\u0131lanlar\u00a0FET\u00d6-n\u00fcn Az\u0259rbaycandak\u0131 ke\u00e7mi\u015f r\u0259hb\u0259rl\u0259rind\u0259n olan D\u00f6yr\u00fc\u015f C\u0259f\u0259rov, t\u0259\u015fkilat\u0131n maliyy\u0259 i\u015fl\u0259rin\u0259 cavabdeh olan G\u00fcmrah \u018fbd\u00fcr\u0259hmanov, \u201cYurd\u201d m\u0259rk\u0259zinin direktoru Ruslan \u018fliyev v\u0259 t\u0259\u015fkilati i\u015fl\u0259r\u0259 cavabdeh \u015f\u0259xs Anar \u018fliyevdir. &#8220;D\u00f6yr\u00fc\u015f C\u0259f\u0259rov, G\u00fcmrah \u018fbd\u00fcr\u0259hmanov v\u0259 Anar \u018fliyevin FET\u00d6-n\u00fcn Az\u0259rbaycandak\u0131 t\u0259hsil v\u0259 t\u0259lim&hellip;","_links":{"self":[{"href":"https:\/\/arantv.az\/index.php?rest_route=\/wp\/v2\/posts\/611122"}],"collection":[{"href":"https:\/\/arantv.az\/index.php?rest_route=\/wp\/v2\/posts"}],"about":[{"href":"https:\/\/arantv.az\/index.php?rest_route=\/wp\/v2\/types\/post"}],"author":[{"embeddable":true,"href":"https:\/\/arantv.az\/index.php?rest_route=\/wp\/v2\/users\/2"}],"replies":[{"embeddable":true,"href":"https:\/\/arantv.az\/index.php?rest_route=%2Fwp%2Fv2%2Fcomments&post=611122"}],"version-history":[{"count":0,"href":"https:\/\/arantv.az\/index.php?rest_route=\/wp\/v2\/posts\/611122\/revisions"}],"wp:featuredmedia":[{"embeddable":true,"href":"https:\/\/arantv.az\/index.php?rest_route=\/wp\/v2\/media\/611123"}],"wp:attachment":[{"href":"https:\/\/arantv.az\/index.php?rest_route=%2Fwp%2Fv2%2Fmedia&parent=611122"}],"wp:term":[{"taxonomy":"category","embeddable":true,"href":"https:\/\/arantv.az\/index.php?rest_route=%2Fwp%2Fv2%2Fcategories&post=611122"},{"taxonomy":"post_tag","embeddable":true,"href":"https:\/\/arantv.az\/index.php?rest_route=%2Fwp%2Fv2%2Ftags&post=611122"}],"curies":[{"name":"wp","href":"https:\/\/api.w.org\/{rel}","templated":true}]}}