{"id":611147,"date":"2023-07-24T09:34:57","date_gmt":"2023-07-24T05:34:57","guid":{"rendered":"https:\/\/arantv.az\/?p=611147"},"modified":"2023-07-24T09:34:57","modified_gmt":"2023-07-24T05:34:57","slug":"bagcalara-q%c9%99bul-baslayir","status":"publish","type":"post","link":"https:\/\/arantv.az\/?p=611147","title":{"rendered":"Ba\u011f\u00e7alara q\u0259bul ba\u015flay\u0131r"},"content":{"rendered":"<p>\u0130yulun 25-d\u0259n m\u0259kt\u0259b\u0259q\u0259d\u0259r t\u0259hsil m\u00fc\u0259ssis\u0259l\u0259rin\u0259 q\u0259bul ba\u015flay\u0131r.<\/p>\n<p>Bu bar\u0259d\u0259 Elm v\u0259 T\u0259hsil Nazirliyi m\u0259lumat yay\u0131b.<\/p>\n<p>Bildirilib ki, valideynl\u0259r\u00a0<a href=\"http:\/\/www.bq.edu.az\/\" target=\"_blank\" rel=\"noopener\">http:\/\/www.bq.edu.az<\/a>\u00a0sayt\u0131na daxil olmaqla 2023-2024-c\u00fc t\u0259dris ili \u00fc\u00e7\u00fcn m\u00fc\u0259ssis\u0259l\u0259r\u0259 q\u0259bulla ba\u011fl\u0131 elektron kabinet yarada bil\u0259c\u0259kl\u0259r<\/p>\n<p>Avqustun 1-d\u0259 saat 11:00-da regional t\u0259hsil idar\u0259l\u0259ri, avqustun 8-d\u0259\u00a0saat 11:00-da is\u0259 Bak\u0131 \u015f\u0259h\u0259ri \u00fczr\u0259 valideynl\u0259r m\u0259kt\u0259b\u0259q\u0259d\u0259r t\u0259hsil m\u00fc\u0259ssis\u0259l\u0259rin\u0259 q\u0259bulla ba\u011fl\u0131 n\u00f6vb\u0259 yarada bil\u0259c\u0259kl\u0259r. Proses sentyabr\u0131n 1-d\u0259k davam ed\u0259c\u0259k.<\/p>\n<p>M\u0259kt\u0259b\u0259q\u0259d\u0259r t\u0259hsil m\u00fc\u0259ssis\u0259l\u0259rin\u0259 q\u0259bul sistemind\u0259 n\u00f6vb\u0259 yaradark\u0259n 1 u\u015faq \u00fc\u00e7\u00fcn maksimum 3 m\u0259kt\u0259b\u0259q\u0259d\u0259r t\u0259hsil m\u00fc\u0259ssis\u0259sini se\u00e7m\u0259k m\u00fcmk\u00fcnd\u00fcr. M\u00f6vcud n\u00f6vb\u0259l\u0259rin bo\u015f yer oldu\u011fu halda sor\u011fuya \u00e7evrilm\u0259si prosesi minimum 5 g\u00fcnd\u0259n sonra h\u0259yata ke\u00e7iril\u0259c\u0259k. N\u00f6vb\u0259 sor\u011fuya \u00e7evrildikd\u0259n sonra valideyn (v\u0259 ya qanuni n\u00fcmay\u0259nd\u0259) 15 g\u00fcn \u0259rzind\u0259 s\u0259n\u0259dl\u0259ri m\u00fcvafiq m\u00fc\u0259ssis\u0259y\u0259 t\u0259qdim etm\u0259lidir, \u0259ks t\u0259qdird\u0259, sor\u011fu silin\u0259c\u0259k v\u0259 n\u00f6vb\u0259li \u015f\u0259kild\u0259 dig\u0259r u\u015fa\u011f\u0131n q\u0259bulu apar\u0131lacaq.<\/p>\n<p>Elektron q\u0259bul sistemi sentyabr\u0131n 1-d\u0259n 15-d\u0259k qruplar\u0131n komplektl\u0259\u015fdirilm\u0259si s\u0259b\u0259bind\u0259n m\u00fcv\u0259qq\u0259ti dayand\u0131r\u0131lacaq. Komplektl\u0259\u015fdirm\u0259 prosesi bitdikd\u0259n sonra u\u015faqlar\u0131n m\u0259kt\u0259b\u0259q\u0259d\u0259r t\u0259hsil m\u00fc\u0259ssis\u0259l\u0259rind\u0259 bo\u015f yerl\u0259r\u0259 q\u0259bulu ilboyu davam ed\u0259c\u0259k.<\/p>\n<p>Qeyd ed\u0259k ki, q\u0259bul sistemind\u0259 \u00f6t\u0259n t\u0259dris ilind\u0259 yarad\u0131lm\u0131\u015f n\u00f6vb\u0259 v\u0259 sor\u011fular arxivl\u0259\u015fdiril\u0259r\u0259k valideyn kabinetin\u0259 \u0259lav\u0259 edilib. H\u0259min n\u00f6vb\u0259 v\u0259 sor\u011fular bu il \u00fc\u00e7\u00fcn ke\u00e7\u0259rli deyil.<\/p>\n","protected":false},"excerpt":{"rendered":"<p>\u0130yulun 25-d\u0259n m\u0259kt\u0259b\u0259q\u0259d\u0259r t\u0259hsil m\u00fc\u0259ssis\u0259l\u0259rin\u0259 q\u0259bul ba\u015flay\u0131r. Bu bar\u0259d\u0259 Elm v\u0259 T\u0259hsil Nazirliyi m\u0259lumat yay\u0131b. Bildirilib ki, valideynl\u0259r\u00a0http:\/\/www.bq.edu.az\u00a0sayt\u0131na daxil olmaqla 2023-2024-c\u00fc t\u0259dris ili \u00fc\u00e7\u00fcn m\u00fc\u0259ssis\u0259l\u0259r\u0259 q\u0259bulla ba\u011fl\u0131 elektron kabinet yarada bil\u0259c\u0259kl\u0259r Avqustun 1-d\u0259 saat 11:00-da regional t\u0259hsil idar\u0259l\u0259ri, avqustun 8-d\u0259\u00a0saat 11:00-da is\u0259 Bak\u0131 \u015f\u0259h\u0259ri \u00fczr\u0259 valideynl\u0259r m\u0259kt\u0259b\u0259q\u0259d\u0259r t\u0259hsil m\u00fc\u0259ssis\u0259l\u0259rin\u0259 q\u0259bulla ba\u011fl\u0131 n\u00f6vb\u0259 yarada bil\u0259c\u0259kl\u0259r. Proses sentyabr\u0131n 1-d\u0259k davam ed\u0259c\u0259k. M\u0259kt\u0259b\u0259q\u0259d\u0259r t\u0259hsil m\u00fc\u0259ssis\u0259l\u0259rin\u0259 q\u0259bul sistemind\u0259 n\u00f6vb\u0259 yaradark\u0259n 1 u\u015faq \u00fc\u00e7\u00fcn maksimum 3 m\u0259kt\u0259b\u0259q\u0259d\u0259r t\u0259hsil m\u00fc\u0259ssis\u0259sini se\u00e7m\u0259k m\u00fcmk\u00fcnd\u00fcr. M\u00f6vcud n\u00f6vb\u0259l\u0259rin bo\u015f yer oldu\u011fu halda sor\u011fuya \u00e7evrilm\u0259si prosesi minimum 5 g\u00fcnd\u0259n sonra h\u0259yata&hellip;<\/p>\n","protected":false},"author":2,"featured_media":322986,"comment_status":"closed","ping_status":"closed","sticky":false,"template":"","format":"standard","meta":{"om_disable_all_campaigns":false,"_monsterinsights_skip_tracking":false,"_monsterinsights_sitenote_active":false,"_monsterinsights_sitenote_note":"","_monsterinsights_sitenote_category":0},"categories":[1],"tags":[],"aioseo_notices":[],"gutentor_comment":0,"rttpg_featured_image_url":{"full":["https:\/\/arantv.az\/wp-content\/uploads\/2021\/04\/usaq_bagcasi_0256-1.jpg",800,600,false],"landscape":["https:\/\/arantv.az\/wp-content\/uploads\/2021\/04\/usaq_bagcasi_0256-1.jpg",800,600,false],"portraits":["https:\/\/arantv.az\/wp-content\/uploads\/2021\/04\/usaq_bagcasi_0256-1.jpg",800,600,false],"thumbnail":["https:\/\/arantv.az\/wp-content\/uploads\/2021\/04\/usaq_bagcasi_0256-1-500x280.jpg",500,280,true],"medium":["https:\/\/arantv.az\/wp-content\/uploads\/2021\/04\/usaq_bagcasi_0256-1-487x365.jpg",487,365,true],"large":["https:\/\/arantv.az\/wp-content\/uploads\/2021\/04\/usaq_bagcasi_0256-1.jpg",640,480,false],"1536x1536":["https:\/\/arantv.az\/wp-content\/uploads\/2021\/04\/usaq_bagcasi_0256-1.jpg",800,600,false],"2048x2048":["https:\/\/arantv.az\/wp-content\/uploads\/2021\/04\/usaq_bagcasi_0256-1.jpg",800,600,false],"post-thumbnail":["https:\/\/arantv.az\/wp-content\/uploads\/2021\/04\/usaq_bagcasi_0256-1-240x172.jpg",240,172,true],"advps-thumb-one":["https:\/\/arantv.az\/wp-content\/uploads\/2021\/04\/usaq_bagcasi_0256-1.jpg",800,600,false]},"rttpg_author":{"display_name":"V\u00fcsal Rafiqo\u011flu","author_link":"https:\/\/arantv.az\/?author=2"},"rttpg_comment":0,"rttpg_category":"<a href=\"https:\/\/arantv.az\/?cat=1\" rel=\"category\">C\u0259miyy\u0259t<\/a>","rttpg_excerpt":"\u0130yulun 25-d\u0259n m\u0259kt\u0259b\u0259q\u0259d\u0259r t\u0259hsil m\u00fc\u0259ssis\u0259l\u0259rin\u0259 q\u0259bul ba\u015flay\u0131r. Bu bar\u0259d\u0259 Elm v\u0259 T\u0259hsil Nazirliyi m\u0259lumat yay\u0131b. Bildirilib ki, valideynl\u0259r\u00a0http:\/\/www.bq.edu.az\u00a0sayt\u0131na daxil olmaqla 2023-2024-c\u00fc t\u0259dris ili \u00fc\u00e7\u00fcn m\u00fc\u0259ssis\u0259l\u0259r\u0259 q\u0259bulla ba\u011fl\u0131 elektron kabinet yarada bil\u0259c\u0259kl\u0259r Avqustun 1-d\u0259 saat 11:00-da regional t\u0259hsil idar\u0259l\u0259ri, avqustun 8-d\u0259\u00a0saat 11:00-da is\u0259 Bak\u0131 \u015f\u0259h\u0259ri \u00fczr\u0259 valideynl\u0259r m\u0259kt\u0259b\u0259q\u0259d\u0259r t\u0259hsil m\u00fc\u0259ssis\u0259l\u0259rin\u0259 q\u0259bulla ba\u011fl\u0131 n\u00f6vb\u0259 yarada bil\u0259c\u0259kl\u0259r. Proses&hellip;","_links":{"self":[{"href":"https:\/\/arantv.az\/index.php?rest_route=\/wp\/v2\/posts\/611147"}],"collection":[{"href":"https:\/\/arantv.az\/index.php?rest_route=\/wp\/v2\/posts"}],"about":[{"href":"https:\/\/arantv.az\/index.php?rest_route=\/wp\/v2\/types\/post"}],"author":[{"embeddable":true,"href":"https:\/\/arantv.az\/index.php?rest_route=\/wp\/v2\/users\/2"}],"replies":[{"embeddable":true,"href":"https:\/\/arantv.az\/index.php?rest_route=%2Fwp%2Fv2%2Fcomments&post=611147"}],"version-history":[{"count":0,"href":"https:\/\/arantv.az\/index.php?rest_route=\/wp\/v2\/posts\/611147\/revisions"}],"wp:featuredmedia":[{"embeddable":true,"href":"https:\/\/arantv.az\/index.php?rest_route=\/wp\/v2\/media\/322986"}],"wp:attachment":[{"href":"https:\/\/arantv.az\/index.php?rest_route=%2Fwp%2Fv2%2Fmedia&parent=611147"}],"wp:term":[{"taxonomy":"category","embeddable":true,"href":"https:\/\/arantv.az\/index.php?rest_route=%2Fwp%2Fv2%2Fcategories&post=611147"},{"taxonomy":"post_tag","embeddable":true,"href":"https:\/\/arantv.az\/index.php?rest_route=%2Fwp%2Fv2%2Ftags&post=611147"}],"curies":[{"name":"wp","href":"https:\/\/api.w.org\/{rel}","templated":true}]}}