{"id":611176,"date":"2023-07-24T10:21:47","date_gmt":"2023-07-24T06:21:47","guid":{"rendered":"https:\/\/arantv.az\/?p=611176"},"modified":"2023-07-24T10:21:47","modified_gmt":"2023-07-24T06:21:47","slug":"samuxda-v%c9%99zif%c9%99li-s%c9%99xs%c9%99-ciddi-x%c9%99b%c9%99rdarliq-edilib","status":"publish","type":"post","link":"https:\/\/arantv.az\/?p=611176","title":{"rendered":"Samuxda v\u0259zif\u0259li \u015f\u0259xs\u0259 ciddi x\u0259b\u0259rdarl\u0131q edilib"},"content":{"rendered":"<p>Xa\u00e7maz rayonunun N\u0259r\u0259can k\u0259ndi \u0259razisind\u0259 f\u0259aliyy\u0259t g\u00f6st\u0259r\u0259n \u201cAysberq\u201d kafesinin \u0259traf\u0131nda, Yevlax rayonunun Aran q\u0259s\u0259b\u0259sind\u0259ki avtoyuma m\u0259nt\u0259q\u0259sinin yax\u0131nl\u0131\u011f\u0131nda v\u0259 Samux rayonunun Kolay\u0131r k\u0259ndi \u0259razisind\u0259ki d\u0259r\u0259d\u0259 m\u0259i\u015f\u0259t tullant\u0131lar\u0131n\u0131n qalaqlanaraq yand\u0131r\u0131lmas\u0131 faktlar\u0131 m\u00fc\u0259yy\u0259n edilib.<\/p>\n<p>Bu bar\u0259d\u0259 D\u00f6vl\u0259t Ekoloji T\u0259hl\u00fck\u0259sizlik Xidm\u0259tinin r\u0259smisi B\u0259hruz M\u0259h\u0259mm\u0259dov m\u0259lumat yay\u0131b.<\/p>\n<p>Bildirilib ki, ara\u015fd\u0131rma zaman\u0131 tullant\u0131lar\u0131n Xa\u00e7maz v\u0259 Yevlax rayonlar\u0131 \u0259razil\u0259rind\u0259 ia\u015f\u0259 obyektl\u0259rinin \u0259m\u0259kda\u015flar\u0131 t\u0259r\u0259find\u0259n \u0259traf \u0259razil\u0259r\u0259 at\u0131ld\u0131\u011f\u0131, Samux rayonunda is\u0259 Samux M\u0259nzil Kommunal T\u0259s\u0259rr\u00fcfat\u0131 v\u0259 \u0130stehsalat Birliyin\u0259 m\u0259xsus y\u00fck ma\u015f\u0131n\u0131ndan d\u0259r\u0259y\u0259 bo\u015fald\u0131ld\u0131\u011f\u0131 m\u0259lum olub.<\/p>\n<p>Faktlarla ba\u011fl\u0131 \u201cAysberq\u201d kafesinin istifad\u0259\u00e7isi Namik \u018fs\u0259dov, avtoyuma m\u0259nt\u0259q\u0259sinin i\u015f\u00e7isi C\u0259sar\u0259t Z\u00fcl\u00fcyev v\u0259 Samux MKT\u0130B-nin y\u00fck ma\u015f\u0131n\u0131n\u0131n s\u00fcr\u00fcc\u00fcs\u00fc Qara \u018fliyev bar\u0259sind\u0259 akt, protokol t\u0259rtib olunaraq qanunam\u00fcvafiq t\u0259dbirl\u0259r g\u00f6r\u00fcl\u00fcb.<\/p>\n<p>Xidm\u0259t r\u0259smisinin s\u00f6zl\u0259rin\u0259 g\u00f6r\u0259, \u0259razil\u0259rin t\u0259mizl\u0259nm\u0259si v\u0259 m\u00fct\u0259madi n\u0259zar\u0259t olunmas\u0131 il\u0259 ba\u011fl\u0131 h\u0259r \u00fc\u00e7 m\u00fc\u0259ssis\u0259nin m\u0259sul \u015f\u0259xsl\u0259rin\u0259 m\u0259cburi g\u00f6st\u0259ri\u015f verilib, Samux MKT\u0130B-in r\u0259hb\u0259rliyin\u0259 is\u0259 s\u00fcr\u00fcc\u00fcl\u0259rin f\u0259aliyy\u0259tini n\u0259zar\u0259td\u0259 saxlamas\u0131 \u00fc\u00e7\u00fcn ciddi x\u0259b\u0259rdarl\u0131q olunub.<\/p>\n","protected":false},"excerpt":{"rendered":"<p>Xa\u00e7maz rayonunun N\u0259r\u0259can k\u0259ndi \u0259razisind\u0259 f\u0259aliyy\u0259t g\u00f6st\u0259r\u0259n \u201cAysberq\u201d kafesinin \u0259traf\u0131nda, Yevlax rayonunun Aran q\u0259s\u0259b\u0259sind\u0259ki avtoyuma m\u0259nt\u0259q\u0259sinin yax\u0131nl\u0131\u011f\u0131nda v\u0259 Samux rayonunun Kolay\u0131r k\u0259ndi \u0259razisind\u0259ki d\u0259r\u0259d\u0259 m\u0259i\u015f\u0259t tullant\u0131lar\u0131n\u0131n qalaqlanaraq yand\u0131r\u0131lmas\u0131 faktlar\u0131 m\u00fc\u0259yy\u0259n edilib. Bu bar\u0259d\u0259 D\u00f6vl\u0259t Ekoloji T\u0259hl\u00fck\u0259sizlik Xidm\u0259tinin r\u0259smisi B\u0259hruz M\u0259h\u0259mm\u0259dov m\u0259lumat yay\u0131b. Bildirilib ki, ara\u015fd\u0131rma zaman\u0131 tullant\u0131lar\u0131n Xa\u00e7maz v\u0259 Yevlax rayonlar\u0131 \u0259razil\u0259rind\u0259 ia\u015f\u0259 obyektl\u0259rinin \u0259m\u0259kda\u015flar\u0131 t\u0259r\u0259find\u0259n \u0259traf \u0259razil\u0259r\u0259 at\u0131ld\u0131\u011f\u0131, Samux rayonunda is\u0259 Samux M\u0259nzil Kommunal T\u0259s\u0259rr\u00fcfat\u0131 v\u0259 \u0130stehsalat Birliyin\u0259 m\u0259xsus y\u00fck ma\u015f\u0131n\u0131ndan d\u0259r\u0259y\u0259 bo\u015fald\u0131ld\u0131\u011f\u0131 m\u0259lum olub. Faktlarla ba\u011fl\u0131 \u201cAysberq\u201d kafesinin istifad\u0259\u00e7isi Namik \u018fs\u0259dov, avtoyuma m\u0259nt\u0259q\u0259sinin i\u015f\u00e7isi C\u0259sar\u0259t Z\u00fcl\u00fcyev v\u0259 Samux&hellip;<\/p>\n","protected":false},"author":2,"featured_media":611177,"comment_status":"closed","ping_status":"closed","sticky":false,"template":"","format":"standard","meta":{"om_disable_all_campaigns":false,"_monsterinsights_skip_tracking":false,"_monsterinsights_sitenote_active":false,"_monsterinsights_sitenote_note":"","_monsterinsights_sitenote_category":0},"categories":[1],"tags":[],"aioseo_notices":[],"gutentor_comment":0,"rttpg_featured_image_url":{"full":["https:\/\/arantv.az\/wp-content\/uploads\/2023\/07\/8b7e287f-378c-32ac-9c6e-951b9e7ec03e_850.jpg",620,413,false],"landscape":["https:\/\/arantv.az\/wp-content\/uploads\/2023\/07\/8b7e287f-378c-32ac-9c6e-951b9e7ec03e_850.jpg",620,413,false],"portraits":["https:\/\/arantv.az\/wp-content\/uploads\/2023\/07\/8b7e287f-378c-32ac-9c6e-951b9e7ec03e_850.jpg",620,413,false],"thumbnail":["https:\/\/arantv.az\/wp-content\/uploads\/2023\/07\/8b7e287f-378c-32ac-9c6e-951b9e7ec03e_850-500x280.jpg",500,280,true],"medium":["https:\/\/arantv.az\/wp-content\/uploads\/2023\/07\/8b7e287f-378c-32ac-9c6e-951b9e7ec03e_850-548x365.jpg",548,365,true],"large":["https:\/\/arantv.az\/wp-content\/uploads\/2023\/07\/8b7e287f-378c-32ac-9c6e-951b9e7ec03e_850.jpg",620,413,false],"1536x1536":["https:\/\/arantv.az\/wp-content\/uploads\/2023\/07\/8b7e287f-378c-32ac-9c6e-951b9e7ec03e_850.jpg",620,413,false],"2048x2048":["https:\/\/arantv.az\/wp-content\/uploads\/2023\/07\/8b7e287f-378c-32ac-9c6e-951b9e7ec03e_850.jpg",620,413,false],"post-thumbnail":["https:\/\/arantv.az\/wp-content\/uploads\/2023\/07\/8b7e287f-378c-32ac-9c6e-951b9e7ec03e_850-240x172.jpg",240,172,true],"advps-thumb-one":["https:\/\/arantv.az\/wp-content\/uploads\/2023\/07\/8b7e287f-378c-32ac-9c6e-951b9e7ec03e_850.jpg",620,413,false]},"rttpg_author":{"display_name":"V\u00fcsal Rafiqo\u011flu","author_link":"https:\/\/arantv.az\/?author=2"},"rttpg_comment":0,"rttpg_category":"<a href=\"https:\/\/arantv.az\/?cat=1\" rel=\"category\">C\u0259miyy\u0259t<\/a>","rttpg_excerpt":"Xa\u00e7maz rayonunun N\u0259r\u0259can k\u0259ndi \u0259razisind\u0259 f\u0259aliyy\u0259t g\u00f6st\u0259r\u0259n \u201cAysberq\u201d kafesinin \u0259traf\u0131nda, Yevlax rayonunun Aran q\u0259s\u0259b\u0259sind\u0259ki avtoyuma m\u0259nt\u0259q\u0259sinin yax\u0131nl\u0131\u011f\u0131nda v\u0259 Samux rayonunun Kolay\u0131r k\u0259ndi \u0259razisind\u0259ki d\u0259r\u0259d\u0259 m\u0259i\u015f\u0259t tullant\u0131lar\u0131n\u0131n qalaqlanaraq yand\u0131r\u0131lmas\u0131 faktlar\u0131 m\u00fc\u0259yy\u0259n edilib. Bu bar\u0259d\u0259 D\u00f6vl\u0259t Ekoloji T\u0259hl\u00fck\u0259sizlik Xidm\u0259tinin r\u0259smisi B\u0259hruz M\u0259h\u0259mm\u0259dov m\u0259lumat yay\u0131b. Bildirilib ki, ara\u015fd\u0131rma zaman\u0131 tullant\u0131lar\u0131n Xa\u00e7maz v\u0259 Yevlax rayonlar\u0131 \u0259razil\u0259rind\u0259 ia\u015f\u0259 obyektl\u0259rinin \u0259m\u0259kda\u015flar\u0131&hellip;","_links":{"self":[{"href":"https:\/\/arantv.az\/index.php?rest_route=\/wp\/v2\/posts\/611176"}],"collection":[{"href":"https:\/\/arantv.az\/index.php?rest_route=\/wp\/v2\/posts"}],"about":[{"href":"https:\/\/arantv.az\/index.php?rest_route=\/wp\/v2\/types\/post"}],"author":[{"embeddable":true,"href":"https:\/\/arantv.az\/index.php?rest_route=\/wp\/v2\/users\/2"}],"replies":[{"embeddable":true,"href":"https:\/\/arantv.az\/index.php?rest_route=%2Fwp%2Fv2%2Fcomments&post=611176"}],"version-history":[{"count":0,"href":"https:\/\/arantv.az\/index.php?rest_route=\/wp\/v2\/posts\/611176\/revisions"}],"wp:featuredmedia":[{"embeddable":true,"href":"https:\/\/arantv.az\/index.php?rest_route=\/wp\/v2\/media\/611177"}],"wp:attachment":[{"href":"https:\/\/arantv.az\/index.php?rest_route=%2Fwp%2Fv2%2Fmedia&parent=611176"}],"wp:term":[{"taxonomy":"category","embeddable":true,"href":"https:\/\/arantv.az\/index.php?rest_route=%2Fwp%2Fv2%2Fcategories&post=611176"},{"taxonomy":"post_tag","embeddable":true,"href":"https:\/\/arantv.az\/index.php?rest_route=%2Fwp%2Fv2%2Ftags&post=611176"}],"curies":[{"name":"wp","href":"https:\/\/api.w.org\/{rel}","templated":true}]}}