{"id":611185,"date":"2023-07-24T10:50:54","date_gmt":"2023-07-24T06:50:54","guid":{"rendered":"https:\/\/arantv.az\/?p=611185"},"modified":"2023-07-24T10:50:54","modified_gmt":"2023-07-24T06:50:54","slug":"ilham-%c9%99liyev-savkat-mirziyoyevi-ad-gunu-munasib%c9%99til%c9%99-t%c9%99brik-edib","status":"publish","type":"post","link":"https:\/\/arantv.az\/?p=611185","title":{"rendered":"\u0130lham \u018fliyev \u015eavkat Mirziyoyevi ad g\u00fcn\u00fc m\u00fcnasib\u0259til\u0259 t\u0259brik edib"},"content":{"rendered":"<p>\u0130yulun 24-d\u0259 Az\u0259rbaycan Respublikas\u0131n\u0131n Prezidenti\u00a0<strong>\u0130lham \u018fliyev<\/strong>\u00a0\u00d6zb\u0259kistan Respublikas\u0131n\u0131n Prezidenti \u015eavkat Mirziyoyev\u0259 z\u0259ng edib.<\/p>\n<p>Bu bar\u0259d\u0259\u00a0Prezidentin M\u0259tbuat Xidm\u0259ti\u00a0m\u0259lumat yay\u0131b.<\/p>\n<p>D\u00f6vl\u0259timizin ba\u015f\u00e7\u0131s\u0131 \u015eavkat Mirziyoyevi ad g\u00fcn\u00fc m\u00fcnasib\u0259til\u0259 t\u0259brik edib, ona \u00d6zb\u0259kistan\u0131n inki\u015faf\u0131 namin\u0259 f\u0259aliyy\u0259tind\u0259 yeni u\u011furlar, m\u00f6hk\u0259m cansa\u011fl\u0131\u011f\u0131 arzulay\u0131b.<\/p>\n<p>\u00d6zb\u0259kistan Prezidenti g\u00f6st\u0259ril\u0259n diqq\u0259t\u0259 v\u0259 t\u0259brik\u0259 g\u00f6r\u0259 Prezident \u0130lham \u018fliyev\u0259 minn\u0259tdarl\u0131\u011f\u0131n\u0131 bildirib.<\/p>\n<p>S\u00f6hb\u0259t zaman\u0131 Az\u0259rbaycan-\u00d6zb\u0259kistan dostluq v\u0259 qarda\u015fl\u0131q m\u00fcnasib\u0259tl\u0259rinin s\u00fcr\u0259tli inki\u015faf\u0131ndan m\u0259mnunluq ifad\u0259 edilib, y\u00fcks\u0259k s\u0259viyy\u0259li qar\u015f\u0131l\u0131ql\u0131 s\u0259f\u0259rl\u0259rin \u0259h\u0259miyy\u0259ti qeyd olunub.<\/p>\n<p>D\u00f6vl\u0259t ba\u015f\u00e7\u0131lar\u0131 \u0259laq\u0259l\u0259rimizin bundan sonra da h\u0259rt\u0259r\u0259fli inki\u015faf\u0131 il\u0259 ba\u011fl\u0131 fikir m\u00fcbadil\u0259si apar\u0131b, yax\u0131n g\u0259l\u0259c\u0259kd\u0259 \u015eavkat Mirzizoyevin Az\u0259rbaycana d\u00f6vl\u0259t s\u0259f\u0259rinin g\u00f6zl\u0259nildiyi vur\u011fulanaraq, bu s\u0259f\u0259rin \u0259laq\u0259l\u0259rimizin inki\u015faf\u0131nda n\u00f6vb\u0259ti m\u0259rh\u0259l\u0259 olaca\u011f\u0131na \u0259minlik ifad\u0259 edilib.<\/p>\n","protected":false},"excerpt":{"rendered":"<p>\u0130yulun 24-d\u0259 Az\u0259rbaycan Respublikas\u0131n\u0131n Prezidenti\u00a0\u0130lham \u018fliyev\u00a0\u00d6zb\u0259kistan Respublikas\u0131n\u0131n Prezidenti \u015eavkat Mirziyoyev\u0259 z\u0259ng edib. Bu bar\u0259d\u0259\u00a0Prezidentin M\u0259tbuat Xidm\u0259ti\u00a0m\u0259lumat yay\u0131b. D\u00f6vl\u0259timizin ba\u015f\u00e7\u0131s\u0131 \u015eavkat Mirziyoyevi ad g\u00fcn\u00fc m\u00fcnasib\u0259til\u0259 t\u0259brik edib, ona \u00d6zb\u0259kistan\u0131n inki\u015faf\u0131 namin\u0259 f\u0259aliyy\u0259tind\u0259 yeni u\u011furlar, m\u00f6hk\u0259m cansa\u011fl\u0131\u011f\u0131 arzulay\u0131b. \u00d6zb\u0259kistan Prezidenti g\u00f6st\u0259ril\u0259n diqq\u0259t\u0259 v\u0259 t\u0259brik\u0259 g\u00f6r\u0259 Prezident \u0130lham \u018fliyev\u0259 minn\u0259tdarl\u0131\u011f\u0131n\u0131 bildirib. S\u00f6hb\u0259t zaman\u0131 Az\u0259rbaycan-\u00d6zb\u0259kistan dostluq v\u0259 qarda\u015fl\u0131q m\u00fcnasib\u0259tl\u0259rinin s\u00fcr\u0259tli inki\u015faf\u0131ndan m\u0259mnunluq ifad\u0259 edilib, y\u00fcks\u0259k s\u0259viyy\u0259li qar\u015f\u0131l\u0131ql\u0131 s\u0259f\u0259rl\u0259rin \u0259h\u0259miyy\u0259ti qeyd olunub. D\u00f6vl\u0259t ba\u015f\u00e7\u0131lar\u0131 \u0259laq\u0259l\u0259rimizin bundan sonra da h\u0259rt\u0259r\u0259fli inki\u015faf\u0131 il\u0259 ba\u011fl\u0131 fikir m\u00fcbadil\u0259si apar\u0131b, yax\u0131n g\u0259l\u0259c\u0259kd\u0259 \u015eavkat Mirzizoyevin Az\u0259rbaycana d\u00f6vl\u0259t s\u0259f\u0259rinin g\u00f6zl\u0259nildiyi vur\u011fulanaraq, bu&hellip;<\/p>\n","protected":false},"author":2,"featured_media":611186,"comment_status":"closed","ping_status":"closed","sticky":false,"template":"","format":"standard","meta":{"om_disable_all_campaigns":false,"_monsterinsights_skip_tracking":false,"_monsterinsights_sitenote_active":false,"_monsterinsights_sitenote_note":"","_monsterinsights_sitenote_category":0},"categories":[4],"tags":[],"aioseo_notices":[],"gutentor_comment":0,"rttpg_featured_image_url":{"full":["https:\/\/arantv.az\/wp-content\/uploads\/2023\/07\/16901796454552424792_1200x630.jpg",620,413,false],"landscape":["https:\/\/arantv.az\/wp-content\/uploads\/2023\/07\/16901796454552424792_1200x630.jpg",620,413,false],"portraits":["https:\/\/arantv.az\/wp-content\/uploads\/2023\/07\/16901796454552424792_1200x630.jpg",620,413,false],"thumbnail":["https:\/\/arantv.az\/wp-content\/uploads\/2023\/07\/16901796454552424792_1200x630-500x280.jpg",500,280,true],"medium":["https:\/\/arantv.az\/wp-content\/uploads\/2023\/07\/16901796454552424792_1200x630-548x365.jpg",548,365,true],"large":["https:\/\/arantv.az\/wp-content\/uploads\/2023\/07\/16901796454552424792_1200x630.jpg",620,413,false],"1536x1536":["https:\/\/arantv.az\/wp-content\/uploads\/2023\/07\/16901796454552424792_1200x630.jpg",620,413,false],"2048x2048":["https:\/\/arantv.az\/wp-content\/uploads\/2023\/07\/16901796454552424792_1200x630.jpg",620,413,false],"post-thumbnail":["https:\/\/arantv.az\/wp-content\/uploads\/2023\/07\/16901796454552424792_1200x630-240x172.jpg",240,172,true],"advps-thumb-one":["https:\/\/arantv.az\/wp-content\/uploads\/2023\/07\/16901796454552424792_1200x630.jpg",620,413,false]},"rttpg_author":{"display_name":"V\u00fcsal Rafiqo\u011flu","author_link":"https:\/\/arantv.az\/?author=2"},"rttpg_comment":0,"rttpg_category":"<a href=\"https:\/\/arantv.az\/?cat=4\" rel=\"category\">Siyas\u0259t<\/a>","rttpg_excerpt":"\u0130yulun 24-d\u0259 Az\u0259rbaycan Respublikas\u0131n\u0131n Prezidenti\u00a0\u0130lham \u018fliyev\u00a0\u00d6zb\u0259kistan Respublikas\u0131n\u0131n Prezidenti \u015eavkat Mirziyoyev\u0259 z\u0259ng edib. Bu bar\u0259d\u0259\u00a0Prezidentin M\u0259tbuat Xidm\u0259ti\u00a0m\u0259lumat yay\u0131b. D\u00f6vl\u0259timizin ba\u015f\u00e7\u0131s\u0131 \u015eavkat Mirziyoyevi ad g\u00fcn\u00fc m\u00fcnasib\u0259til\u0259 t\u0259brik edib, ona \u00d6zb\u0259kistan\u0131n inki\u015faf\u0131 namin\u0259 f\u0259aliyy\u0259tind\u0259 yeni u\u011furlar, m\u00f6hk\u0259m cansa\u011fl\u0131\u011f\u0131 arzulay\u0131b. \u00d6zb\u0259kistan Prezidenti g\u00f6st\u0259ril\u0259n diqq\u0259t\u0259 v\u0259 t\u0259brik\u0259 g\u00f6r\u0259 Prezident \u0130lham \u018fliyev\u0259 minn\u0259tdarl\u0131\u011f\u0131n\u0131 bildirib. S\u00f6hb\u0259t zaman\u0131 Az\u0259rbaycan-\u00d6zb\u0259kistan dostluq v\u0259 qarda\u015fl\u0131q m\u00fcnasib\u0259tl\u0259rinin&hellip;","_links":{"self":[{"href":"https:\/\/arantv.az\/index.php?rest_route=\/wp\/v2\/posts\/611185"}],"collection":[{"href":"https:\/\/arantv.az\/index.php?rest_route=\/wp\/v2\/posts"}],"about":[{"href":"https:\/\/arantv.az\/index.php?rest_route=\/wp\/v2\/types\/post"}],"author":[{"embeddable":true,"href":"https:\/\/arantv.az\/index.php?rest_route=\/wp\/v2\/users\/2"}],"replies":[{"embeddable":true,"href":"https:\/\/arantv.az\/index.php?rest_route=%2Fwp%2Fv2%2Fcomments&post=611185"}],"version-history":[{"count":0,"href":"https:\/\/arantv.az\/index.php?rest_route=\/wp\/v2\/posts\/611185\/revisions"}],"wp:featuredmedia":[{"embeddable":true,"href":"https:\/\/arantv.az\/index.php?rest_route=\/wp\/v2\/media\/611186"}],"wp:attachment":[{"href":"https:\/\/arantv.az\/index.php?rest_route=%2Fwp%2Fv2%2Fmedia&parent=611185"}],"wp:term":[{"taxonomy":"category","embeddable":true,"href":"https:\/\/arantv.az\/index.php?rest_route=%2Fwp%2Fv2%2Fcategories&post=611185"},{"taxonomy":"post_tag","embeddable":true,"href":"https:\/\/arantv.az\/index.php?rest_route=%2Fwp%2Fv2%2Ftags&post=611185"}],"curies":[{"name":"wp","href":"https:\/\/api.w.org\/{rel}","templated":true}]}}