{"id":611194,"date":"2023-07-24T10:58:20","date_gmt":"2023-07-24T06:58:20","guid":{"rendered":"https:\/\/arantv.az\/?p=611194"},"modified":"2023-07-24T10:58:20","modified_gmt":"2023-07-24T06:58:20","slug":"az%c9%99rbaycan-h%c9%99qiq%c9%99tl%c9%99rinin-dunya-ictimaiyy%c9%99tin%c9%99-catdirilmasinda-xususi-%c9%99h%c9%99miyy%c9%99t-k%c9%99sb-ed%c9%99n-forum","status":"publish","type":"post","link":"https:\/\/arantv.az\/?p=611194","title":{"rendered":"Az\u0259rbaycan h\u0259qiq\u0259tl\u0259rinin d\u00fcnya ictimaiyy\u0259tin\u0259 \u00e7atd\u0131r\u0131lmas\u0131nda x\u00fcsusi \u0259h\u0259miyy\u0259t k\u0259sb ed\u0259n Forum"},"content":{"rendered":"<p>Qaraba\u011f\u0131n incisi olan \u015eu\u015fa erm\u0259ni i\u015f\u011fal\u0131ndan azad edildikd\u0259n sonra bir s\u0131ra m\u00f6t\u0259b\u0259r beyn\u0259lxalq t\u0259dbirl\u0259r\u0259 ev sahibliyi edib. Prezident \u0130lham \u018fliyevin tap\u015f\u0131r\u0131\u011f\u0131na \u0259sas\u0259n \u201cHeyd\u0259r \u018fliyev \u0130li\u201d \u00e7\u0259r\u00e7iv\u0259sind\u0259 v\u0259 Az\u0259rbaycan Milli M\u0259tbuat\u0131n\u0131n 148-ci ild\u00f6n\u00fcm\u00fc il\u0259 ba\u011fl\u0131 iyul ay\u0131n\u0131n 21-23-d\u0259 \u00a0bu \u015f\u0259h\u0259rd\u0259 \u201c4-c\u00fc S\u0259naye \u0130nqilab\u0131 d\u00f6vr\u00fcnd\u0259 Yeni Media\u201d m\u00f6vzusunda \u015eu\u015fa Qlobal Media Forumu ke\u00e7irilib. \u00c7ox b\u00f6y\u00fck rezonans do\u011furan bu m\u00f6t\u0259b\u0259r Forumda 49 \u00f6lk\u0259d\u0259n 150 xarici qonaq, o c\u00fcml\u0259d\u0259n d\u00fcnyan\u0131n 34 \u00f6lk\u0259sinin d\u00f6vl\u0259t informasiya agentliyi, 12 beyn\u0259lxalq t\u0259\u015fkilat v\u0259 media qurumu qat\u0131l\u0131b. H\u0259m\u00e7inin Forumda 60 yerli media r\u0259hb\u0259ri v\u0259 n\u00fcmay\u0259nd\u0259si i\u015ftirak edib. B\u00fct\u00fcn bunlar beyn\u0259lxalq t\u0259dbirin \u00f6n\u0259mind\u0259n x\u0259b\u0259r verir.<\/p>\n<p>Az\u0259rbaycan Prezidenti \u0130lham \u018fliyev Forumda geni\u015fm\u0259zmunlu \u00e7\u0131x\u0131\u015f ed\u0259r\u0259k bir \u00e7ox m\u0259s\u0259l\u0259l\u0259r, o c\u00fcml\u0259d\u0259n regionda ba\u015f ver\u0259n prosesl\u0259r, Az\u0259rbaycanla Erm\u0259nistan aras\u0131nda m\u00fcnasib\u0259tl\u0259rin normalla\u015fd\u0131r\u0131lmas\u0131 il\u0259 ba\u011fl\u0131 fikirl\u0259rini ifad\u0259 edib. D\u00f6vl\u0259t ba\u015f\u00e7\u0131s\u0131n\u0131n dediyi kimi, C\u0259nubi Qafqaz\u0131n inki\u015faf\u0131 \u0259sas\u0259n Az\u0259rbaycanla Erm\u0259nistan aras\u0131nda m\u00fcnasib\u0259tl\u0259rin yax\u015f\u0131la\u015fmas\u0131ndan as\u0131l\u0131d\u0131r. \u00d6lk\u0259 ba\u015f\u00e7\u0131s\u0131 vur\u011fulay\u0131b: \u201cHaz\u0131rda bir s\u0131ra beyn\u0259lxalq t\u0259\u015fkilatlar biz\u0259 qar\u015f\u0131l\u0131ql\u0131 q\u0259bul olunacaq h\u0259lli tapmaqda yard\u0131m etm\u0259y\u0259 \u00e7al\u0131\u015f\u0131rlar. Xo\u015fb\u0259xtikd\u0259n bu g\u00fcn\u0259d\u0259k g\u00f6rd\u00fckl\u0259rimiz odur ki, b\u00fct\u00fcn beyn\u0259lxalq t\u0259\u015fkilatlar ba\u015fa d\u00fc\u015f\u00fcr ki, bu h\u0259ll\u0259r beyn\u0259lxalq h\u00fcquqa \u0259saslanmal\u0131d\u0131r. \u0130kinci Qaraba\u011f m\u00fcharib\u0259sind\u0259n indiy\u0259d\u0259k t\u0259xmin\u0259n \u00fc\u00e7 il ke\u00e7ib. Biz getdikc\u0259 daha \u00e7ox birba\u015fa b\u0259yanatlar e\u015fidirik ki, Qaraba\u011f Az\u0259rbaycan\u0131n hiss\u0259sidir. \u0130\u015f\u011fal d\u00f6vr\u00fcnd\u0259 bel\u0259 b\u0259yanatlar olsayd\u0131, \u00e7ox g\u00fcman ki, \u0130kinci Qaraba\u011f m\u00fcharib\u0259si ba\u015flamazd\u0131\u201d.<\/p>\n<p>Haz\u0131rda Az\u0259rbaycanla Erm\u0259nistan aras\u0131nda m\u00fcnasib\u0259tl\u0259rin normalla\u015fd\u0131r\u0131lmas\u0131 m\u0259qs\u0259dil\u0259 proses davam edir. Avropa \u0130ttifaq\u0131, AB\u015e v\u0259 Rusiya bu prosesd\u0259 vasit\u0259\u00e7ilik edir. Az\u0259rbaycan s\u00fclh namin\u0259 b\u00fct\u00fcn beyn\u0259lxlaq t\u0259\u015f\u0259bb\u00fcsl\u0259ri d\u0259st\u0259kl\u0259yir. \u018fg\u0259r bu t\u0259\u015f\u0259bb\u00fcsl\u0259r s\u00fclh\u0259 xidm\u0259t edirs\u0259, n\u0259tic\u0259 olmal\u0131d\u0131r. M\u0259lumdur ki, Erm\u0259nistan Qaraba\u011f\u0131 Az\u0259rbaycan\u0131n \u0259razisi kimi tan\u0131d\u0131\u011f\u0131n\u0131 b\u0259yan edib. 44 g\u00fcnl\u00fck V\u0259t\u0259n m\u00fcharib\u0259sinin ba\u015fa \u00e7atmas\u0131ndan sonra s\u00fclh prosesind\u0259 m\u00fc\u0259yy\u0259n ir\u0259lil\u0259yi\u015fl\u0259r var. \u018fg\u0259r Erm\u0259nistan vaxta\u015f\u0131r\u0131 t\u0259xribatlar t\u00f6r\u0259tm\u0259s\u0259, s\u00fclh\u0259 sadiq qalsalar n\u0259tic\u0259 \u0259ld\u0259 olun abil\u0259r. Son iki il yar\u0131m \u0259rzind\u0259 bir ne\u00e7\u0259 m\u0259qam olub. Bu \u00a0Erm\u0259nistana birba\u015fa n\u00fcmayi\u015f etdirdi ki, onlar bizim \u0259razi b\u00fct\u00f6vl\u00fcy\u00fcm\u00fcz\u00fc tan\u0131masalar, biz onlar\u0131n \u0259razi b\u00fct\u00f6vl\u00fcy\u00fcn\u00fc tan\u0131mayaca\u011f\u0131q. R\u0259smi \u0130r\u0259van art\u0131q q\u0259bul edib ki, Qaraba\u011f Az\u0259rbaycand\u0131r, bunu a\u00e7\u0131q \u015f\u0259kild\u0259 b\u0259yan edibl\u0259r v\u0259 art\u0131q s\u0259n\u0259d\u0259 imza atmaq m\u0259rh\u0259l\u0259sidir. Bu, s\u0131rf m\u00fch\u00fcm sonuncu m\u0259qamd\u0131r\u201d.<\/p>\n<p>D\u00f6vl\u0259t ba\u015f\u00e7\u0131s\u0131n\u0131n dediyi kimi, \u0259g\u0259r Erm\u0259nistan Az\u0259rbaycana qar\u015f\u0131 h\u0259r hans\u0131 \u0259razi iddialar\u0131ndan imtina ets\u0259, s\u00fclh sazi\u015finin ilin sonuna q\u0259d\u0259r imzalanmas\u0131 kifay\u0259t q\u0259d\u0259r m\u00fcmk\u00fcnd\u00fcr. C\u0259nab Prezident qeyd edib ki, lakin bu olmasa, o halda s\u00fclh olmayacaq. Bu is\u0259 b\u00f6lg\u0259 \u00fc\u00e7\u00fcn yax\u015f\u0131 ssenari deyil, sabitlik, t\u0259hl\u00fck\u0259sizlik b\u0259x\u015f etm\u0259y\u0259c\u0259k. Eyni zamanda, \u00e7ox h\u0259ssas geosiyasi v\u0259ziyy\u0259ti n\u0259z\u0259r\u0259 alaraq g\u0259l\u0259c\u0259kd\u0259 d\u0259 \u00e7\u0259tinlikl\u0259r yaradacaq.<\/p>\n<p>Forum \u00e7\u0259r\u00e7iv\u0259sind\u0259 media v\u0259 informasiya-kommunikasiya sah\u0259sind\u0259 qlobal s\u0259viyy\u0259d\u0259 m\u00fch\u00fcm aktuall\u0131q k\u0259sb ed\u0259n m\u0259s\u0259l\u0259l\u0259r m\u00fczakir\u0259 olunur. D\u00fcnyan\u0131n tan\u0131nm\u0131\u015f v\u0259 n\u00fcfuzlu media r\u0259hb\u0259rl\u0259ri, ekspertl\u0259ri r\u0259q\u0259msal d\u00f6vrd\u0259 jurnalistika v\u0259 kommunikasiyada yeni al\u0259tl\u0259r, r\u0259q\u0259msal transformasiya, m\u00fcasir informasiya m\u00fchitind\u0259 media menecmenti v\u0259 dayan\u0131ql\u0131 media biznes modell\u0259rinin yarad\u0131lmas\u0131, yeni mediada istehlak tendensiyalar\u0131 v\u0259 media savadl\u0131l\u0131\u011f\u0131, dezinformasiya v\u0259 feyk nyusla m\u00fcbariz\u0259 \u00fcsullar\u0131, jurnalistl\u0259rin t\u0259hl\u00fck\u0259sizliyi v\u0259 dig\u0259r m\u0259s\u0259l\u0259l\u0259ri m\u00fczakir\u0259 edirl\u0259r. Bu g\u00fcn\u0259d\u0259k \u00e7oxsayl\u0131 beyn\u0259lxalq t\u0259dbirl\u0259rin ke\u00e7irildiyi \u015eu\u015fa \u015f\u0259h\u0259ri indi d\u0259 m\u00fcst\u0259qil Az\u0259rbaycan\u0131n tarixind\u0259 ilk d\u0259f\u0259dir d\u00fcnyan\u0131n apar\u0131c\u0131 media, jurnalist t\u0259\u015fkilatlar\u0131 r\u0259hb\u0259rl\u0259rini, media, informasiya-kommunikasiya sah\u0259sind\u0259 n\u00fcfuzlu ekspertl\u0259ri, tan\u0131nm\u0131\u015f jurnalistl\u0259ri bir araya toplay\u0131b.<\/p>\n<p>B\u00fct\u00f6vl\u00fckd\u0259, \u015eu\u015fada ke\u00e7iril\u0259n Qlobal Media Forumu Az\u0259rbaycan h\u0259qiq\u0259tl\u0259rinin v\u0259 b\u00f6lg\u0259d\u0259 ba\u015f ver\u0259n prosesl\u0259rin d\u00fcnya ictimaiyy\u0259tin\u0259 \u00e7atd\u0131r\u0131lmas\u0131 bax\u0131m\u0131ndan m\u00fch\u00fcm hadis\u0259dir.<\/p>\n<p><img src=\"https:\/\/ikisahil.az\/upload\/\/2022\/11\/04\/\/-df0e09d6166753660685957461710761132.jpeg\" alt=\"\" \/><\/p>\n<p><strong>\u0130srafil K\u0259rimov,<\/strong><br \/>\n<em>Az\u0259rbaycan Jurnalistl\u0259r Birliyinin \u00fczv\u00fc<\/em><\/p>\n","protected":false},"excerpt":{"rendered":"<p>Qaraba\u011f\u0131n incisi olan \u015eu\u015fa erm\u0259ni i\u015f\u011fal\u0131ndan azad edildikd\u0259n sonra bir s\u0131ra m\u00f6t\u0259b\u0259r beyn\u0259lxalq t\u0259dbirl\u0259r\u0259 ev sahibliyi edib. Prezident \u0130lham \u018fliyevin tap\u015f\u0131r\u0131\u011f\u0131na \u0259sas\u0259n \u201cHeyd\u0259r \u018fliyev \u0130li\u201d \u00e7\u0259r\u00e7iv\u0259sind\u0259 v\u0259 Az\u0259rbaycan Milli M\u0259tbuat\u0131n\u0131n 148-ci ild\u00f6n\u00fcm\u00fc il\u0259 ba\u011fl\u0131 iyul ay\u0131n\u0131n 21-23-d\u0259 \u00a0bu \u015f\u0259h\u0259rd\u0259 \u201c4-c\u00fc S\u0259naye \u0130nqilab\u0131 d\u00f6vr\u00fcnd\u0259 Yeni Media\u201d m\u00f6vzusunda \u015eu\u015fa Qlobal Media Forumu ke\u00e7irilib. \u00c7ox b\u00f6y\u00fck rezonans do\u011furan bu m\u00f6t\u0259b\u0259r Forumda 49 \u00f6lk\u0259d\u0259n 150 xarici qonaq, o c\u00fcml\u0259d\u0259n d\u00fcnyan\u0131n 34 \u00f6lk\u0259sinin d\u00f6vl\u0259t informasiya agentliyi, 12 beyn\u0259lxalq t\u0259\u015fkilat v\u0259 media qurumu qat\u0131l\u0131b. H\u0259m\u00e7inin Forumda 60 yerli media r\u0259hb\u0259ri v\u0259 n\u00fcmay\u0259nd\u0259si i\u015ftirak edib. B\u00fct\u00fcn bunlar&hellip;<\/p>\n","protected":false},"author":2,"featured_media":611195,"comment_status":"closed","ping_status":"closed","sticky":false,"template":"","format":"standard","meta":{"om_disable_all_campaigns":false,"_monsterinsights_skip_tracking":false,"_monsterinsights_sitenote_active":false,"_monsterinsights_sitenote_note":"","_monsterinsights_sitenote_category":0},"categories":[19],"tags":[],"aioseo_notices":[],"gutentor_comment":0,"rttpg_featured_image_url":{"full":["https:\/\/arantv.az\/wp-content\/uploads\/2023\/07\/cb16b849169018140112173873310745468.jpg",975,540,false],"landscape":["https:\/\/arantv.az\/wp-content\/uploads\/2023\/07\/cb16b849169018140112173873310745468.jpg",975,540,false],"portraits":["https:\/\/arantv.az\/wp-content\/uploads\/2023\/07\/cb16b849169018140112173873310745468.jpg",975,540,false],"thumbnail":["https:\/\/arantv.az\/wp-content\/uploads\/2023\/07\/cb16b849169018140112173873310745468-500x280.jpg",500,280,true],"medium":["https:\/\/arantv.az\/wp-content\/uploads\/2023\/07\/cb16b849169018140112173873310745468-660x365.jpg",660,365,true],"large":["https:\/\/arantv.az\/wp-content\/uploads\/2023\/07\/cb16b849169018140112173873310745468-840x465.jpg",640,354,true],"1536x1536":["https:\/\/arantv.az\/wp-content\/uploads\/2023\/07\/cb16b849169018140112173873310745468.jpg",975,540,false],"2048x2048":["https:\/\/arantv.az\/wp-content\/uploads\/2023\/07\/cb16b849169018140112173873310745468.jpg",975,540,false],"post-thumbnail":["https:\/\/arantv.az\/wp-content\/uploads\/2023\/07\/cb16b849169018140112173873310745468-240x172.jpg",240,172,true],"advps-thumb-one":["https:\/\/arantv.az\/wp-content\/uploads\/2023\/07\/cb16b849169018140112173873310745468.jpg",975,540,false]},"rttpg_author":{"display_name":"V\u00fcsal Rafiqo\u011flu","author_link":"https:\/\/arantv.az\/?author=2"},"rttpg_comment":0,"rttpg_category":"<a href=\"https:\/\/arantv.az\/?cat=19\" rel=\"category\">G\u00fcnd\u0259m<\/a>","rttpg_excerpt":"Qaraba\u011f\u0131n incisi olan \u015eu\u015fa erm\u0259ni i\u015f\u011fal\u0131ndan azad edildikd\u0259n sonra bir s\u0131ra m\u00f6t\u0259b\u0259r beyn\u0259lxalq t\u0259dbirl\u0259r\u0259 ev sahibliyi edib. Prezident \u0130lham \u018fliyevin tap\u015f\u0131r\u0131\u011f\u0131na \u0259sas\u0259n \u201cHeyd\u0259r \u018fliyev \u0130li\u201d \u00e7\u0259r\u00e7iv\u0259sind\u0259 v\u0259 Az\u0259rbaycan Milli M\u0259tbuat\u0131n\u0131n 148-ci ild\u00f6n\u00fcm\u00fc il\u0259 ba\u011fl\u0131 iyul ay\u0131n\u0131n 21-23-d\u0259 \u00a0bu \u015f\u0259h\u0259rd\u0259 \u201c4-c\u00fc S\u0259naye \u0130nqilab\u0131 d\u00f6vr\u00fcnd\u0259 Yeni Media\u201d m\u00f6vzusunda \u015eu\u015fa Qlobal Media Forumu ke\u00e7irilib. \u00c7ox b\u00f6y\u00fck rezonans do\u011furan&hellip;","_links":{"self":[{"href":"https:\/\/arantv.az\/index.php?rest_route=\/wp\/v2\/posts\/611194"}],"collection":[{"href":"https:\/\/arantv.az\/index.php?rest_route=\/wp\/v2\/posts"}],"about":[{"href":"https:\/\/arantv.az\/index.php?rest_route=\/wp\/v2\/types\/post"}],"author":[{"embeddable":true,"href":"https:\/\/arantv.az\/index.php?rest_route=\/wp\/v2\/users\/2"}],"replies":[{"embeddable":true,"href":"https:\/\/arantv.az\/index.php?rest_route=%2Fwp%2Fv2%2Fcomments&post=611194"}],"version-history":[{"count":0,"href":"https:\/\/arantv.az\/index.php?rest_route=\/wp\/v2\/posts\/611194\/revisions"}],"wp:featuredmedia":[{"embeddable":true,"href":"https:\/\/arantv.az\/index.php?rest_route=\/wp\/v2\/media\/611195"}],"wp:attachment":[{"href":"https:\/\/arantv.az\/index.php?rest_route=%2Fwp%2Fv2%2Fmedia&parent=611194"}],"wp:term":[{"taxonomy":"category","embeddable":true,"href":"https:\/\/arantv.az\/index.php?rest_route=%2Fwp%2Fv2%2Fcategories&post=611194"},{"taxonomy":"post_tag","embeddable":true,"href":"https:\/\/arantv.az\/index.php?rest_route=%2Fwp%2Fv2%2Ftags&post=611194"}],"curies":[{"name":"wp","href":"https:\/\/api.w.org\/{rel}","templated":true}]}}