{"id":611201,"date":"2023-07-24T11:00:26","date_gmt":"2023-07-24T07:00:26","guid":{"rendered":"https:\/\/arantv.az\/?p=611201"},"modified":"2023-07-24T11:00:26","modified_gmt":"2023-07-24T07:00:26","slug":"susadan-mesaj-xalqimiz-xatirc%c9%99m-dusm%c9%99n-x%c9%99b%c9%99rdar-olsun-ordumuz-3-il-%c9%99vv%c9%99lkind%c9%99n","status":"publish","type":"post","link":"https:\/\/arantv.az\/?p=611201","title":{"rendered":"\u015eu\u015fadan mesaj: Xalq\u0131m\u0131z xatirc\u0259m, d\u00fc\u015fm\u0259n x\u0259b\u0259rdar olsun \u2013 \u201cOrdumuz 3 il \u0259vv\u0259lkind\u0259n&#8230;\u201d"},"content":{"rendered":"<p><strong>M\u0259lum oldu\u011fu kimi, bu ilin 21 iyul tarixind\u0259 \u201c4-c\u00fc S\u0259naye \u0130nqilab\u0131 d\u00f6vr\u00fcnd\u0259 Yeni Media\u201d m\u00f6vzusunda \u015eu\u015fa Qlobal Media Forumu ke\u00e7irilib. M\u00f6ht\u0259\u015f\u0259m t\u0259dbirin a\u00e7\u0131l\u0131\u015f m\u0259rasimind\u0259 Az\u0259rbaycan Respublikas\u0131n\u0131n Prezidenti \u0130lham \u018fliyevin \u00e7\u0131x\u0131\u015f\u0131 h\u0259m parlaq v\u0259 \u00e7oxmesajl\u0131 olub, h\u0259m d\u0259 t\u0259dbirin s\u0259viyy\u0259sinin y\u00fcks\u0259kliyin\u0259 d\u0259lal\u0259t edib.<\/strong><\/p>\n<p>\u018fslind\u0259 bu t\u0259dbir Bak\u0131da da ke\u00e7iril\u0259 bil\u0259rdi. Ba\u015fqa \u00f6lk\u0259l\u0259rd\u0259 bu c\u00fcr forumlar bir qayda olaraq ya \u00f6lk\u0259nin paytaxt\u0131nda, ya da ba\u015f meqapolisind\u0259 ke\u00e7irilir. \u00c7\u00fcnki xarici \u00f6lk\u0259l\u0259rd\u0259n d\u0259v\u0259t olunmu\u015f bir ne\u00e7\u0259 y\u00fcz qona\u011f\u0131 iri \u015f\u0259h\u0259rl\u0259rd\u0259ki otell\u0259rd\u0259 yerl\u0259\u015fdirm\u0259k, dig\u0259r t\u0259\u015fkilati i\u015fl\u0259ri h\u0259ll etm\u0259k daha rahatd\u0131r.<\/p>\n<p>Ancaq Az\u0259rbaycan r\u0259hb\u0259rliyinin mediaforum \u00fc\u00e7\u00fcn \u015eu\u015fan\u0131 se\u00e7m\u0259si h\u0259m siyasi bax\u0131mdan \u0259h\u0259miyy\u0259tlidir, h\u0259m d\u0259 bu, simvolik m\u0259na da\u015f\u0131y\u0131r. \u00c7\u00fcnki Prezidentin d\u0259 dediyi kimi, \u015eu\u015fa Az\u0259rbaycan\u0131n m\u0259d\u0259niyy\u0259t paytaxt\u0131d\u0131r, q\u0259l\u0259b\u0259mizin, s\u00fclh\u00fcn r\u0259mzidir. \u201c\u015eu\u015fa azad olunduqdan sonra \u0130kinci Qaraba\u011f m\u00fcharib\u0259si ba\u015fa \u00e7atd\u0131. \u015eu\u015fa h\u0259m d\u0259 bizim c\u0259sar\u0259timizin r\u0259mzidir\u201d, &#8211; \u0130lham \u018fliyev \u00e7\u0131x\u0131\u015f\u0131nda bel\u0259 deyib.<\/p>\n<p>D\u00f6vl\u0259t ba\u015f\u00e7\u0131s\u0131 Az\u0259rbaycan v\u0259 T\u00fcrkiy\u0259 qarda\u015fl\u0131\u011f\u0131n\u0131n t\u0259kc\u0259 regionda deyil, d\u00fcnyada m\u0259lum bir fakt oldu\u011funu da qeyd edib. Bu, t\u0259sad\u00fcfi s\u00f6zl\u0259r deyil. M\u0259lum oldu\u011fu kimi, son \u00fc\u00e7 ild\u0259 Qaraba\u011f m\u00fcnaqi\u015f\u0259sinin t\u0259nziml\u0259nm\u0259si yolunda pis-yax\u015f\u0131 neytrall\u0131\u011f\u0131n\u0131 qoruma\u011fa \u00e7al\u0131\u015fan Rusiya son d\u00f6vrl\u0259rd\u0259 \u00f6z m\u0259nafeyind\u0259n ir\u0259li g\u0259l\u0259n m\u0259s\u0259l\u0259l\u0259r\u0259 daha \u00e7ox \u00f6n\u0259m verir v\u0259 \u00e7al\u0131\u015f\u0131r ki, bu d\u0259f\u0259 d\u0259 Az\u0259rbaycan\u0131n maraqlar\u0131n\u0131n ziddin\u0259 olaraq b\u00f6lg\u0259d\u0259 ili\u015fib qalmaq \u00fc\u00e7\u00fcn t\u0259r\u0259zinin g\u00f6z\u00fcn\u00fc erm\u0259nil\u0259r\u0259 t\u0259r\u0259f \u0259ysin.<\/p>\n<p>Bel\u0259 bir situasiyada T\u00fcrkiy\u0259 v\u0259 Az\u0259rbaycan aras\u0131nda m\u00f6vcud qarda\u015fl\u0131q \u0259laq\u0259l\u0259ri regional inki\u015faf v\u0259 sabitlik bax\u0131m\u0131ndan \u00e7ox m\u00fch\u00fcm amildir. T\u00fcrkiy\u0259, \u00f6t\u0259n vaxtlarda oldu\u011fu kimi, Az\u0259rbaycan\u0131 t\u0259kl\u0259m\u0259y\u0259 \u00e7al\u0131\u015fanlar\u0131n qar\u015f\u0131s\u0131nda g\u00fccl\u00fc sip\u0259rdir. Az\u0259rbaycan Prezidenti deyir ki, T\u00fcrkiy\u0259 v\u0259 Az\u0259rbaycan xalqlar\u0131 aras\u0131nda olan m\u00fcnasib\u0259tl\u0259r uzunm\u00fcdd\u0259tli dostluq v\u0259 qarda\u015fl\u0131q \u0259laq\u0259l\u0259ri \u00fcz\u0259rind\u0259 qurulub.<\/p>\n<p>D\u00f6vl\u0259t ba\u015f\u00e7\u0131s\u0131n\u0131n bu x\u00fcsusda dil\u0259 g\u0259tirdiyi a\u015fa\u011f\u0131dak\u0131 fikirl\u0259r \u00e7ox \u00f6n\u0259mlidir: \u201cT\u00fcrkiy\u0259 Prezidenti \u018frdo\u011fan Qaraba\u011f m\u00fcharib\u0259sinin ilk saatlar\u0131nda verdiyi \u201cAz\u0259rbaycan yaln\u0131z deyil!\u201d b\u0259yanat\u0131, bizim \u00fc\u00e7\u00fcn \u00e7ox b\u00f6y\u00fck bir d\u0259st\u0259k idi. \u0130kinci Qaraba\u011f m\u00fcharib\u0259si zaman\u0131 T\u00fcrkiy\u0259, onun r\u0259hb\u0259rliyi v\u0259 xalq\u0131 ilk g\u00fcnd\u0259n, ilk saatlardan biziml\u0259 \u00e7iyin-\u00e7iyin\u0259 dayanm\u0131\u015fd\u0131. B\u00fct\u00fcn 44 g\u00fcn \u0259rzind\u0259 biz h\u0259min o m\u0259n\u0259vi d\u0259st\u0259yi qarda\u015flar\u0131m\u0131zdan hiss etdik\u201d.<\/p>\n<p>\u018flb\u0259tt\u0259, bu m\u00fctt\u0259fiqliyin m\u00fcharib\u0259d\u0259ki rolu \u00f6n\u0259mliydi, ancaq bunun Q\u0259l\u0259b\u0259d\u0259n sonras\u0131 da vard\u0131. D\u00f6vl\u0259t ba\u015f\u00e7\u0131s\u0131n\u0131n s\u00f6zl\u0259rin\u0259 g\u00f6r\u0259, h\u0259rbi z\u0259f\u0259rd\u0259n Az\u0259rbaycan v\u0259 T\u00fcrkiy\u0259 de-fakto m\u00f6vcud olan m\u00fcnasib\u0259tl\u0259rini r\u0259smil\u0259\u015fdirdi v\u0259 bu, m\u0259\u015fhur \u015eu\u015fa B\u0259yannam\u0259sinin imzalanmas\u0131 il\u0259 m\u00fctt\u0259fiqlik s\u0259viyy\u0259sin\u0259 qald\u0131rld\u0131: \u201cBu, bizim xalqlar\u0131m\u0131z v\u0259 \u00f6lk\u0259l\u0259rimiz \u00fc\u00e7\u00fcn \u00e7ox b\u00f6y\u00fck s\u0259rv\u0259tdir. B\u0259yannam\u0259 qar\u015f\u0131m\u0131zda yeni \u00fcf\u00fcql\u0259r a\u00e7\u0131r. \u018fm\u0259kda\u015fl\u0131\u011f\u0131m\u0131z\u0131n geni\u015f g\u00fcnd\u0259liyin\u0259 n\u0259z\u0259r salsaq, siyas\u0259t, enerji, ticar\u0259t, n\u0259qliyyat, m\u00fcdafi\u0259, m\u00fcdafi\u0259 s\u0259nayesi v\u0259 bir \u00e7ox sah\u0259d\u0259 \u0259m\u0259kda\u015fl\u0131\u011f\u0131n oldu\u011funu g\u00f6r\u0259rik\u201d.<\/p>\n<p>T\u00fcrkiy\u0259nin regional g\u00fcc olmas\u0131, d\u00fcnyan\u0131n sanball\u0131 d\u00f6vl\u0259tl\u0259rind\u0259n birin\u0259 \u00e7evrilm\u0259si, beyn\u0259lxalq n\u00fcfuzunun ild\u0259n-il\u0259 artmas\u0131 h\u0259m qlobal m\u0259s\u0259l\u0259l\u0259rd\u0259 v\u0259 x\u00fcsusil\u0259 bizim regionda sabitl\u0259\u015fdirici rol oynay\u0131r. \u00d6z \u00e7\u0131x\u0131\u015f\u0131nda bu faktoru qeyd ed\u0259n d\u00f6vl\u0259t ba\u015f\u0131\u00e7\u0131s\u0131 bildirib ki, T\u00fcrkiy\u0259nin siyas\u0259ti regional t\u0259hl\u00fck\u0259sizliyi v\u0259 regional inki\u015faf\u0131 t\u0259min etm\u0259kdir v\u0259 o rol h\u0259m Az\u0259rbaycanda, h\u0259m onun h\u00fcdudlar\u0131ndan k\u0259narda \u00e7ox y\u00fcks\u0259k qiym\u0259tl\u0259ndirilir.<\/p>\n<p>Prezident \u0130lham \u018fliyev 28-30 il boyunca erm\u0259ni i\u015f\u011fal\u0131 alt\u0131nda qalan torpaqlar\u0131m\u0131z\u0131n geri al\u0131nmas\u0131ndan sonra \u00f6lk\u0259miz\u0259 qar\u015f\u0131 potensial t\u0259hl\u00fck\u0259 olmad\u0131\u011f\u0131n\u0131 dey\u0259rk\u0259n az\u011f\u0131n d\u00fc\u015fm\u0259nin silahl\u0131 q\u00fcvv\u0259l\u0259rinin b\u00f6y\u00fck hiss\u0259sinin darmada\u011f\u0131n edildiyini, d\u00fc\u015fm\u0259nin g\u00f6z\u00fcn\u00fcn q\u0131r\u0131ld\u0131\u011f\u0131n\u0131, ald\u0131\u011f\u0131 a\u011f\u0131r m\u0259\u011flubiyy\u0259td\u0259n sonra \u00f6z q\u0131n\u0131na \u00e7\u0259kildiyini n\u0259z\u0259rd\u0259 tutur. Ge\u00e7\u0259kd\u0259n d\u0259 10 noyabr 2020-ci ild\u0259n b\u0259ri bir \u00e7ox aqressiv erm\u0259nil\u0259r d\u0259f\u0259l\u0259rl\u0259 revan\u015f havas\u0131na k\u00f6kl\u0259ns\u0259l\u0259r d\u0259, \u201ctoparlan\u0131b qisas alma\u011fa qalxmal\u0131y\u0131q, m\u00fcharib\u0259ni davam etdirm\u0259liyik\u201d des\u0259l\u0259r d\u0259, erm\u0259ni c\u0259miyy\u0259tind\u0259 \u0259vv\u0259lki co\u015f\u011fun, ifrata varm\u0131\u015f \u201cpatriotizm\u201d \u0259hval-ruhiyy\u0259si yoxdur. \u018fks\u0259riyy\u0259t anlay\u0131r ki, \u0130r\u0259van\u0131n ortas\u0131nda yumruq d\u00fcy\u00fcb hayq\u0131rmaqla deyil, s\u0259ng\u0259rl\u0259r\u0259 sin\u0259rk\u0259n g\u00f6rm\u0259diyin, amma u\u011fultusu g\u0259l\u0259n dronlar\u0131n s\u0259si daha vahim\u0259lidir v\u0259 yeni \u201cpatriotizm k\u00fckr\u0259yi\u015fi\u201d Erablur panteonunun bo\u015f qalan yerl\u0259rini doldurmaqdan ba\u015fqa bir \u015fey\u0259 yaramayacaq.<\/p>\n<p>\u00dcst\u0259lik, Az\u0259rbaycan o\u011fullar\u0131n\u0131n \u0259li armud toplam\u0131r. Biz ke\u00e7mi\u015fimizi d\u0259 unutmam\u0131\u015f\u0131q v\u0259 bir \u0259sr \u0259vv\u0259ld\u0259 oldu\u011fundan f\u0259rqli olaraq, ba\u015f\u0131m\u0131za g\u0259l\u0259nl\u0259r\u0259 \u201colan oldu, ke\u00e7\u0259n ke\u00e7di, g\u0259lin h\u0259r \u015feyi yeni a\u011f s\u0259hif\u0259d\u0259n ba\u015flayaq\u201d demirik, \u00e7\u00fcnki k\u00f6hn\u0259 d\u0259ft\u0259rl\u0259r h\u0259l\u0259 qapanmay\u0131b. \u0130lham \u018fliyev bu m\u00f6vzuda \u00f6lk\u0259 xalq\u0131na \u201cyol x\u0259rit\u0259si\u201d t\u0259qdim ed\u0259r\u0259k deyib: \u201cBiz ay\u0131q olmal\u0131y\u0131q v\u0259 ke\u00e7mi\u015fimizi unutmamal\u0131y\u0131q. Unutmamal\u0131y\u0131q ki, qon\u015fular\u0131m\u0131z t\u0259r\u0259find\u0259n k\u00fcr\u0259yimiz\u0259 b\u0131\u00e7aq sanc\u0131ld\u0131, g\u00f6zl\u0259nilm\u0259diyi anda qon\u015fular\u0131m\u0131z k\u00fcr\u0259yimiz\u0259 b\u0131\u00e7aq sancd\u0131 v\u0259 o zaman Az\u0259rbaycanda olan xaosdan istifad\u0259 ed\u0259r\u0259k \u0259razil\u0259rimizi i\u015f\u011fal etdi.<\/p>\n<p>Biz unutmamal\u0131y\u0131q ki, bu g\u00fcn Erm\u0259nistan c\u0259miyy\u0259tinin, h\u0259tta h\u00f6kum\u0259tinin t\u0259rkibind\u0259 m\u00fc\u0259yy\u0259n insanlar var ki, h\u0259l\u0259 d\u0259 revan\u015fist ideyalarla ya\u015fay\u0131r. Ona g\u00f6r\u0259 biz h\u0259r hans\u0131 bir ssenariy\u0259 haz\u0131r olmal\u0131y\u0131q. Bu m\u0259qs\u0259dl\u0259 \u0130kinci Qaraba\u011f m\u00fcharib\u0259si bit\u0259n kimi m\u00fcdafi\u0259 sah\u0259sind\u0259 d\u0259rin islahatlar h\u0259yata ke\u00e7irm\u0259y\u0259 ba\u015flam\u0131\u015f\u0131q\u201d.<\/p>\n<p>B\u0259li, do\u011fru olan m\u0259hz budur. Y\u0131rt\u0131c\u0131larla dolu vadiy\u0259 enmis\u0259ns\u0259 \u00f6z\u00fcn\u00fc m\u00fcdafi\u0259 etm\u0259yin yolu \u00e7oma\u011f\u0131n\u0131 \u0259lind\u0259 haz\u0131r, t\u00fcf\u0259ngini ayaqda tutma\u011f\u0131n laz\u0131md\u0131r, h\u0259r an \u00fcz\u0259rin\u0259 h\u00fccum ola bil\u0259r. X\u00fcsusil\u0259 d\u0259 d\u00fc\u015fm\u0259nin gec\u0259-g\u00fcnd\u00fcz n\u0259y\u0259s\u0259 haz\u0131rla\u015fd\u0131\u011f\u0131m\u0131, y\u00fcz fitn\u0259-fel i\u00e7ind\u0259 oldu\u011funu, m\u0259krli v\u0259 hiyl\u0259g\u0259r beyninin h\u0259r an \u00e7al\u0131\u015fd\u0131\u011f\u0131n\u0131 g\u00f6r\u0259nd\u0259 ay\u0131q-say\u0131q, diqq\u0259tli, h\u0259r \u015fey\u0259 haz\u0131r olmaq \u015f\u0259rtdir.<\/p>\n<p>\u201cBu g\u00fcn ordumuz \u00fc\u00e7 il \u0259vv\u0259lki ordudan daha g\u00fccl\u00fcd\u00fcr\u201d, &#8211; dey\u0259 Prezident Az\u0259rbaycan xalq\u0131n\u0131 xatirc\u0259m, d\u00fc\u015fm\u0259n\u0259 is\u0259 x\u0259b\u0259rdarl\u0131q edib.<\/p>\n","protected":false},"excerpt":{"rendered":"<p>M\u0259lum oldu\u011fu kimi, bu ilin 21 iyul tarixind\u0259 \u201c4-c\u00fc S\u0259naye \u0130nqilab\u0131 d\u00f6vr\u00fcnd\u0259 Yeni Media\u201d m\u00f6vzusunda \u015eu\u015fa Qlobal Media Forumu ke\u00e7irilib. M\u00f6ht\u0259\u015f\u0259m t\u0259dbirin a\u00e7\u0131l\u0131\u015f m\u0259rasimind\u0259 Az\u0259rbaycan Respublikas\u0131n\u0131n Prezidenti \u0130lham \u018fliyevin \u00e7\u0131x\u0131\u015f\u0131 h\u0259m parlaq v\u0259 \u00e7oxmesajl\u0131 olub, h\u0259m d\u0259 t\u0259dbirin s\u0259viyy\u0259sinin y\u00fcks\u0259kliyin\u0259 d\u0259lal\u0259t edib. \u018fslind\u0259 bu t\u0259dbir Bak\u0131da da ke\u00e7iril\u0259 bil\u0259rdi. Ba\u015fqa \u00f6lk\u0259l\u0259rd\u0259 bu c\u00fcr forumlar bir qayda olaraq ya \u00f6lk\u0259nin paytaxt\u0131nda, ya da ba\u015f meqapolisind\u0259 ke\u00e7irilir. \u00c7\u00fcnki xarici \u00f6lk\u0259l\u0259rd\u0259n d\u0259v\u0259t olunmu\u015f bir ne\u00e7\u0259 y\u00fcz qona\u011f\u0131 iri \u015f\u0259h\u0259rl\u0259rd\u0259ki otell\u0259rd\u0259 yerl\u0259\u015fdirm\u0259k, dig\u0259r t\u0259\u015fkilati i\u015fl\u0259ri h\u0259ll etm\u0259k daha rahatd\u0131r. Ancaq Az\u0259rbaycan r\u0259hb\u0259rliyinin mediaforum \u00fc\u00e7\u00fcn&hellip;<\/p>\n","protected":false},"author":2,"featured_media":611202,"comment_status":"closed","ping_status":"closed","sticky":false,"template":"","format":"standard","meta":{"om_disable_all_campaigns":false,"_monsterinsights_skip_tracking":false,"_monsterinsights_sitenote_active":false,"_monsterinsights_sitenote_note":"","_monsterinsights_sitenote_category":0},"categories":[19],"tags":[],"aioseo_notices":[],"gutentor_comment":0,"rttpg_featured_image_url":{"full":["https:\/\/arantv.az\/wp-content\/uploads\/2023\/07\/487f95894b40e3615591fb23fd158ad1.jpg",870,500,false],"landscape":["https:\/\/arantv.az\/wp-content\/uploads\/2023\/07\/487f95894b40e3615591fb23fd158ad1.jpg",870,500,false],"portraits":["https:\/\/arantv.az\/wp-content\/uploads\/2023\/07\/487f95894b40e3615591fb23fd158ad1.jpg",870,500,false],"thumbnail":["https:\/\/arantv.az\/wp-content\/uploads\/2023\/07\/487f95894b40e3615591fb23fd158ad1-500x280.jpg",500,280,true],"medium":["https:\/\/arantv.az\/wp-content\/uploads\/2023\/07\/487f95894b40e3615591fb23fd158ad1-635x365.jpg",635,365,true],"large":["https:\/\/arantv.az\/wp-content\/uploads\/2023\/07\/487f95894b40e3615591fb23fd158ad1-840x483.jpg",640,368,true],"1536x1536":["https:\/\/arantv.az\/wp-content\/uploads\/2023\/07\/487f95894b40e3615591fb23fd158ad1.jpg",870,500,false],"2048x2048":["https:\/\/arantv.az\/wp-content\/uploads\/2023\/07\/487f95894b40e3615591fb23fd158ad1.jpg",870,500,false],"post-thumbnail":["https:\/\/arantv.az\/wp-content\/uploads\/2023\/07\/487f95894b40e3615591fb23fd158ad1-240x172.jpg",240,172,true],"advps-thumb-one":["https:\/\/arantv.az\/wp-content\/uploads\/2023\/07\/487f95894b40e3615591fb23fd158ad1.jpg",870,500,false]},"rttpg_author":{"display_name":"V\u00fcsal Rafiqo\u011flu","author_link":"https:\/\/arantv.az\/?author=2"},"rttpg_comment":0,"rttpg_category":"<a href=\"https:\/\/arantv.az\/?cat=19\" rel=\"category\">G\u00fcnd\u0259m<\/a>","rttpg_excerpt":"M\u0259lum oldu\u011fu kimi, bu ilin 21 iyul tarixind\u0259 \u201c4-c\u00fc S\u0259naye \u0130nqilab\u0131 d\u00f6vr\u00fcnd\u0259 Yeni Media\u201d m\u00f6vzusunda \u015eu\u015fa Qlobal Media Forumu ke\u00e7irilib. M\u00f6ht\u0259\u015f\u0259m t\u0259dbirin a\u00e7\u0131l\u0131\u015f m\u0259rasimind\u0259 Az\u0259rbaycan Respublikas\u0131n\u0131n Prezidenti \u0130lham \u018fliyevin \u00e7\u0131x\u0131\u015f\u0131 h\u0259m parlaq v\u0259 \u00e7oxmesajl\u0131 olub, h\u0259m d\u0259 t\u0259dbirin s\u0259viyy\u0259sinin y\u00fcks\u0259kliyin\u0259 d\u0259lal\u0259t edib. \u018fslind\u0259 bu t\u0259dbir Bak\u0131da da ke\u00e7iril\u0259 bil\u0259rdi. Ba\u015fqa \u00f6lk\u0259l\u0259rd\u0259 bu c\u00fcr forumlar bir&hellip;","_links":{"self":[{"href":"https:\/\/arantv.az\/index.php?rest_route=\/wp\/v2\/posts\/611201"}],"collection":[{"href":"https:\/\/arantv.az\/index.php?rest_route=\/wp\/v2\/posts"}],"about":[{"href":"https:\/\/arantv.az\/index.php?rest_route=\/wp\/v2\/types\/post"}],"author":[{"embeddable":true,"href":"https:\/\/arantv.az\/index.php?rest_route=\/wp\/v2\/users\/2"}],"replies":[{"embeddable":true,"href":"https:\/\/arantv.az\/index.php?rest_route=%2Fwp%2Fv2%2Fcomments&post=611201"}],"version-history":[{"count":0,"href":"https:\/\/arantv.az\/index.php?rest_route=\/wp\/v2\/posts\/611201\/revisions"}],"wp:featuredmedia":[{"embeddable":true,"href":"https:\/\/arantv.az\/index.php?rest_route=\/wp\/v2\/media\/611202"}],"wp:attachment":[{"href":"https:\/\/arantv.az\/index.php?rest_route=%2Fwp%2Fv2%2Fmedia&parent=611201"}],"wp:term":[{"taxonomy":"category","embeddable":true,"href":"https:\/\/arantv.az\/index.php?rest_route=%2Fwp%2Fv2%2Fcategories&post=611201"},{"taxonomy":"post_tag","embeddable":true,"href":"https:\/\/arantv.az\/index.php?rest_route=%2Fwp%2Fv2%2Ftags&post=611201"}],"curies":[{"name":"wp","href":"https:\/\/api.w.org\/{rel}","templated":true}]}}