{"id":611255,"date":"2023-07-24T12:34:11","date_gmt":"2023-07-24T08:34:11","guid":{"rendered":"https:\/\/arantv.az\/?p=611255"},"modified":"2023-07-24T12:34:11","modified_gmt":"2023-07-24T08:34:11","slug":"tap-qaz-t%c9%99darukunun-artirilmasi-uzr%c9%99-isl%c9%99r%c9%99-baslayib","status":"publish","type":"post","link":"https:\/\/arantv.az\/?p=611255","title":{"rendered":"TAP qaz t\u0259dar\u00fck\u00fcn\u00fcn art\u0131r\u0131lmas\u0131 \u00fczr\u0259 i\u015fl\u0259r\u0259 ba\u015flay\u0131b"},"content":{"rendered":"<p>Trans-Adriatik Boru K\u0259m\u0259ri (TAP) konsorsiumu qaz t\u0259dar\u00fck\u00fcn\u00fcn art\u0131r\u0131lmas\u0131 \u00fc\u00e7\u00fcn ilkin i\u015fl\u0259r\u0259 ba\u015flay\u0131b.<\/p>\n<p>Bu bar\u0259d\u0259 \u015firk\u0259td\u0259n \u201cTrend\u201din sor\u011fusuna cavab olaraq bildiribl\u0259r.<\/p>\n<p>Qeyd olunub ki, proses bu ay ba\u015flay\u0131b v\u0259 kompressor stansiyas\u0131nda yeni ba\u011flay\u0131c\u0131lar\u0131n haz\u0131rlanmas\u0131 il\u0259 ba\u011fl\u0131 tikinti i\u015fl\u0259rind\u0259n ibar\u0259tdir.<\/p>\n<p>Bundan \u0259vv\u0259l TAP-\u0131n icra\u00e7\u0131 direktoru Luka Skiepatti \u201cTrend\u201d\u0259 m\u00fcsahib\u0259sind\u0259 bildirib ki, he\u00e7 bir infrastrukturun geni\u015fl\u0259ndirilm\u0259si ssenarisind\u0259 \u0259lav\u0259 borulara ehtiyac olmayacaq.<\/p>\n<p>\u201cTAP-\u0131n v\u0259 \u00fcmumilikd\u0259 C\u0259nub Qaz D\u0259hlizinin layih\u0259l\u0259ndirilm\u0259si \u0259lav\u0259 kompressor aqreqatlar\u0131 v\u0259 stansiyalar\u0131 hesab\u0131na g\u00fcc\u00fc iki d\u0259f\u0259 art\u0131raraq ild\u0259 20 milyard kubmetr\u0259 \u00e7atd\u0131rma\u011fa imkan verir. Geni\u015fl\u0259ndirm\u0259nin birinci m\u0259rh\u0259l\u0259si \u00fc\u00e7\u00fcn (ild\u0259 1,2 milyard kubmetr qaz) \u0259lav\u0259 kompressor stansiyalar\u0131na ehtiyac yoxdur\u201d, &#8211; o bildirib.<\/p>\n<p>Skiepatti \u0259lav\u0259 edib ki, bazar mara\u011f\u0131 olarsa, TAP-\u0131n ilkin g\u00fcc\u00fcn\u00fc geni\u015fl\u0259ndirm\u0259k v\u0259 b\u0259lk\u0259 d\u0259, ikiqat art\u0131rmaq \u00fc\u00e7\u00fcn iki \u0259lav\u0259 kompressor stansiyas\u0131 &#8211; biri Yunan\u0131standa v\u0259 biri Albaniyada tikilm\u0259lidir.<\/p>\n<p>Qeyd ed\u0259k ki, C\u0259nub Qaz D\u0259hlizinin Avropa hiss\u0259si olan TAP h\u0259r il \u0130taliyaya s\u0259kkiz milyard kubmetr, Yunan\u0131stan v\u0259 Bolqar\u0131stana is\u0259 bir milyard kubmetr qaz t\u0259dar\u00fck edir.<\/p>\n<p>2020-ci il dekabr\u0131n 31-d\u0259n Az\u0259rbaycan qaz\u0131n\u0131n C\u0259nub Qaz D\u0259hlizi vasit\u0259sil\u0259 Avropaya t\u0259dar\u00fck\u00fc ba\u015flay\u0131b. D\u00fcnyan\u0131n \u0259n b\u00f6y\u00fck t\u0259bii qaz idxal\u00e7\u0131s\u0131 olan Avropa bazar\u0131na birba\u015fa \u00e7\u0131x\u0131\u015f\u0131 olan Az\u0259rbaycan ixrac imkanlar\u0131n\u0131 \u015fax\u0259l\u0259ndirib.<\/p>\n","protected":false},"excerpt":{"rendered":"<p>Trans-Adriatik Boru K\u0259m\u0259ri (TAP) konsorsiumu qaz t\u0259dar\u00fck\u00fcn\u00fcn art\u0131r\u0131lmas\u0131 \u00fc\u00e7\u00fcn ilkin i\u015fl\u0259r\u0259 ba\u015flay\u0131b. Bu bar\u0259d\u0259 \u015firk\u0259td\u0259n \u201cTrend\u201din sor\u011fusuna cavab olaraq bildiribl\u0259r. Qeyd olunub ki, proses bu ay ba\u015flay\u0131b v\u0259 kompressor stansiyas\u0131nda yeni ba\u011flay\u0131c\u0131lar\u0131n haz\u0131rlanmas\u0131 il\u0259 ba\u011fl\u0131 tikinti i\u015fl\u0259rind\u0259n ibar\u0259tdir. Bundan \u0259vv\u0259l TAP-\u0131n icra\u00e7\u0131 direktoru Luka Skiepatti \u201cTrend\u201d\u0259 m\u00fcsahib\u0259sind\u0259 bildirib ki, he\u00e7 bir infrastrukturun geni\u015fl\u0259ndirilm\u0259si ssenarisind\u0259 \u0259lav\u0259 borulara ehtiyac olmayacaq. \u201cTAP-\u0131n v\u0259 \u00fcmumilikd\u0259 C\u0259nub Qaz D\u0259hlizinin layih\u0259l\u0259ndirilm\u0259si \u0259lav\u0259 kompressor aqreqatlar\u0131 v\u0259 stansiyalar\u0131 hesab\u0131na g\u00fcc\u00fc iki d\u0259f\u0259 art\u0131raraq ild\u0259 20 milyard kubmetr\u0259 \u00e7atd\u0131rma\u011fa imkan verir. Geni\u015fl\u0259ndirm\u0259nin birinci m\u0259rh\u0259l\u0259si \u00fc\u00e7\u00fcn (ild\u0259 1,2 milyard kubmetr&hellip;<\/p>\n","protected":false},"author":2,"featured_media":611256,"comment_status":"closed","ping_status":"closed","sticky":false,"template":"","format":"standard","meta":{"om_disable_all_campaigns":false,"_monsterinsights_skip_tracking":false,"_monsterinsights_sitenote_active":false,"_monsterinsights_sitenote_note":"","_monsterinsights_sitenote_category":0},"categories":[4],"tags":[],"aioseo_notices":[],"gutentor_comment":0,"rttpg_featured_image_url":{"full":["https:\/\/arantv.az\/wp-content\/uploads\/2023\/07\/FotoJet-2023-01-30T145839.374.jpg",620,413,false],"landscape":["https:\/\/arantv.az\/wp-content\/uploads\/2023\/07\/FotoJet-2023-01-30T145839.374.jpg",620,413,false],"portraits":["https:\/\/arantv.az\/wp-content\/uploads\/2023\/07\/FotoJet-2023-01-30T145839.374.jpg",620,413,false],"thumbnail":["https:\/\/arantv.az\/wp-content\/uploads\/2023\/07\/FotoJet-2023-01-30T145839.374-500x280.jpg",500,280,true],"medium":["https:\/\/arantv.az\/wp-content\/uploads\/2023\/07\/FotoJet-2023-01-30T145839.374-548x365.jpg",548,365,true],"large":["https:\/\/arantv.az\/wp-content\/uploads\/2023\/07\/FotoJet-2023-01-30T145839.374.jpg",620,413,false],"1536x1536":["https:\/\/arantv.az\/wp-content\/uploads\/2023\/07\/FotoJet-2023-01-30T145839.374.jpg",620,413,false],"2048x2048":["https:\/\/arantv.az\/wp-content\/uploads\/2023\/07\/FotoJet-2023-01-30T145839.374.jpg",620,413,false],"post-thumbnail":["https:\/\/arantv.az\/wp-content\/uploads\/2023\/07\/FotoJet-2023-01-30T145839.374-240x172.jpg",240,172,true],"advps-thumb-one":["https:\/\/arantv.az\/wp-content\/uploads\/2023\/07\/FotoJet-2023-01-30T145839.374.jpg",620,413,false]},"rttpg_author":{"display_name":"V\u00fcsal Rafiqo\u011flu","author_link":"https:\/\/arantv.az\/?author=2"},"rttpg_comment":0,"rttpg_category":"<a href=\"https:\/\/arantv.az\/?cat=4\" rel=\"category\">Siyas\u0259t<\/a>","rttpg_excerpt":"Trans-Adriatik Boru K\u0259m\u0259ri (TAP) konsorsiumu qaz t\u0259dar\u00fck\u00fcn\u00fcn art\u0131r\u0131lmas\u0131 \u00fc\u00e7\u00fcn ilkin i\u015fl\u0259r\u0259 ba\u015flay\u0131b. Bu bar\u0259d\u0259 \u015firk\u0259td\u0259n \u201cTrend\u201din sor\u011fusuna cavab olaraq bildiribl\u0259r. Qeyd olunub ki, proses bu ay ba\u015flay\u0131b v\u0259 kompressor stansiyas\u0131nda yeni ba\u011flay\u0131c\u0131lar\u0131n haz\u0131rlanmas\u0131 il\u0259 ba\u011fl\u0131 tikinti i\u015fl\u0259rind\u0259n ibar\u0259tdir. Bundan \u0259vv\u0259l TAP-\u0131n icra\u00e7\u0131 direktoru Luka Skiepatti \u201cTrend\u201d\u0259 m\u00fcsahib\u0259sind\u0259 bildirib ki, he\u00e7 bir infrastrukturun geni\u015fl\u0259ndirilm\u0259si ssenarisind\u0259 \u0259lav\u0259&hellip;","_links":{"self":[{"href":"https:\/\/arantv.az\/index.php?rest_route=\/wp\/v2\/posts\/611255"}],"collection":[{"href":"https:\/\/arantv.az\/index.php?rest_route=\/wp\/v2\/posts"}],"about":[{"href":"https:\/\/arantv.az\/index.php?rest_route=\/wp\/v2\/types\/post"}],"author":[{"embeddable":true,"href":"https:\/\/arantv.az\/index.php?rest_route=\/wp\/v2\/users\/2"}],"replies":[{"embeddable":true,"href":"https:\/\/arantv.az\/index.php?rest_route=%2Fwp%2Fv2%2Fcomments&post=611255"}],"version-history":[{"count":0,"href":"https:\/\/arantv.az\/index.php?rest_route=\/wp\/v2\/posts\/611255\/revisions"}],"wp:featuredmedia":[{"embeddable":true,"href":"https:\/\/arantv.az\/index.php?rest_route=\/wp\/v2\/media\/611256"}],"wp:attachment":[{"href":"https:\/\/arantv.az\/index.php?rest_route=%2Fwp%2Fv2%2Fmedia&parent=611255"}],"wp:term":[{"taxonomy":"category","embeddable":true,"href":"https:\/\/arantv.az\/index.php?rest_route=%2Fwp%2Fv2%2Fcategories&post=611255"},{"taxonomy":"post_tag","embeddable":true,"href":"https:\/\/arantv.az\/index.php?rest_route=%2Fwp%2Fv2%2Ftags&post=611255"}],"curies":[{"name":"wp","href":"https:\/\/api.w.org\/{rel}","templated":true}]}}