{"id":611258,"date":"2023-07-24T12:35:19","date_gmt":"2023-07-24T08:35:19","guid":{"rendered":"https:\/\/arantv.az\/?p=611258"},"modified":"2023-07-24T12:35:19","modified_gmt":"2023-07-24T08:35:19","slug":"erm%c9%99nistan-prezidenti-sadam-ki-turkiy%c9%99-il%c9%99-dialoqu-b%c9%99rpa-etdik","status":"publish","type":"post","link":"https:\/\/arantv.az\/?p=611258","title":{"rendered":"Erm\u0259nistan prezidenti: \u201c\u015eadam ki, T\u00fcrkiy\u0259 il\u0259 dialoqu b\u0259rpa etdik\u201d"},"content":{"rendered":"<p>\u201cErm\u0259nistan qon\u015fu d\u00f6vl\u0259tl\u0259rl\u0259 balansl\u0131, yax\u015f\u0131 m\u00fcnasib\u0259tl\u0259r\u0259 malik olmaq ist\u0259yir v\u0259 buna g\u00f6r\u0259 d\u0259 h\u00f6kum\u0259t T\u00fcrkiy\u0259 il\u0259 normalla\u015fma yolunu se\u00e7ib\u201d.<\/p>\n<p>Bunu Erm\u0259nistan prezidenti Vaaqn Xa\u00e7aturyan \u0130taliyan\u0131n \u201cLa Repubblica\u201d n\u0259\u015frin\u0259 m\u00fcsahib\u0259sind\u0259 deyib.<\/p>\n<p>\u201c\u015eadam ki, bu q\u0259d\u0259r ild\u0259n sonra Ankara il\u0259 yenid\u0259n dialoqa ba\u015flad\u0131q. G\u0259l\u0259c\u0259y\u0259 baxmal\u0131, u\u015faqlar\u0131m\u0131za nec\u0259 bir region qoymaq ist\u0259diyimizi anlamal\u0131y\u0131q. Biz m\u00fcharib\u0259y\u0259 deyil, regional tarazl\u0131\u011fa v\u0259 s\u00fclh\u0259 \u00e7al\u0131\u015fmal\u0131y\u0131q&#8221;, &#8211; dey\u0259 Xa\u00e7aturyan bildirib.<\/p>\n<p>Qeyd ed\u0259k ki, Erm\u0259nistan r\u0259hb\u0259ri haz\u0131rda \u0130taliyada i\u015fg\u00fczar s\u0259f\u0259rd\u0259dir.<\/p>\n","protected":false},"excerpt":{"rendered":"<p>\u201cErm\u0259nistan qon\u015fu d\u00f6vl\u0259tl\u0259rl\u0259 balansl\u0131, yax\u015f\u0131 m\u00fcnasib\u0259tl\u0259r\u0259 malik olmaq ist\u0259yir v\u0259 buna g\u00f6r\u0259 d\u0259 h\u00f6kum\u0259t T\u00fcrkiy\u0259 il\u0259 normalla\u015fma yolunu se\u00e7ib\u201d. Bunu Erm\u0259nistan prezidenti Vaaqn Xa\u00e7aturyan \u0130taliyan\u0131n \u201cLa Repubblica\u201d n\u0259\u015frin\u0259 m\u00fcsahib\u0259sind\u0259 deyib. \u201c\u015eadam ki, bu q\u0259d\u0259r ild\u0259n sonra Ankara il\u0259 yenid\u0259n dialoqa ba\u015flad\u0131q. G\u0259l\u0259c\u0259y\u0259 baxmal\u0131, u\u015faqlar\u0131m\u0131za nec\u0259 bir region qoymaq ist\u0259diyimizi anlamal\u0131y\u0131q. Biz m\u00fcharib\u0259y\u0259 deyil, regional tarazl\u0131\u011fa v\u0259 s\u00fclh\u0259 \u00e7al\u0131\u015fmal\u0131y\u0131q&#8221;, &#8211; dey\u0259 Xa\u00e7aturyan bildirib. Qeyd ed\u0259k ki, Erm\u0259nistan r\u0259hb\u0259ri haz\u0131rda \u0130taliyada i\u015fg\u00fczar s\u0259f\u0259rd\u0259dir.<\/p>\n","protected":false},"author":2,"featured_media":611259,"comment_status":"closed","ping_status":"closed","sticky":false,"template":"","format":"standard","meta":{"om_disable_all_campaigns":false,"_monsterinsights_skip_tracking":false,"_monsterinsights_sitenote_active":false,"_monsterinsights_sitenote_note":"","_monsterinsights_sitenote_category":0},"categories":[7],"tags":[],"aioseo_notices":[],"gutentor_comment":0,"rttpg_featured_image_url":{"full":["https:\/\/arantv.az\/wp-content\/uploads\/2023\/07\/356949216_829237875488178_7588141593495282173_n.jpg",620,413,false],"landscape":["https:\/\/arantv.az\/wp-content\/uploads\/2023\/07\/356949216_829237875488178_7588141593495282173_n.jpg",620,413,false],"portraits":["https:\/\/arantv.az\/wp-content\/uploads\/2023\/07\/356949216_829237875488178_7588141593495282173_n.jpg",620,413,false],"thumbnail":["https:\/\/arantv.az\/wp-content\/uploads\/2023\/07\/356949216_829237875488178_7588141593495282173_n-500x280.jpg",500,280,true],"medium":["https:\/\/arantv.az\/wp-content\/uploads\/2023\/07\/356949216_829237875488178_7588141593495282173_n-548x365.jpg",548,365,true],"large":["https:\/\/arantv.az\/wp-content\/uploads\/2023\/07\/356949216_829237875488178_7588141593495282173_n.jpg",620,413,false],"1536x1536":["https:\/\/arantv.az\/wp-content\/uploads\/2023\/07\/356949216_829237875488178_7588141593495282173_n.jpg",620,413,false],"2048x2048":["https:\/\/arantv.az\/wp-content\/uploads\/2023\/07\/356949216_829237875488178_7588141593495282173_n.jpg",620,413,false],"post-thumbnail":["https:\/\/arantv.az\/wp-content\/uploads\/2023\/07\/356949216_829237875488178_7588141593495282173_n-240x172.jpg",240,172,true],"advps-thumb-one":["https:\/\/arantv.az\/wp-content\/uploads\/2023\/07\/356949216_829237875488178_7588141593495282173_n.jpg",620,413,false]},"rttpg_author":{"display_name":"V\u00fcsal Rafiqo\u011flu","author_link":"https:\/\/arantv.az\/?author=2"},"rttpg_comment":0,"rttpg_category":"<a href=\"https:\/\/arantv.az\/?cat=7\" rel=\"category\">D\u00fcnya<\/a>","rttpg_excerpt":"\u201cErm\u0259nistan qon\u015fu d\u00f6vl\u0259tl\u0259rl\u0259 balansl\u0131, yax\u015f\u0131 m\u00fcnasib\u0259tl\u0259r\u0259 malik olmaq ist\u0259yir v\u0259 buna g\u00f6r\u0259 d\u0259 h\u00f6kum\u0259t T\u00fcrkiy\u0259 il\u0259 normalla\u015fma yolunu se\u00e7ib\u201d. Bunu Erm\u0259nistan prezidenti Vaaqn Xa\u00e7aturyan \u0130taliyan\u0131n \u201cLa Repubblica\u201d n\u0259\u015frin\u0259 m\u00fcsahib\u0259sind\u0259 deyib. \u201c\u015eadam ki, bu q\u0259d\u0259r ild\u0259n sonra Ankara il\u0259 yenid\u0259n dialoqa ba\u015flad\u0131q. G\u0259l\u0259c\u0259y\u0259 baxmal\u0131, u\u015faqlar\u0131m\u0131za nec\u0259 bir region qoymaq ist\u0259diyimizi anlamal\u0131y\u0131q. Biz m\u00fcharib\u0259y\u0259 deyil, regional tarazl\u0131\u011fa&hellip;","_links":{"self":[{"href":"https:\/\/arantv.az\/index.php?rest_route=\/wp\/v2\/posts\/611258"}],"collection":[{"href":"https:\/\/arantv.az\/index.php?rest_route=\/wp\/v2\/posts"}],"about":[{"href":"https:\/\/arantv.az\/index.php?rest_route=\/wp\/v2\/types\/post"}],"author":[{"embeddable":true,"href":"https:\/\/arantv.az\/index.php?rest_route=\/wp\/v2\/users\/2"}],"replies":[{"embeddable":true,"href":"https:\/\/arantv.az\/index.php?rest_route=%2Fwp%2Fv2%2Fcomments&post=611258"}],"version-history":[{"count":0,"href":"https:\/\/arantv.az\/index.php?rest_route=\/wp\/v2\/posts\/611258\/revisions"}],"wp:featuredmedia":[{"embeddable":true,"href":"https:\/\/arantv.az\/index.php?rest_route=\/wp\/v2\/media\/611259"}],"wp:attachment":[{"href":"https:\/\/arantv.az\/index.php?rest_route=%2Fwp%2Fv2%2Fmedia&parent=611258"}],"wp:term":[{"taxonomy":"category","embeddable":true,"href":"https:\/\/arantv.az\/index.php?rest_route=%2Fwp%2Fv2%2Fcategories&post=611258"},{"taxonomy":"post_tag","embeddable":true,"href":"https:\/\/arantv.az\/index.php?rest_route=%2Fwp%2Fv2%2Ftags&post=611258"}],"curies":[{"name":"wp","href":"https:\/\/api.w.org\/{rel}","templated":true}]}}