{"id":611261,"date":"2023-07-24T12:36:39","date_gmt":"2023-07-24T08:36:39","guid":{"rendered":"https:\/\/arantv.az\/?p=611261"},"modified":"2023-07-24T12:36:39","modified_gmt":"2023-07-24T08:36:39","slug":"bakida-evd%c9%99n-meyit-tapildi-5","status":"publish","type":"post","link":"https:\/\/arantv.az\/?p=611261","title":{"rendered":"Bak\u0131da evd\u0259n meyit tap\u0131ld\u0131"},"content":{"rendered":"<p>Bak\u0131da evd\u0259n meyit tap\u0131l\u0131b.<\/p>\n<p>Lent.az-\u0131n \u0259ld\u0259 etdiyi m\u0259lumata g\u00f6r\u0259, hadis\u0259 Bin\u0259q\u0259di rayonu, Bil\u0259c\u0259ri q\u0259s\u0259b\u0259sind\u0259 qeyd\u0259 al\u0131n\u0131b. Q\u0259s\u0259b\u0259 sakini 38 ya\u015fl\u0131 Fuad Tal\u0131bovun meyiti ya\u015fad\u0131\u011f\u0131 evd\u0259 a\u015fkar edilib.<\/p>\n<p>Onun \u00f6l\u00fcm\u00fcn\u00fcn s\u0259b\u0259bi m\u0259lum deyil. Meyitin \u00fcz\u0259rind\u0259 zorak\u0131l\u0131q \u0259lam\u0259tl\u0259ri olmay\u0131b.<\/p>\n<p>Faktla ba\u011fl\u0131 ara\u015fd\u0131r\u0131lma apar\u0131l\u0131r.<\/p>\n","protected":false},"excerpt":{"rendered":"<p>Bak\u0131da evd\u0259n meyit tap\u0131l\u0131b. Lent.az-\u0131n \u0259ld\u0259 etdiyi m\u0259lumata g\u00f6r\u0259, hadis\u0259 Bin\u0259q\u0259di rayonu, Bil\u0259c\u0259ri q\u0259s\u0259b\u0259sind\u0259 qeyd\u0259 al\u0131n\u0131b. Q\u0259s\u0259b\u0259 sakini 38 ya\u015fl\u0131 Fuad Tal\u0131bovun meyiti ya\u015fad\u0131\u011f\u0131 evd\u0259 a\u015fkar edilib. Onun \u00f6l\u00fcm\u00fcn\u00fcn s\u0259b\u0259bi m\u0259lum deyil. Meyitin \u00fcz\u0259rind\u0259 zorak\u0131l\u0131q \u0259lam\u0259tl\u0259ri olmay\u0131b. Faktla ba\u011fl\u0131 ara\u015fd\u0131r\u0131lma apar\u0131l\u0131r.<\/p>\n","protected":false},"author":2,"featured_media":611262,"comment_status":"closed","ping_status":"closed","sticky":false,"template":"","format":"standard","meta":{"om_disable_all_campaigns":false,"_monsterinsights_skip_tracking":false,"_monsterinsights_sitenote_active":false,"_monsterinsights_sitenote_note":"","_monsterinsights_sitenote_category":0},"categories":[5],"tags":[],"aioseo_notices":[],"gutentor_comment":0,"rttpg_featured_image_url":{"full":["https:\/\/arantv.az\/wp-content\/uploads\/2023\/07\/065a58d6-5a62-4409-98eb-3eed9ac64f9e-2-3-1.jpg",620,413,false],"landscape":["https:\/\/arantv.az\/wp-content\/uploads\/2023\/07\/065a58d6-5a62-4409-98eb-3eed9ac64f9e-2-3-1.jpg",620,413,false],"portraits":["https:\/\/arantv.az\/wp-content\/uploads\/2023\/07\/065a58d6-5a62-4409-98eb-3eed9ac64f9e-2-3-1.jpg",620,413,false],"thumbnail":["https:\/\/arantv.az\/wp-content\/uploads\/2023\/07\/065a58d6-5a62-4409-98eb-3eed9ac64f9e-2-3-1-500x280.jpg",500,280,true],"medium":["https:\/\/arantv.az\/wp-content\/uploads\/2023\/07\/065a58d6-5a62-4409-98eb-3eed9ac64f9e-2-3-1-548x365.jpg",548,365,true],"large":["https:\/\/arantv.az\/wp-content\/uploads\/2023\/07\/065a58d6-5a62-4409-98eb-3eed9ac64f9e-2-3-1.jpg",620,413,false],"1536x1536":["https:\/\/arantv.az\/wp-content\/uploads\/2023\/07\/065a58d6-5a62-4409-98eb-3eed9ac64f9e-2-3-1.jpg",620,413,false],"2048x2048":["https:\/\/arantv.az\/wp-content\/uploads\/2023\/07\/065a58d6-5a62-4409-98eb-3eed9ac64f9e-2-3-1.jpg",620,413,false],"post-thumbnail":["https:\/\/arantv.az\/wp-content\/uploads\/2023\/07\/065a58d6-5a62-4409-98eb-3eed9ac64f9e-2-3-1-240x172.jpg",240,172,true],"advps-thumb-one":["https:\/\/arantv.az\/wp-content\/uploads\/2023\/07\/065a58d6-5a62-4409-98eb-3eed9ac64f9e-2-3-1.jpg",620,413,false]},"rttpg_author":{"display_name":"V\u00fcsal Rafiqo\u011flu","author_link":"https:\/\/arantv.az\/?author=2"},"rttpg_comment":0,"rttpg_category":"<a href=\"https:\/\/arantv.az\/?cat=5\" rel=\"category\">Hadis\u0259<\/a>","rttpg_excerpt":"Bak\u0131da evd\u0259n meyit tap\u0131l\u0131b. Lent.az-\u0131n \u0259ld\u0259 etdiyi m\u0259lumata g\u00f6r\u0259, hadis\u0259 Bin\u0259q\u0259di rayonu, Bil\u0259c\u0259ri q\u0259s\u0259b\u0259sind\u0259 qeyd\u0259 al\u0131n\u0131b. Q\u0259s\u0259b\u0259 sakini 38 ya\u015fl\u0131 Fuad Tal\u0131bovun meyiti ya\u015fad\u0131\u011f\u0131 evd\u0259 a\u015fkar edilib. Onun \u00f6l\u00fcm\u00fcn\u00fcn s\u0259b\u0259bi m\u0259lum deyil. Meyitin \u00fcz\u0259rind\u0259 zorak\u0131l\u0131q \u0259lam\u0259tl\u0259ri olmay\u0131b. Faktla ba\u011fl\u0131 ara\u015fd\u0131r\u0131lma apar\u0131l\u0131r.","_links":{"self":[{"href":"https:\/\/arantv.az\/index.php?rest_route=\/wp\/v2\/posts\/611261"}],"collection":[{"href":"https:\/\/arantv.az\/index.php?rest_route=\/wp\/v2\/posts"}],"about":[{"href":"https:\/\/arantv.az\/index.php?rest_route=\/wp\/v2\/types\/post"}],"author":[{"embeddable":true,"href":"https:\/\/arantv.az\/index.php?rest_route=\/wp\/v2\/users\/2"}],"replies":[{"embeddable":true,"href":"https:\/\/arantv.az\/index.php?rest_route=%2Fwp%2Fv2%2Fcomments&post=611261"}],"version-history":[{"count":0,"href":"https:\/\/arantv.az\/index.php?rest_route=\/wp\/v2\/posts\/611261\/revisions"}],"wp:featuredmedia":[{"embeddable":true,"href":"https:\/\/arantv.az\/index.php?rest_route=\/wp\/v2\/media\/611262"}],"wp:attachment":[{"href":"https:\/\/arantv.az\/index.php?rest_route=%2Fwp%2Fv2%2Fmedia&parent=611261"}],"wp:term":[{"taxonomy":"category","embeddable":true,"href":"https:\/\/arantv.az\/index.php?rest_route=%2Fwp%2Fv2%2Fcategories&post=611261"},{"taxonomy":"post_tag","embeddable":true,"href":"https:\/\/arantv.az\/index.php?rest_route=%2Fwp%2Fv2%2Ftags&post=611261"}],"curies":[{"name":"wp","href":"https:\/\/api.w.org\/{rel}","templated":true}]}}