{"id":611307,"date":"2023-07-24T13:23:42","date_gmt":"2023-07-24T09:23:42","guid":{"rendered":"https:\/\/arantv.az\/?p=611307"},"modified":"2023-07-24T13:23:42","modified_gmt":"2023-07-24T09:23:42","slug":"goranboyda-%c9%99traf-muhitin-muhafiz%c9%99si-t%c9%99l%c9%99bl%c9%99ri-pozulduguna-gor%c9%99-v%c9%99zif%c9%99li-s%c9%99xs-c%c9%99rim%c9%99l%c9%99nib-foto","status":"publish","type":"post","link":"https:\/\/arantv.az\/?p=611307","title":{"rendered":"Goranboyda \u0259traf m\u00fchitin m\u00fchafiz\u0259si t\u0259l\u0259bl\u0259ri pozuldu\u011funa g\u00f6r\u0259 v\u0259zif\u0259li \u015f\u0259xs c\u0259rim\u0259l\u0259nib &#8211; FOTO"},"content":{"rendered":"<p>Sanitariya-gigiyena qaydalar\u0131n\u0131n pozulmas\u0131 hallar\u0131n\u0131n qar\u015f\u0131s\u0131n\u0131n al\u0131nmas\u0131, \u0259traf m\u00fchitin m\u00fchafiz\u0259sinin t\u0259mini m\u0259qs\u0259dil\u0259 Goranboy Rayon Polis \u015e\u00f6b\u0259sinin \u0259m\u0259kda\u015flar\u0131 t\u0259r\u0259find\u0259n n\u00f6vb\u0259ti t\u0259dbir ke\u00e7irilib.<\/p>\n<p>Bu bar\u0259d\u0259 Daxili \u0130\u015fl\u0259r Nazirliyinin M\u0259tbuat Xidm\u0259tinin G\u0259nc\u0259 regional qrupu m\u0259lumat yay\u0131b.<\/p>\n<p>Bildirilib ki, ke\u00e7iril\u0259n n\u0259zar\u0259t t\u0259dbiri zaman\u0131 rayonun bir ne\u00e7\u0259 k\u0259ndind\u0259 s\u0259naye v\u0259 m\u0259i\u015f\u0259t tullant\u0131lar\u0131n\u0131n qalaqlanmas\u0131, el\u0259c\u0259 d\u0259 yand\u0131r\u0131lmas\u0131 zaman\u0131 \u0259traf m\u00fchitin m\u00fchafiz\u0259si t\u0259l\u0259bl\u0259rin\u0259 \u0259m\u0259l edilm\u0259m\u0259si faktlar\u0131 a\u015fkar olunub. A\u015fkar olunmu\u015f faktlarla ba\u011fl\u0131 h\u0259min k\u0259ndl\u0259rin b\u0259l\u0259diyy\u0259 s\u0259drl\u0259ri bar\u0259sind\u0259 \u0130nzibati X\u0259talar M\u0259c\u0259ll\u0259sinin 271-ci (s\u0259naye v\u0259 m\u0259i\u015f\u0259t tullant\u0131lar\u0131n\u0131n qalaqlanmas\u0131 v\u0259 yand\u0131r\u0131lmas\u0131 zaman\u0131 \u0259traf m\u00fchitin m\u00fchafiz\u0259si t\u0259l\u0259bl\u0259rin\u0259 \u0259m\u0259l edilm\u0259m\u0259si) madd\u0259si il\u0259 protokol t\u0259rtib olunub v\u0259 o, inzibati m\u0259suliyy\u0259t\u0259 c\u0259lb edilib.<\/p>\n<p>&nbsp;<\/p>\n<div class=\"gallery\">\n<div class=\"gallery-i\"><img src=\"https:\/\/cdn.oxu.az\/uploads\/W1siZiIsIjIwMjMvMDcvMjQvMTIvMjMvMzQvN2ZlNDQ4OTAtNDFjOC00NzBmLThmMTItNGIwMmU5NzdiOGI1Lzk2Yzk5ZjZhLWZiMGQtNDM4My04MzdlLTUyMjBlYjcyZmYxMy5qcGVnIl0sWyJwIiwiZW5jb2RlIiwianBnIiwiLXF1YWxpdHkgODAiXSxbInAiLCJ0aHVtYiIsIjU5MHg1OTBcdTAwM2UiXV0?sha=9c63c5bd856d0e06\" alt=\"\" \/><\/div>\n<\/div>\n","protected":false},"excerpt":{"rendered":"<p>Sanitariya-gigiyena qaydalar\u0131n\u0131n pozulmas\u0131 hallar\u0131n\u0131n qar\u015f\u0131s\u0131n\u0131n al\u0131nmas\u0131, \u0259traf m\u00fchitin m\u00fchafiz\u0259sinin t\u0259mini m\u0259qs\u0259dil\u0259 Goranboy Rayon Polis \u015e\u00f6b\u0259sinin \u0259m\u0259kda\u015flar\u0131 t\u0259r\u0259find\u0259n n\u00f6vb\u0259ti t\u0259dbir ke\u00e7irilib. Bu bar\u0259d\u0259 Daxili \u0130\u015fl\u0259r Nazirliyinin M\u0259tbuat Xidm\u0259tinin G\u0259nc\u0259 regional qrupu m\u0259lumat yay\u0131b. Bildirilib ki, ke\u00e7iril\u0259n n\u0259zar\u0259t t\u0259dbiri zaman\u0131 rayonun bir ne\u00e7\u0259 k\u0259ndind\u0259 s\u0259naye v\u0259 m\u0259i\u015f\u0259t tullant\u0131lar\u0131n\u0131n qalaqlanmas\u0131, el\u0259c\u0259 d\u0259 yand\u0131r\u0131lmas\u0131 zaman\u0131 \u0259traf m\u00fchitin m\u00fchafiz\u0259si t\u0259l\u0259bl\u0259rin\u0259 \u0259m\u0259l edilm\u0259m\u0259si faktlar\u0131 a\u015fkar olunub. A\u015fkar olunmu\u015f faktlarla ba\u011fl\u0131 h\u0259min k\u0259ndl\u0259rin b\u0259l\u0259diyy\u0259 s\u0259drl\u0259ri bar\u0259sind\u0259 \u0130nzibati X\u0259talar M\u0259c\u0259ll\u0259sinin 271-ci (s\u0259naye v\u0259 m\u0259i\u015f\u0259t tullant\u0131lar\u0131n\u0131n qalaqlanmas\u0131 v\u0259 yand\u0131r\u0131lmas\u0131 zaman\u0131 \u0259traf m\u00fchitin m\u00fchafiz\u0259si t\u0259l\u0259bl\u0259rin\u0259 \u0259m\u0259l edilm\u0259m\u0259si) madd\u0259si il\u0259 protokol&hellip;<\/p>\n","protected":false},"author":2,"featured_media":611308,"comment_status":"closed","ping_status":"closed","sticky":false,"template":"","format":"standard","meta":{"om_disable_all_campaigns":false,"_monsterinsights_skip_tracking":false,"_monsterinsights_sitenote_active":false,"_monsterinsights_sitenote_note":"","_monsterinsights_sitenote_category":0},"categories":[1],"tags":[],"aioseo_notices":[],"gutentor_comment":0,"rttpg_featured_image_url":{"full":["https:\/\/arantv.az\/wp-content\/uploads\/2023\/07\/FotoJet-23.jpg",620,413,false],"landscape":["https:\/\/arantv.az\/wp-content\/uploads\/2023\/07\/FotoJet-23.jpg",620,413,false],"portraits":["https:\/\/arantv.az\/wp-content\/uploads\/2023\/07\/FotoJet-23.jpg",620,413,false],"thumbnail":["https:\/\/arantv.az\/wp-content\/uploads\/2023\/07\/FotoJet-23-500x280.jpg",500,280,true],"medium":["https:\/\/arantv.az\/wp-content\/uploads\/2023\/07\/FotoJet-23-548x365.jpg",548,365,true],"large":["https:\/\/arantv.az\/wp-content\/uploads\/2023\/07\/FotoJet-23.jpg",620,413,false],"1536x1536":["https:\/\/arantv.az\/wp-content\/uploads\/2023\/07\/FotoJet-23.jpg",620,413,false],"2048x2048":["https:\/\/arantv.az\/wp-content\/uploads\/2023\/07\/FotoJet-23.jpg",620,413,false],"post-thumbnail":["https:\/\/arantv.az\/wp-content\/uploads\/2023\/07\/FotoJet-23-240x172.jpg",240,172,true],"advps-thumb-one":["https:\/\/arantv.az\/wp-content\/uploads\/2023\/07\/FotoJet-23.jpg",620,413,false]},"rttpg_author":{"display_name":"V\u00fcsal Rafiqo\u011flu","author_link":"https:\/\/arantv.az\/?author=2"},"rttpg_comment":0,"rttpg_category":"<a href=\"https:\/\/arantv.az\/?cat=1\" rel=\"category\">C\u0259miyy\u0259t<\/a>","rttpg_excerpt":"Sanitariya-gigiyena qaydalar\u0131n\u0131n pozulmas\u0131 hallar\u0131n\u0131n qar\u015f\u0131s\u0131n\u0131n al\u0131nmas\u0131, \u0259traf m\u00fchitin m\u00fchafiz\u0259sinin t\u0259mini m\u0259qs\u0259dil\u0259 Goranboy Rayon Polis \u015e\u00f6b\u0259sinin \u0259m\u0259kda\u015flar\u0131 t\u0259r\u0259find\u0259n n\u00f6vb\u0259ti t\u0259dbir ke\u00e7irilib. Bu bar\u0259d\u0259 Daxili \u0130\u015fl\u0259r Nazirliyinin M\u0259tbuat Xidm\u0259tinin G\u0259nc\u0259 regional qrupu m\u0259lumat yay\u0131b. Bildirilib ki, ke\u00e7iril\u0259n n\u0259zar\u0259t t\u0259dbiri zaman\u0131 rayonun bir ne\u00e7\u0259 k\u0259ndind\u0259 s\u0259naye v\u0259 m\u0259i\u015f\u0259t tullant\u0131lar\u0131n\u0131n qalaqlanmas\u0131, el\u0259c\u0259 d\u0259 yand\u0131r\u0131lmas\u0131 zaman\u0131 \u0259traf m\u00fchitin m\u00fchafiz\u0259si t\u0259l\u0259bl\u0259rin\u0259&hellip;","_links":{"self":[{"href":"https:\/\/arantv.az\/index.php?rest_route=\/wp\/v2\/posts\/611307"}],"collection":[{"href":"https:\/\/arantv.az\/index.php?rest_route=\/wp\/v2\/posts"}],"about":[{"href":"https:\/\/arantv.az\/index.php?rest_route=\/wp\/v2\/types\/post"}],"author":[{"embeddable":true,"href":"https:\/\/arantv.az\/index.php?rest_route=\/wp\/v2\/users\/2"}],"replies":[{"embeddable":true,"href":"https:\/\/arantv.az\/index.php?rest_route=%2Fwp%2Fv2%2Fcomments&post=611307"}],"version-history":[{"count":0,"href":"https:\/\/arantv.az\/index.php?rest_route=\/wp\/v2\/posts\/611307\/revisions"}],"wp:featuredmedia":[{"embeddable":true,"href":"https:\/\/arantv.az\/index.php?rest_route=\/wp\/v2\/media\/611308"}],"wp:attachment":[{"href":"https:\/\/arantv.az\/index.php?rest_route=%2Fwp%2Fv2%2Fmedia&parent=611307"}],"wp:term":[{"taxonomy":"category","embeddable":true,"href":"https:\/\/arantv.az\/index.php?rest_route=%2Fwp%2Fv2%2Fcategories&post=611307"},{"taxonomy":"post_tag","embeddable":true,"href":"https:\/\/arantv.az\/index.php?rest_route=%2Fwp%2Fv2%2Ftags&post=611307"}],"curies":[{"name":"wp","href":"https:\/\/api.w.org\/{rel}","templated":true}]}}