{"id":611310,"date":"2023-07-24T13:24:25","date_gmt":"2023-07-24T09:24:25","guid":{"rendered":"https:\/\/arantv.az\/?p=611310"},"modified":"2023-07-24T13:24:25","modified_gmt":"2023-07-24T09:24:25","slug":"atu-nun-t%c9%99dris-c%c9%99rrahiyy%c9%99-klinikasina-yeni-direktor-t%c9%99yin-edilib-foto","status":"publish","type":"post","link":"https:\/\/arantv.az\/?p=611310","title":{"rendered":"ATU-nun T\u0259dris C\u0259rrahiyy\u0259 Klinikas\u0131na yeni direktor t\u0259yin edilib &#8211; FOTO"},"content":{"rendered":"<p>Az\u0259rbaycan Tibb Universitetinin (ATU) T\u0259dris C\u0259rrahiyy\u0259 Klinikas\u0131na yeni direktor t\u0259yin edilib.<\/p>\n<p><strong>ARANTV.AZ <\/strong>\u00a0x\u0259b\u0259r verir ki, S\u0259hiyy\u0259 Nazirliyinin Kollegiyas\u0131n\u0131n m\u00fcvafiq q\u0259rar\u0131 il\u0259 Cavid Nazim o\u011flu Pa\u015fayev Klinikan\u0131n direktoru v\u0259zif\u0259sin\u0259 t\u0259yin olunub.<\/p>\n<p>Qeyd ed\u0259k ki, Cavid Pa\u015fayev 2001-2007-ci ill\u0259rd\u0259 ATU-nun M\u00fcalic\u0259-profilaktika fak\u00fclt\u0259sind\u0259 m\u00fcalic\u0259 i\u015fi \u00fczr\u0259 t\u0259hsil al\u0131b. O, 2007-2008-ci ill\u0259rd\u0259 Kliniki Tibbi M\u0259rk\u0259zd\u0259 \u201cAnesteziologiya-reanimasiya\u201d ixtisas\u0131 \u00fczr\u0259 internatura ke\u00e7ib. 2009-2010-cu ill\u0259rd\u0259 Avrasiya Klinikas\u0131nda h\u0259kim-anestezioloq, 2011-2014-c\u00fc ill\u0259rd\u0259 is\u0259 M\u0259rk\u0259zi Neft\u00e7il\u0259r X\u0259st\u0259xanas\u0131nda h\u0259kim-anestezioloq-reanimatoloq olaraq \u00e7al\u0131\u015f\u0131b. Daha sonra C.Pa\u015fayev 2014-2021-ci ill\u0259rd\u0259 f\u0259aliyy\u0259tini ATU-nun Anesteziologiya-reanimasiya \u015f\u00f6b\u0259sinin m\u00fcdiri kimi davam etdirib. O, 2018-2021-ci ill\u0259rd\u0259 ATU-nun Anesteziologiya v\u0259 reanimasiya kafedras\u0131nda assistent, 2021-2022-ci ill\u0259rd\u0259 is\u0259 Bak\u0131 Sa\u011flaml\u0131q M\u0259rk\u0259zind\u0259 Ba\u015f h\u0259kimin m\u00fcavini, Anesteziologiya v\u0259 reanimasiya \u015f\u00f6b\u0259sinin m\u00fcdiri v\u0259zif\u0259l\u0259rind\u0259 \u00e7al\u0131\u015f\u0131b.<\/p>\n<p>2022-2023-c\u00fc ill\u0259rd\u0259 C.Pa\u015fayev \u201cYeni Klinika\u201dn\u0131n M\u00fcalic\u0259 i\u015fl\u0259ri \u00fczr\u0259 direktorunun birinci m\u00fcavini, direktor v\u0259zif\u0259sini icra edib.<\/p>\n<p>Az\u0259rbaycan Tibb Universitetinin T\u0259dris C\u0259rrahiyy\u0259 Klinikas\u0131n\u0131n yeni t\u0259yin olunmu\u015f direktoru bu g\u00fcn kollektiv\u0259 t\u0259qdim edilib.<\/p>\n<p>Xat\u0131rladaq ki, C.Pa\u015fayev k\u00f6n\u00fcll\u00fc olaraq V\u0259t\u0259n M\u00fcharib\u0259sind\u0259 yaralanan h\u0259rbi qulluq\u00e7ulara tibbi yard\u0131m g\u00f6st\u0259rilm\u0259sind\u0259 i\u015ftirak\u0131, eyni zamanda COVID-19 pandemiyas\u0131na qar\u015f\u0131 m\u00fcbariz\u0259d\u0259 xidm\u0259tl\u0259rin\u0259 g\u00f6r\u0259 \u201cF\u0259xri F\u0259rman\u201dla v\u0259 \u201cS\u0259hiyy\u0259 \u018fla\u00e7\u0131s\u0131\u201d d\u00f6\u015f ni\u015fan\u0131 il\u0259 t\u0259ltif olunub.<\/p>\n<p>&nbsp;<\/p>\n<div class=\"gallery\">\n<div class=\"gallery-i\"><img src=\"https:\/\/cdn.oxu.az\/uploads\/W1siZiIsIjIwMjMvMDcvMjQvMTMvMDQvNTkvZDc4MDNiZTYtYjNiNy00NjZlLWI0MDAtOTdkNWNhZjc1ZDNiLzY4OGE3MTkxLmpwZyJdLFsicCIsImVuY29kZSIsImpwZyIsIi1xdWFsaXR5IDgwIl0sWyJwIiwidGh1bWIiLCI1OTB4NTkwXHUwMDNlIl1d?sha=9a1cb293db85c46c\" \/><\/p>\n<div class=\"gallery-i-caption\"><\/div>\n<\/div>\n<div class=\"gallery-i\"><img src=\"https:\/\/cdn.oxu.az\/uploads\/W1siZiIsIjIwMjMvMDcvMjQvMTMvMDUvMjAvNTBmOTA4MjgtOWNiYi00NzJmLTg5OGUtODE3M2M1MTFmOGM0LzY4OGE3MTk1LmpwZyJdLFsicCIsImVuY29kZSIsImpwZyIsIi1xdWFsaXR5IDgwIl0sWyJwIiwidGh1bWIiLCI1OTB4NTkwXHUwMDNlIl1d?sha=55c380ac0b184772\" \/><\/p>\n<div class=\"gallery-i-caption\"><\/div>\n<\/div>\n<div class=\"gallery-i\"><img src=\"https:\/\/cdn.oxu.az\/uploads\/W1siZiIsIjIwMjMvMDcvMjQvMTMvMDUvMzAvZThkNDg4NGUtMTJlOS00MzNhLWI1NzctZGFmNmM1MTk5YWMwLzY4OGE3MjAxLmpwZyJdLFsicCIsImVuY29kZSIsImpwZyIsIi1xdWFsaXR5IDgwIl0sWyJwIiwidGh1bWIiLCI1OTB4NTkwXHUwMDNlIl1d?sha=c732e61033df5fc1\" \/><\/p>\n<div class=\"gallery-i-caption\"><\/div>\n<\/div>\n<div class=\"gallery-i\"><img src=\"https:\/\/cdn.oxu.az\/uploads\/W1siZiIsIjIwMjMvMDcvMjQvMTMvMDUvNDAvMTUxNzlmYjQtMzEyNy00YzRjLWEwMTMtNGI2YmE3NWRmYjFkLzY4OGE3MTk3LmpwZyJdLFsicCIsImVuY29kZSIsImpwZyIsIi1xdWFsaXR5IDgwIl0sWyJwIiwidGh1bWIiLCI1OTB4NTkwXHUwMDNlIl1d?sha=04a24e8971ba7484\" \/><\/div>\n<\/div>\n","protected":false},"excerpt":{"rendered":"<p>Az\u0259rbaycan Tibb Universitetinin (ATU) T\u0259dris C\u0259rrahiyy\u0259 Klinikas\u0131na yeni direktor t\u0259yin edilib. ARANTV.AZ \u00a0x\u0259b\u0259r verir ki, S\u0259hiyy\u0259 Nazirliyinin Kollegiyas\u0131n\u0131n m\u00fcvafiq q\u0259rar\u0131 il\u0259 Cavid Nazim o\u011flu Pa\u015fayev Klinikan\u0131n direktoru v\u0259zif\u0259sin\u0259 t\u0259yin olunub. Qeyd ed\u0259k ki, Cavid Pa\u015fayev 2001-2007-ci ill\u0259rd\u0259 ATU-nun M\u00fcalic\u0259-profilaktika fak\u00fclt\u0259sind\u0259 m\u00fcalic\u0259 i\u015fi \u00fczr\u0259 t\u0259hsil al\u0131b. O, 2007-2008-ci ill\u0259rd\u0259 Kliniki Tibbi M\u0259rk\u0259zd\u0259 \u201cAnesteziologiya-reanimasiya\u201d ixtisas\u0131 \u00fczr\u0259 internatura ke\u00e7ib. 2009-2010-cu ill\u0259rd\u0259 Avrasiya Klinikas\u0131nda h\u0259kim-anestezioloq, 2011-2014-c\u00fc ill\u0259rd\u0259 is\u0259 M\u0259rk\u0259zi Neft\u00e7il\u0259r X\u0259st\u0259xanas\u0131nda h\u0259kim-anestezioloq-reanimatoloq olaraq \u00e7al\u0131\u015f\u0131b. Daha sonra C.Pa\u015fayev 2014-2021-ci ill\u0259rd\u0259 f\u0259aliyy\u0259tini ATU-nun Anesteziologiya-reanimasiya \u015f\u00f6b\u0259sinin m\u00fcdiri kimi davam etdirib. O, 2018-2021-ci ill\u0259rd\u0259 ATU-nun Anesteziologiya v\u0259 reanimasiya&hellip;<\/p>\n","protected":false},"author":2,"featured_media":611311,"comment_status":"closed","ping_status":"closed","sticky":false,"template":"","format":"standard","meta":{"om_disable_all_campaigns":false,"_monsterinsights_skip_tracking":false,"_monsterinsights_sitenote_active":false,"_monsterinsights_sitenote_note":"","_monsterinsights_sitenote_category":0},"categories":[1],"tags":[],"aioseo_notices":[],"gutentor_comment":0,"rttpg_featured_image_url":{"full":["https:\/\/arantv.az\/wp-content\/uploads\/2023\/07\/FotoJet-2-7.jpg",620,413,false],"landscape":["https:\/\/arantv.az\/wp-content\/uploads\/2023\/07\/FotoJet-2-7.jpg",620,413,false],"portraits":["https:\/\/arantv.az\/wp-content\/uploads\/2023\/07\/FotoJet-2-7.jpg",620,413,false],"thumbnail":["https:\/\/arantv.az\/wp-content\/uploads\/2023\/07\/FotoJet-2-7-500x280.jpg",500,280,true],"medium":["https:\/\/arantv.az\/wp-content\/uploads\/2023\/07\/FotoJet-2-7-548x365.jpg",548,365,true],"large":["https:\/\/arantv.az\/wp-content\/uploads\/2023\/07\/FotoJet-2-7.jpg",620,413,false],"1536x1536":["https:\/\/arantv.az\/wp-content\/uploads\/2023\/07\/FotoJet-2-7.jpg",620,413,false],"2048x2048":["https:\/\/arantv.az\/wp-content\/uploads\/2023\/07\/FotoJet-2-7.jpg",620,413,false],"post-thumbnail":["https:\/\/arantv.az\/wp-content\/uploads\/2023\/07\/FotoJet-2-7-240x172.jpg",240,172,true],"advps-thumb-one":["https:\/\/arantv.az\/wp-content\/uploads\/2023\/07\/FotoJet-2-7.jpg",620,413,false]},"rttpg_author":{"display_name":"V\u00fcsal Rafiqo\u011flu","author_link":"https:\/\/arantv.az\/?author=2"},"rttpg_comment":0,"rttpg_category":"<a href=\"https:\/\/arantv.az\/?cat=1\" rel=\"category\">C\u0259miyy\u0259t<\/a>","rttpg_excerpt":"Az\u0259rbaycan Tibb Universitetinin (ATU) T\u0259dris C\u0259rrahiyy\u0259 Klinikas\u0131na yeni direktor t\u0259yin edilib. ARANTV.AZ \u00a0x\u0259b\u0259r verir ki, S\u0259hiyy\u0259 Nazirliyinin Kollegiyas\u0131n\u0131n m\u00fcvafiq q\u0259rar\u0131 il\u0259 Cavid Nazim o\u011flu Pa\u015fayev Klinikan\u0131n direktoru v\u0259zif\u0259sin\u0259 t\u0259yin olunub. Qeyd ed\u0259k ki, Cavid Pa\u015fayev 2001-2007-ci ill\u0259rd\u0259 ATU-nun M\u00fcalic\u0259-profilaktika fak\u00fclt\u0259sind\u0259 m\u00fcalic\u0259 i\u015fi \u00fczr\u0259 t\u0259hsil al\u0131b. O, 2007-2008-ci ill\u0259rd\u0259 Kliniki Tibbi M\u0259rk\u0259zd\u0259 \u201cAnesteziologiya-reanimasiya\u201d ixtisas\u0131 \u00fczr\u0259 internatura&hellip;","_links":{"self":[{"href":"https:\/\/arantv.az\/index.php?rest_route=\/wp\/v2\/posts\/611310"}],"collection":[{"href":"https:\/\/arantv.az\/index.php?rest_route=\/wp\/v2\/posts"}],"about":[{"href":"https:\/\/arantv.az\/index.php?rest_route=\/wp\/v2\/types\/post"}],"author":[{"embeddable":true,"href":"https:\/\/arantv.az\/index.php?rest_route=\/wp\/v2\/users\/2"}],"replies":[{"embeddable":true,"href":"https:\/\/arantv.az\/index.php?rest_route=%2Fwp%2Fv2%2Fcomments&post=611310"}],"version-history":[{"count":0,"href":"https:\/\/arantv.az\/index.php?rest_route=\/wp\/v2\/posts\/611310\/revisions"}],"wp:featuredmedia":[{"embeddable":true,"href":"https:\/\/arantv.az\/index.php?rest_route=\/wp\/v2\/media\/611311"}],"wp:attachment":[{"href":"https:\/\/arantv.az\/index.php?rest_route=%2Fwp%2Fv2%2Fmedia&parent=611310"}],"wp:term":[{"taxonomy":"category","embeddable":true,"href":"https:\/\/arantv.az\/index.php?rest_route=%2Fwp%2Fv2%2Fcategories&post=611310"},{"taxonomy":"post_tag","embeddable":true,"href":"https:\/\/arantv.az\/index.php?rest_route=%2Fwp%2Fv2%2Ftags&post=611310"}],"curies":[{"name":"wp","href":"https:\/\/api.w.org\/{rel}","templated":true}]}}