{"id":611876,"date":"2023-07-25T15:08:23","date_gmt":"2023-07-25T11:08:23","guid":{"rendered":"https:\/\/arantv.az\/?p=611876"},"modified":"2023-07-25T15:08:23","modified_gmt":"2023-07-25T11:08:23","slug":"fhn-%c9%99haliy%c9%99-muraci%c9%99t-etdi-3","status":"publish","type":"post","link":"https:\/\/arantv.az\/?p=611876","title":{"rendered":"FHN \u0259haliy\u0259 m\u00fcraci\u0259t etdi"},"content":{"rendered":"<p>F\u00f6vq\u0259lad\u0259 Hallar Nazirliyi (FHN) b\u0259zi yan\u011f\u0131n t\u0259hl\u00fck\u0259sizliyi qaydalar\u0131 il\u0259 \u0259laq\u0259dar \u0259haliy\u0259 m\u00fcraci\u0259t edib.<\/p>\n<p>Nazirlikd\u0259n bildirilib ki, h\u0259yata ke\u00e7iril\u0259n k\u00fctl\u0259vi maarifl\u0259ndirm\u0259 i\u015fl\u0259rin\u0259, o c\u00fcml\u0259d\u0259n edil\u0259n m\u00fcraci\u0259tl\u0259r\u0259, \u0259kin\u00e7ilik f\u0259aliyy\u0259ti il\u0259 m\u0259\u015f\u011ful olan fermer v\u0259 t\u0259s\u0259rr\u00fcfat sahibl\u0259ri il\u0259 m\u00fct\u0259madi olaraq ke\u00e7iril\u0259n maarifl\u0259ndirici xarakterli g\u00f6r\u00fc\u015fl\u0259r\u0259 baxmayaraq, yen\u0259 d\u0259 bir s\u0131ra yan\u011f\u0131n t\u0259hl\u00fck\u0259sizliyi qaydalar\u0131na etinas\u0131z m\u00fcnasib\u0259t m\u00fc\u015fahid\u0259 olunmaqdad\u0131r.<\/p>\n<p>Qeyd edilib ki, icras\u0131 sad\u0259 olan h\u0259min t\u0259hl\u00fck\u0259sizlik qaydalar\u0131na bel\u0259 m\u00fcnasib\u0259t is\u0259 sonda ac\u0131 n\u0259tic\u0259l\u0259r\u0259 g\u0259tirib \u00e7\u0131xar\u0131r:<\/p>\n<p>\u201cSon zamanlar me\u015f\u0259 v\u0259 me\u015f\u0259\u0259traf\u0131 \u0259razil\u0259rd\u0259 ba\u015f ver\u0259n yan\u011f\u0131nlarla \u0259laq\u0259dar apar\u0131lan t\u0259hlill\u0259r bu yan\u011f\u0131nlar\u0131n bir s\u0131ra hallarda me\u015f\u0259 massivi il\u0259 \u0259kin sah\u0259l\u0259ri aras\u0131nda \u015fumlama yolu il\u0259 t\u0259hl\u00fck\u0259sizlik zolaqlar\u0131n\u0131n yarad\u0131lmamas\u0131 il\u0259 ba\u011fl\u0131 oldu\u011funu dem\u0259y\u0259 \u0259sas verir. Bel\u0259 ki, qanunvericiliy\u0259 uy\u011fun olaraq \u0259kin sah\u0259l\u0259ri il\u0259 me\u015f\u0259 zola\u011f\u0131 aras\u0131nda eni 4 metrd\u0259n az olmamaqla \u015fumlama apar\u0131lmal\u0131d\u0131r ki, bu da \u0259kin sah\u0259sind\u0259 h\u0259r hans\u0131 s\u0259b\u0259bd\u0259n ba\u015f ver\u0259n yan\u011f\u0131n\u0131n geni\u015fl\u0259n\u0259r\u0259k me\u015f\u0259y\u0259 ke\u00e7m\u0259sinin qar\u015f\u0131s\u0131n\u0131 al\u0131r\u201d.<\/p>\n<p>FHN qeyd olunanlarla ba\u011fl\u0131 bir daha \u0259kin\u00e7ilik f\u0259aliyy\u0259ti il\u0259 m\u0259\u015f\u011ful olan \u015f\u0259xsl\u0259r\u0259, o c\u00fcml\u0259d\u0259n fermer v\u0259 t\u0259s\u0259rr\u00fcfat sahibl\u0259rin\u0259 m\u00fcraci\u0259t ed\u0259r\u0259k \u0259kin sah\u0259l\u0259rinin \u0259traf\u0131nda eni 4 metrd\u0259n az olmamaqla mineral zola\u011f\u0131n yarad\u0131lmas\u0131n\u0131n qanunvericilikl\u0259 t\u0259l\u0259b olundu\u011funu v\u0259 bu t\u0259l\u0259bin icra olunmamas\u0131n\u0131n h\u00fcquqi m\u0259suliyy\u0259t yaratd\u0131\u011fn\u0131 xat\u0131rlad\u0131b.<\/p>\n","protected":false},"excerpt":{"rendered":"<p>F\u00f6vq\u0259lad\u0259 Hallar Nazirliyi (FHN) b\u0259zi yan\u011f\u0131n t\u0259hl\u00fck\u0259sizliyi qaydalar\u0131 il\u0259 \u0259laq\u0259dar \u0259haliy\u0259 m\u00fcraci\u0259t edib. Nazirlikd\u0259n bildirilib ki, h\u0259yata ke\u00e7iril\u0259n k\u00fctl\u0259vi maarifl\u0259ndirm\u0259 i\u015fl\u0259rin\u0259, o c\u00fcml\u0259d\u0259n edil\u0259n m\u00fcraci\u0259tl\u0259r\u0259, \u0259kin\u00e7ilik f\u0259aliyy\u0259ti il\u0259 m\u0259\u015f\u011ful olan fermer v\u0259 t\u0259s\u0259rr\u00fcfat sahibl\u0259ri il\u0259 m\u00fct\u0259madi olaraq ke\u00e7iril\u0259n maarifl\u0259ndirici xarakterli g\u00f6r\u00fc\u015fl\u0259r\u0259 baxmayaraq, yen\u0259 d\u0259 bir s\u0131ra yan\u011f\u0131n t\u0259hl\u00fck\u0259sizliyi qaydalar\u0131na etinas\u0131z m\u00fcnasib\u0259t m\u00fc\u015fahid\u0259 olunmaqdad\u0131r. Qeyd edilib ki, icras\u0131 sad\u0259 olan h\u0259min t\u0259hl\u00fck\u0259sizlik qaydalar\u0131na bel\u0259 m\u00fcnasib\u0259t is\u0259 sonda ac\u0131 n\u0259tic\u0259l\u0259r\u0259 g\u0259tirib \u00e7\u0131xar\u0131r: \u201cSon zamanlar me\u015f\u0259 v\u0259 me\u015f\u0259\u0259traf\u0131 \u0259razil\u0259rd\u0259 ba\u015f ver\u0259n yan\u011f\u0131nlarla \u0259laq\u0259dar apar\u0131lan t\u0259hlill\u0259r bu yan\u011f\u0131nlar\u0131n bir s\u0131ra hallarda me\u015f\u0259 massivi il\u0259&hellip;<\/p>\n","protected":false},"author":2,"featured_media":269638,"comment_status":"closed","ping_status":"closed","sticky":false,"template":"","format":"standard","meta":{"om_disable_all_campaigns":false,"_monsterinsights_skip_tracking":false,"_monsterinsights_sitenote_active":false,"_monsterinsights_sitenote_note":"","_monsterinsights_sitenote_category":0},"categories":[1],"tags":[],"aioseo_notices":[],"gutentor_comment":0,"rttpg_featured_image_url":{"full":["https:\/\/arantv.az\/wp-content\/uploads\/2021\/01\/fhn-id-e1592051048296.jpg",620,336,false],"landscape":["https:\/\/arantv.az\/wp-content\/uploads\/2021\/01\/fhn-id-e1592051048296.jpg",620,336,false],"portraits":["https:\/\/arantv.az\/wp-content\/uploads\/2021\/01\/fhn-id-e1592051048296.jpg",620,336,false],"thumbnail":["https:\/\/arantv.az\/wp-content\/uploads\/2021\/01\/fhn-id-e1592051048296-150x150.jpg",150,150,true],"medium":["https:\/\/arantv.az\/wp-content\/uploads\/2021\/01\/fhn-id-e1592051048296-300x163.jpg",300,163,true],"large":["https:\/\/arantv.az\/wp-content\/uploads\/2021\/01\/fhn-id-e1592051048296.jpg",620,336,false],"1536x1536":["https:\/\/arantv.az\/wp-content\/uploads\/2021\/01\/fhn-id-e1592051048296.jpg",620,336,false],"2048x2048":["https:\/\/arantv.az\/wp-content\/uploads\/2021\/01\/fhn-id-e1592051048296.jpg",620,336,false],"post-thumbnail":["https:\/\/arantv.az\/wp-content\/uploads\/2021\/01\/fhn-id-e1592051048296-240x172.jpg",240,172,true],"advps-thumb-one":["https:\/\/arantv.az\/wp-content\/uploads\/2021\/01\/fhn-id-e1592051048296.jpg",620,336,false]},"rttpg_author":{"display_name":"V\u00fcsal Rafiqo\u011flu","author_link":"https:\/\/arantv.az\/?author=2"},"rttpg_comment":0,"rttpg_category":"<a href=\"https:\/\/arantv.az\/?cat=1\" rel=\"category\">C\u0259miyy\u0259t<\/a>","rttpg_excerpt":"F\u00f6vq\u0259lad\u0259 Hallar Nazirliyi (FHN) b\u0259zi yan\u011f\u0131n t\u0259hl\u00fck\u0259sizliyi qaydalar\u0131 il\u0259 \u0259laq\u0259dar \u0259haliy\u0259 m\u00fcraci\u0259t edib. Nazirlikd\u0259n bildirilib ki, h\u0259yata ke\u00e7iril\u0259n k\u00fctl\u0259vi maarifl\u0259ndirm\u0259 i\u015fl\u0259rin\u0259, o c\u00fcml\u0259d\u0259n edil\u0259n m\u00fcraci\u0259tl\u0259r\u0259, \u0259kin\u00e7ilik f\u0259aliyy\u0259ti il\u0259 m\u0259\u015f\u011ful olan fermer v\u0259 t\u0259s\u0259rr\u00fcfat sahibl\u0259ri il\u0259 m\u00fct\u0259madi olaraq ke\u00e7iril\u0259n maarifl\u0259ndirici xarakterli g\u00f6r\u00fc\u015fl\u0259r\u0259 baxmayaraq, yen\u0259 d\u0259 bir s\u0131ra yan\u011f\u0131n t\u0259hl\u00fck\u0259sizliyi qaydalar\u0131na etinas\u0131z m\u00fcnasib\u0259t m\u00fc\u015fahid\u0259 olunmaqdad\u0131r. Qeyd edilib&hellip;","_links":{"self":[{"href":"https:\/\/arantv.az\/index.php?rest_route=\/wp\/v2\/posts\/611876"}],"collection":[{"href":"https:\/\/arantv.az\/index.php?rest_route=\/wp\/v2\/posts"}],"about":[{"href":"https:\/\/arantv.az\/index.php?rest_route=\/wp\/v2\/types\/post"}],"author":[{"embeddable":true,"href":"https:\/\/arantv.az\/index.php?rest_route=\/wp\/v2\/users\/2"}],"replies":[{"embeddable":true,"href":"https:\/\/arantv.az\/index.php?rest_route=%2Fwp%2Fv2%2Fcomments&post=611876"}],"version-history":[{"count":0,"href":"https:\/\/arantv.az\/index.php?rest_route=\/wp\/v2\/posts\/611876\/revisions"}],"wp:featuredmedia":[{"embeddable":true,"href":"https:\/\/arantv.az\/index.php?rest_route=\/wp\/v2\/media\/269638"}],"wp:attachment":[{"href":"https:\/\/arantv.az\/index.php?rest_route=%2Fwp%2Fv2%2Fmedia&parent=611876"}],"wp:term":[{"taxonomy":"category","embeddable":true,"href":"https:\/\/arantv.az\/index.php?rest_route=%2Fwp%2Fv2%2Fcategories&post=611876"},{"taxonomy":"post_tag","embeddable":true,"href":"https:\/\/arantv.az\/index.php?rest_route=%2Fwp%2Fv2%2Ftags&post=611876"}],"curies":[{"name":"wp","href":"https:\/\/api.w.org\/{rel}","templated":true}]}}