{"id":612423,"date":"2023-07-26T16:36:47","date_gmt":"2023-07-26T12:36:47","guid":{"rendered":"https:\/\/arantv.az\/?p=612423"},"modified":"2023-07-26T16:36:47","modified_gmt":"2023-07-26T12:36:47","slug":"yuks%c9%99lis-musabiq%c9%99sinin-qalibl%c9%99rinin-mukafatlandirilmasi-m%c9%99rasimi-bas-tutub","status":"publish","type":"post","link":"https:\/\/arantv.az\/?p=612423","title":{"rendered":"\u201cY\u00fcks\u0259li\u015f\u201d m\u00fcsabiq\u0259sinin qalibl\u0259rinin m\u00fckafatland\u0131r\u0131lmas\u0131 m\u0259rasimi ba\u015f tutub"},"content":{"rendered":"<p>ADA Universitetind\u0259 \u201cY\u00fcks\u0259li\u015f\u201d m\u00fcsabiq\u0259si qalibl\u0259rinin m\u00fckafatland\u0131r\u0131lmas\u0131 m\u0259rasimi ba\u015f tutub.<\/p>\n<p><strong>ARANTV.AZ<\/strong>-\u0131n m\u0259lumat\u0131na g\u00f6r\u0259, t\u0259ltifetm\u0259 m\u0259rasimi \u201cY\u00fcks\u0259li\u015f\u201d m\u00fcsabiq\u0259sinin t\u0259sis olunmas\u0131n\u0131n d\u00f6rd illiyi m\u00fcnasib\u0259til\u0259 ke\u00e7irilib.<\/p>\n<p>T\u0259dbird\u0259 m\u00fcsabiq\u0259nin T\u0259\u015fkilat Komit\u0259sinin s\u0259dri, Prezident Administrasiyas\u0131n\u0131n Humanitar siyas\u0259t, diaspor, multikulturalizm v\u0259 dini m\u0259s\u0259l\u0259l\u0259r \u015f\u00f6b\u0259sinin m\u00fcdiri F\u0259r\u0259h \u018fliyeva, elm v\u0259 t\u0259hsil naziri Emin \u018fmrullayev, D\u0130M-in Direktorlar \u015euras\u0131n\u0131n s\u0259dri M\u0259leyk\u0259 Abbaszad\u0259, iqtisadiyyat nazirinin m\u00fcavini Sahib \u018fl\u0259kb\u0259rov, \u201cY\u00fcks\u0259li\u015f\u201d m\u00fcsabiq\u0259sinin \u0130\u015f\u00e7i Qrupunun r\u0259hb\u0259ri, g\u0259ncl\u0259r v\u0259 idman nazirinin m\u00fcavini F\u0259rhad Hac\u0131yev i\u015ftirak edibl\u0259r.<\/p>\n<p>R\u0259smi qonaqlar \u00e7\u0131x\u0131\u015flar\u0131nda qalibl\u0259ri t\u0259brik ed\u0259r\u0259k onlara g\u0259l\u0259c\u0259k f\u0259aliyy\u0259tl\u0259rind\u0259 u\u011furlar arzulay\u0131blar.<\/p>\n<p>Onlar m\u00fcsabiq\u0259nin u\u011furlu t\u0259\u015fkili bar\u0259d\u0259 dan\u0131\u015f\u0131b, \u00fc\u00e7\u00fcnc\u00fc d\u0259f\u0259 ba\u015f tutan \u201cY\u00fcks\u0259li\u015f\u201d m\u00fcsabiq\u0259sinin yeni n\u0259sil idar\u0259\u00e7il\u0259rin a\u015fkara \u00e7\u0131xar\u0131lmas\u0131 v\u0259 formala\u015fmas\u0131nda oynad\u0131\u011f\u0131 \u0259h\u0259miyy\u0259tli rolu vur\u011fulay\u0131b, m\u00fcasir idar\u0259\u00e7iliyin t\u0259l\u0259bl\u0259rin\u0259 v\u0259 r\u0259qab\u0259tli insan kapital\u0131n\u0131n \u00f6n\u0259min\u0259 diqq\u0259t \u00e7\u0259kibl\u0259r.<\/p>\n<p>\u00dc\u00e7\u00fcnc\u00fc \u201cY\u00fcks\u0259li\u015f\u201d m\u00fcsabiq\u0259sinin 22 qalibi diplomla t\u0259ltif edilibl\u0259r.<\/p>\n<p>\u201cY\u00fcks\u0259li\u015f\u201d m\u00fcsabiq\u0259sinin 22 qalibini 1 il \u0259rzind\u0259 idar\u0259\u00e7i r\u0259hb\u0259rl\u0259rd\u0259n \u2013 b\u00f6y\u00fck \u015firk\u0259tl\u0259rin top-menecerl\u0259rind\u0259n v\u0259 d\u00f6vl\u0259t orqanlar\u0131n\u0131n r\u0259hb\u0259rl\u0259rind\u0259n f\u0259rdi karyera m\u0259sl\u0259h\u0259tl\u0259ri almaq imkan\u0131, kadr ehtiyat\u0131 bank\u0131na daxil edilm\u0259 v\u0259 20 000 AZN d\u0259y\u0259rind\u0259 pul m\u00fckafat\u0131 g\u00f6zl\u0259yir.<\/p>\n<p>M\u0259lumat \u00fc\u00e7\u00fcn bildir\u0259k ki, \u201cY\u00fcks\u0259li\u015f\u201d m\u00fcsabiq\u0259si Prezident \u0130lham \u018fliyevin 26 iyul 2019-cu il tarixind\u0259 imzalad\u0131\u011f\u0131 S\u0259r\u0259ncamla t\u0259sis olunub. M\u00fcsabiq\u0259 5 m\u0259rh\u0259l\u0259d\u0259n &#8211; qeydiyyat, onlayn se\u00e7im, \u0259yani, yar\u0131mfinal v\u0259 finaldan ibar\u0259tdir.<\/p>\n<p>Qeyd ed\u0259k ki, \u00fc\u00e7\u00fcnc\u00fc \u201cY\u00fcks\u0259li\u015f\u201d m\u00fcsabiq\u0259sinin ke\u00e7irilm\u0259si il\u0259 ba\u011fl\u0131 Az\u0259rbaycan Prezidenti t\u0259r\u0259find\u0259n 20 dekabr 2022-ci il tarixind\u0259 S\u0259r\u0259ncam imzalan\u0131b.<\/p>\n","protected":false},"excerpt":{"rendered":"<p>ADA Universitetind\u0259 \u201cY\u00fcks\u0259li\u015f\u201d m\u00fcsabiq\u0259si qalibl\u0259rinin m\u00fckafatland\u0131r\u0131lmas\u0131 m\u0259rasimi ba\u015f tutub. ARANTV.AZ-\u0131n m\u0259lumat\u0131na g\u00f6r\u0259, t\u0259ltifetm\u0259 m\u0259rasimi \u201cY\u00fcks\u0259li\u015f\u201d m\u00fcsabiq\u0259sinin t\u0259sis olunmas\u0131n\u0131n d\u00f6rd illiyi m\u00fcnasib\u0259til\u0259 ke\u00e7irilib. T\u0259dbird\u0259 m\u00fcsabiq\u0259nin T\u0259\u015fkilat Komit\u0259sinin s\u0259dri, Prezident Administrasiyas\u0131n\u0131n Humanitar siyas\u0259t, diaspor, multikulturalizm v\u0259 dini m\u0259s\u0259l\u0259l\u0259r \u015f\u00f6b\u0259sinin m\u00fcdiri F\u0259r\u0259h \u018fliyeva, elm v\u0259 t\u0259hsil naziri Emin \u018fmrullayev, D\u0130M-in Direktorlar \u015euras\u0131n\u0131n s\u0259dri M\u0259leyk\u0259 Abbaszad\u0259, iqtisadiyyat nazirinin m\u00fcavini Sahib \u018fl\u0259kb\u0259rov, \u201cY\u00fcks\u0259li\u015f\u201d m\u00fcsabiq\u0259sinin \u0130\u015f\u00e7i Qrupunun r\u0259hb\u0259ri, g\u0259ncl\u0259r v\u0259 idman nazirinin m\u00fcavini F\u0259rhad Hac\u0131yev i\u015ftirak edibl\u0259r. R\u0259smi qonaqlar \u00e7\u0131x\u0131\u015flar\u0131nda qalibl\u0259ri t\u0259brik ed\u0259r\u0259k onlara g\u0259l\u0259c\u0259k f\u0259aliyy\u0259tl\u0259rind\u0259 u\u011furlar arzulay\u0131blar. Onlar m\u00fcsabiq\u0259nin u\u011furlu t\u0259\u015fkili bar\u0259d\u0259 dan\u0131\u015f\u0131b, \u00fc\u00e7\u00fcnc\u00fc d\u0259f\u0259&hellip;<\/p>\n","protected":false},"author":2,"featured_media":612424,"comment_status":"closed","ping_status":"closed","sticky":false,"template":"","format":"standard","meta":{"om_disable_all_campaigns":false,"_monsterinsights_skip_tracking":false,"_monsterinsights_sitenote_active":false,"_monsterinsights_sitenote_note":"","_monsterinsights_sitenote_category":0},"categories":[19],"tags":[],"aioseo_notices":[],"gutentor_comment":0,"rttpg_featured_image_url":{"full":["https:\/\/arantv.az\/wp-content\/uploads\/2023\/07\/64b7d6d19027c64b7d6d19027d1689769681e8f89f09cdbe129116bc77d1281b2260.jpg",620,413,false],"landscape":["https:\/\/arantv.az\/wp-content\/uploads\/2023\/07\/64b7d6d19027c64b7d6d19027d1689769681e8f89f09cdbe129116bc77d1281b2260.jpg",620,413,false],"portraits":["https:\/\/arantv.az\/wp-content\/uploads\/2023\/07\/64b7d6d19027c64b7d6d19027d1689769681e8f89f09cdbe129116bc77d1281b2260.jpg",620,413,false],"thumbnail":["https:\/\/arantv.az\/wp-content\/uploads\/2023\/07\/64b7d6d19027c64b7d6d19027d1689769681e8f89f09cdbe129116bc77d1281b2260-500x280.jpg",500,280,true],"medium":["https:\/\/arantv.az\/wp-content\/uploads\/2023\/07\/64b7d6d19027c64b7d6d19027d1689769681e8f89f09cdbe129116bc77d1281b2260-548x365.jpg",548,365,true],"large":["https:\/\/arantv.az\/wp-content\/uploads\/2023\/07\/64b7d6d19027c64b7d6d19027d1689769681e8f89f09cdbe129116bc77d1281b2260.jpg",620,413,false],"1536x1536":["https:\/\/arantv.az\/wp-content\/uploads\/2023\/07\/64b7d6d19027c64b7d6d19027d1689769681e8f89f09cdbe129116bc77d1281b2260.jpg",620,413,false],"2048x2048":["https:\/\/arantv.az\/wp-content\/uploads\/2023\/07\/64b7d6d19027c64b7d6d19027d1689769681e8f89f09cdbe129116bc77d1281b2260.jpg",620,413,false],"post-thumbnail":["https:\/\/arantv.az\/wp-content\/uploads\/2023\/07\/64b7d6d19027c64b7d6d19027d1689769681e8f89f09cdbe129116bc77d1281b2260-240x172.jpg",240,172,true],"advps-thumb-one":["https:\/\/arantv.az\/wp-content\/uploads\/2023\/07\/64b7d6d19027c64b7d6d19027d1689769681e8f89f09cdbe129116bc77d1281b2260.jpg",620,413,false]},"rttpg_author":{"display_name":"V\u00fcsal Rafiqo\u011flu","author_link":"https:\/\/arantv.az\/?author=2"},"rttpg_comment":0,"rttpg_category":"<a href=\"https:\/\/arantv.az\/?cat=19\" rel=\"category\">G\u00fcnd\u0259m<\/a>","rttpg_excerpt":"ADA Universitetind\u0259 \u201cY\u00fcks\u0259li\u015f\u201d m\u00fcsabiq\u0259si qalibl\u0259rinin m\u00fckafatland\u0131r\u0131lmas\u0131 m\u0259rasimi ba\u015f tutub. ARANTV.AZ-\u0131n m\u0259lumat\u0131na g\u00f6r\u0259, t\u0259ltifetm\u0259 m\u0259rasimi \u201cY\u00fcks\u0259li\u015f\u201d m\u00fcsabiq\u0259sinin t\u0259sis olunmas\u0131n\u0131n d\u00f6rd illiyi m\u00fcnasib\u0259til\u0259 ke\u00e7irilib. T\u0259dbird\u0259 m\u00fcsabiq\u0259nin T\u0259\u015fkilat Komit\u0259sinin s\u0259dri, Prezident Administrasiyas\u0131n\u0131n Humanitar siyas\u0259t, diaspor, multikulturalizm v\u0259 dini m\u0259s\u0259l\u0259l\u0259r \u015f\u00f6b\u0259sinin m\u00fcdiri F\u0259r\u0259h \u018fliyeva, elm v\u0259 t\u0259hsil naziri Emin \u018fmrullayev, D\u0130M-in Direktorlar \u015euras\u0131n\u0131n s\u0259dri M\u0259leyk\u0259 Abbaszad\u0259, iqtisadiyyat nazirinin m\u00fcavini&hellip;","_links":{"self":[{"href":"https:\/\/arantv.az\/index.php?rest_route=\/wp\/v2\/posts\/612423"}],"collection":[{"href":"https:\/\/arantv.az\/index.php?rest_route=\/wp\/v2\/posts"}],"about":[{"href":"https:\/\/arantv.az\/index.php?rest_route=\/wp\/v2\/types\/post"}],"author":[{"embeddable":true,"href":"https:\/\/arantv.az\/index.php?rest_route=\/wp\/v2\/users\/2"}],"replies":[{"embeddable":true,"href":"https:\/\/arantv.az\/index.php?rest_route=%2Fwp%2Fv2%2Fcomments&post=612423"}],"version-history":[{"count":0,"href":"https:\/\/arantv.az\/index.php?rest_route=\/wp\/v2\/posts\/612423\/revisions"}],"wp:featuredmedia":[{"embeddable":true,"href":"https:\/\/arantv.az\/index.php?rest_route=\/wp\/v2\/media\/612424"}],"wp:attachment":[{"href":"https:\/\/arantv.az\/index.php?rest_route=%2Fwp%2Fv2%2Fmedia&parent=612423"}],"wp:term":[{"taxonomy":"category","embeddable":true,"href":"https:\/\/arantv.az\/index.php?rest_route=%2Fwp%2Fv2%2Fcategories&post=612423"},{"taxonomy":"post_tag","embeddable":true,"href":"https:\/\/arantv.az\/index.php?rest_route=%2Fwp%2Fv2%2Ftags&post=612423"}],"curies":[{"name":"wp","href":"https:\/\/api.w.org\/{rel}","templated":true}]}}