{"id":612443,"date":"2023-07-26T16:41:33","date_gmt":"2023-07-26T12:41:33","guid":{"rendered":"https:\/\/arantv.az\/?p=612443"},"modified":"2023-07-26T16:41:33","modified_gmt":"2023-07-26T12:41:33","slug":"bagca-direktoru-olmaq-ucun-3-illik-staj-v%c9%99-ali-pedaqoji-t%c9%99hsil-%c9%99sas-s%c9%99rtdir","status":"publish","type":"post","link":"https:\/\/arantv.az\/?p=612443","title":{"rendered":"Ba\u011f\u00e7a direktoru olmaq \u00fc\u00e7\u00fcn 3 illik staj v\u0259 ali pedaqoji t\u0259hsil \u0259sas \u015f\u0259rtdir"},"content":{"rendered":"<p>Bu il m\u0259kt\u0259b\u0259q\u0259d\u0259r t\u0259hsil m\u00fc\u0259ssis\u0259l\u0259rin\u0259 direktor v\u0259zif\u0259si ilk d\u0259f\u0259 m\u00fcsabiq\u0259 yolu il\u0259 se\u00e7il\u0259c\u0259k.<\/p>\n<p><strong>ARANTV.AZ x\u0259b\u0259r verir ki, <\/strong>bu bar\u0259d\u0259 Elm v\u0259 T\u0259hsil Nazirliyinin M\u0259kt\u0259b\u0259q\u0259d\u0259r t\u0259hsilin t\u0259\u015fkili v\u0259 idar\u0259olunmas\u0131 sektorunun m\u00fcdiri \u0130lah\u0259 R\u0259sulova bildirib.<\/p>\n<p>Onun s\u00f6zl\u0259rin\u0259 g\u00f6r\u0259, ba\u011f\u00e7a direktorunda h\u0259m idar\u0259etm\u0259, h\u0259m oradak\u0131 t\u0259rbiy\u0259\u00e7i m\u00fc\u0259lliml\u0259r\u0259 olan t\u00f6vsiy\u0259, valideynl\u0259rl\u0259 \u0259m\u0259kda\u015fl\u0131q m\u00fch\u00fcm m\u0259qamlard\u0131r: \u201cM\u0259kt\u0259b\u0259q\u0259d\u0259r t\u0259hsil m\u00fc\u0259ssis\u0259l\u0259rinin direktorlar\u0131nda m\u00fctl\u0259q bu meyarlara cavab ver\u0259n x\u00fcsusiyy\u0259tl\u0259r olmal\u0131d\u0131r. M\u00fcsabiq\u0259 test v\u0259 m\u00fcsahib\u0259 m\u0259rh\u0259l\u0259sind\u0259n ibar\u0259t olacaq\u201d.<\/p>\n<p>T\u0259hsil \u0130nstitutunun \u0130nsan Resurslar\u0131 M\u0259rk\u0259zinin direktoru Nurlan \u0130smay\u0131lb\u0259yli is\u0259 qeyd edib ki, ba\u011f\u00e7a direktoru olmaq \u00fc\u00e7\u00fcn 3 illik staj v\u0259 ali pedaqoji t\u0259hsilli olmaq \u0259sas \u015f\u0259rtdir: \u201cVakant v\u0259zif\u0259l\u0259r elan olunacaq. Prosesl\u0259rd\u0259 \u0259vv\u0259lc\u0259 yaln\u0131z haz\u0131rda m\u0259kt\u0259b\u0259q\u0259d\u0259r t\u0259hsil m\u00fc\u0259ssis\u0259l\u0259rind\u0259 i\u015fl\u0259y\u0259nl\u0259rin m\u00fcsabiq\u0259y\u0259 burax\u0131lmas\u0131 n\u0259z\u0259rd\u0259 tutulub. \u00dcmumilikd\u0259 60 sual \u00fc\u00e7\u00fcn 120 d\u0259qiq\u0259 vaxt veril\u0259c\u0259k. H\u0259r bir sual 1 balla qiym\u0259tl\u0259ndirilir. Yanl\u0131\u015f cavab v\u0259 ya cavabland\u0131r\u0131lmayan suallar qiym\u0259t\u0259 t\u0259sir etm\u0259y\u0259c\u0259k. Test imtahan\u0131 \u00fc\u00e7\u00fcn 4 meyar var. H\u0259r meyar \u00fczr\u0259 minimum 5 bal t\u0259l\u0259bi var. 30 v\u0259 yuxar\u0131 bal toplayanlar m\u00fcsahib\u0259y\u0259 burax\u0131lacaq. Regional T\u0259hsil \u0130dar\u0259l\u0259ri t\u0259r\u0259find\u0259n m\u00fcsahib\u0259 m\u0259rh\u0259l\u0259si t\u0259\u015fkil olunacaq. N\u00f6vb\u0259ti h\u0259ft\u0259nin \u0259vv\u0259lind\u0259 vakant yerl\u0259rin namiz\u0259dl\u0259r\u0259 t\u0259qdim olunmas\u0131 v\u0259 elektron m\u00fcraci\u0259t q\u0259bulu n\u0259z\u0259rd\u0259 tutulub\u201d.<\/p>\n","protected":false},"excerpt":{"rendered":"<p>Bu il m\u0259kt\u0259b\u0259q\u0259d\u0259r t\u0259hsil m\u00fc\u0259ssis\u0259l\u0259rin\u0259 direktor v\u0259zif\u0259si ilk d\u0259f\u0259 m\u00fcsabiq\u0259 yolu il\u0259 se\u00e7il\u0259c\u0259k. ARANTV.AZ x\u0259b\u0259r verir ki, bu bar\u0259d\u0259 Elm v\u0259 T\u0259hsil Nazirliyinin M\u0259kt\u0259b\u0259q\u0259d\u0259r t\u0259hsilin t\u0259\u015fkili v\u0259 idar\u0259olunmas\u0131 sektorunun m\u00fcdiri \u0130lah\u0259 R\u0259sulova bildirib. Onun s\u00f6zl\u0259rin\u0259 g\u00f6r\u0259, ba\u011f\u00e7a direktorunda h\u0259m idar\u0259etm\u0259, h\u0259m oradak\u0131 t\u0259rbiy\u0259\u00e7i m\u00fc\u0259lliml\u0259r\u0259 olan t\u00f6vsiy\u0259, valideynl\u0259rl\u0259 \u0259m\u0259kda\u015fl\u0131q m\u00fch\u00fcm m\u0259qamlard\u0131r: \u201cM\u0259kt\u0259b\u0259q\u0259d\u0259r t\u0259hsil m\u00fc\u0259ssis\u0259l\u0259rinin direktorlar\u0131nda m\u00fctl\u0259q bu meyarlara cavab ver\u0259n x\u00fcsusiyy\u0259tl\u0259r olmal\u0131d\u0131r. M\u00fcsabiq\u0259 test v\u0259 m\u00fcsahib\u0259 m\u0259rh\u0259l\u0259sind\u0259n ibar\u0259t olacaq\u201d. T\u0259hsil \u0130nstitutunun \u0130nsan Resurslar\u0131 M\u0259rk\u0259zinin direktoru Nurlan \u0130smay\u0131lb\u0259yli is\u0259 qeyd edib ki, ba\u011f\u00e7a direktoru olmaq \u00fc\u00e7\u00fcn 3 illik staj v\u0259 ali pedaqoji&hellip;<\/p>\n","protected":false},"author":2,"featured_media":612444,"comment_status":"closed","ping_status":"closed","sticky":false,"template":"","format":"standard","meta":{"om_disable_all_campaigns":false,"_monsterinsights_skip_tracking":false,"_monsterinsights_sitenote_active":false,"_monsterinsights_sitenote_note":"","_monsterinsights_sitenote_category":0},"categories":[1],"tags":[],"aioseo_notices":[],"gutentor_comment":0,"rttpg_featured_image_url":{"full":["https:\/\/arantv.az\/wp-content\/uploads\/2023\/07\/1ef03ed0169037488745133295810978819.jpg",975,540,false],"landscape":["https:\/\/arantv.az\/wp-content\/uploads\/2023\/07\/1ef03ed0169037488745133295810978819.jpg",975,540,false],"portraits":["https:\/\/arantv.az\/wp-content\/uploads\/2023\/07\/1ef03ed0169037488745133295810978819.jpg",975,540,false],"thumbnail":["https:\/\/arantv.az\/wp-content\/uploads\/2023\/07\/1ef03ed0169037488745133295810978819-500x280.jpg",500,280,true],"medium":["https:\/\/arantv.az\/wp-content\/uploads\/2023\/07\/1ef03ed0169037488745133295810978819-660x365.jpg",660,365,true],"large":["https:\/\/arantv.az\/wp-content\/uploads\/2023\/07\/1ef03ed0169037488745133295810978819-840x465.jpg",640,354,true],"1536x1536":["https:\/\/arantv.az\/wp-content\/uploads\/2023\/07\/1ef03ed0169037488745133295810978819.jpg",975,540,false],"2048x2048":["https:\/\/arantv.az\/wp-content\/uploads\/2023\/07\/1ef03ed0169037488745133295810978819.jpg",975,540,false],"post-thumbnail":["https:\/\/arantv.az\/wp-content\/uploads\/2023\/07\/1ef03ed0169037488745133295810978819-240x172.jpg",240,172,true],"advps-thumb-one":["https:\/\/arantv.az\/wp-content\/uploads\/2023\/07\/1ef03ed0169037488745133295810978819.jpg",975,540,false]},"rttpg_author":{"display_name":"V\u00fcsal Rafiqo\u011flu","author_link":"https:\/\/arantv.az\/?author=2"},"rttpg_comment":0,"rttpg_category":"<a href=\"https:\/\/arantv.az\/?cat=1\" rel=\"category\">C\u0259miyy\u0259t<\/a>","rttpg_excerpt":"Bu il m\u0259kt\u0259b\u0259q\u0259d\u0259r t\u0259hsil m\u00fc\u0259ssis\u0259l\u0259rin\u0259 direktor v\u0259zif\u0259si ilk d\u0259f\u0259 m\u00fcsabiq\u0259 yolu il\u0259 se\u00e7il\u0259c\u0259k. ARANTV.AZ x\u0259b\u0259r verir ki, bu bar\u0259d\u0259 Elm v\u0259 T\u0259hsil Nazirliyinin M\u0259kt\u0259b\u0259q\u0259d\u0259r t\u0259hsilin t\u0259\u015fkili v\u0259 idar\u0259olunmas\u0131 sektorunun m\u00fcdiri \u0130lah\u0259 R\u0259sulova bildirib. Onun s\u00f6zl\u0259rin\u0259 g\u00f6r\u0259, ba\u011f\u00e7a direktorunda h\u0259m idar\u0259etm\u0259, h\u0259m oradak\u0131 t\u0259rbiy\u0259\u00e7i m\u00fc\u0259lliml\u0259r\u0259 olan t\u00f6vsiy\u0259, valideynl\u0259rl\u0259 \u0259m\u0259kda\u015fl\u0131q m\u00fch\u00fcm m\u0259qamlard\u0131r: \u201cM\u0259kt\u0259b\u0259q\u0259d\u0259r t\u0259hsil m\u00fc\u0259ssis\u0259l\u0259rinin direktorlar\u0131nda m\u00fctl\u0259q&hellip;","_links":{"self":[{"href":"https:\/\/arantv.az\/index.php?rest_route=\/wp\/v2\/posts\/612443"}],"collection":[{"href":"https:\/\/arantv.az\/index.php?rest_route=\/wp\/v2\/posts"}],"about":[{"href":"https:\/\/arantv.az\/index.php?rest_route=\/wp\/v2\/types\/post"}],"author":[{"embeddable":true,"href":"https:\/\/arantv.az\/index.php?rest_route=\/wp\/v2\/users\/2"}],"replies":[{"embeddable":true,"href":"https:\/\/arantv.az\/index.php?rest_route=%2Fwp%2Fv2%2Fcomments&post=612443"}],"version-history":[{"count":0,"href":"https:\/\/arantv.az\/index.php?rest_route=\/wp\/v2\/posts\/612443\/revisions"}],"wp:featuredmedia":[{"embeddable":true,"href":"https:\/\/arantv.az\/index.php?rest_route=\/wp\/v2\/media\/612444"}],"wp:attachment":[{"href":"https:\/\/arantv.az\/index.php?rest_route=%2Fwp%2Fv2%2Fmedia&parent=612443"}],"wp:term":[{"taxonomy":"category","embeddable":true,"href":"https:\/\/arantv.az\/index.php?rest_route=%2Fwp%2Fv2%2Fcategories&post=612443"},{"taxonomy":"post_tag","embeddable":true,"href":"https:\/\/arantv.az\/index.php?rest_route=%2Fwp%2Fv2%2Ftags&post=612443"}],"curies":[{"name":"wp","href":"https:\/\/api.w.org\/{rel}","templated":true}]}}