{"id":612450,"date":"2023-07-26T16:43:13","date_gmt":"2023-07-26T12:43:13","guid":{"rendered":"https:\/\/arantv.az\/?p=612450"},"modified":"2023-07-26T16:43:13","modified_gmt":"2023-07-26T12:43:13","slug":"bagca-secimi-ucun-vaxt-aciqlanib","status":"publish","type":"post","link":"https:\/\/arantv.az\/?p=612450","title":{"rendered":"Ba\u011f\u00e7a se\u00e7imi \u00fc\u00e7\u00fcn vaxt a\u00e7\u0131qlan\u0131b"},"content":{"rendered":"<p>Ke\u00e7\u0259n t\u0259dris ilind\u0259n m\u0259kt\u0259b\u0259q\u0259d\u0259r t\u0259hsil m\u00fc\u0259ssis\u0259l\u0259rin\u0259 u\u015faqlar\u0131n q\u0259bulu elektron formada h\u0259yata ke\u00e7irilir. D\u00fcn\u0259nd\u0259n ba\u015flayaraq \u00f6lk\u0259 \u00fczr\u0259 valideynl\u0259r elektron kabinet yaratma\u011fa ba\u015flay\u0131blar.<\/p>\n<p><strong>ARANTV.AZ\u00a0 x\u0259b\u0259r verir ki, <\/strong>bunu Elm v\u0259 T\u0259hsil Nazirliyinin M\u0259kt\u0259b\u0259q\u0259d\u0259r t\u0259hsilin t\u0259\u015fkili v\u0259 idar\u0259olunmas\u0131 sektorunun m\u00fcdiri \u0130lah\u0259 R\u0259sulova bildirib.<\/p>\n<p>\u201cD\u00fcn\u0259nd\u0259n yaln\u0131z kabinet yaratma\u011fa ba\u015flan\u0131l\u0131b. Kabinet yarad\u0131ld\u0131qdan sonra avqustun 1-d\u0259 regionlar, 8-d\u0259 is\u0259 Bak\u0131 \u00fczr\u0259 q\u0259bul ba\u015flayacaq\u201d, &#8211; o qeyd edib.<\/p>\n<p>\u0130lah\u0259 R\u0259sulova qeyd edib ki, ba\u011f\u00e7a se\u00e7imi \u00fc\u00e7\u00fcn valideynl\u0259r elektron kabinetd\u0259 \u00fc\u00e7 m\u0259kt\u0259b\u0259q\u0259d\u0259r t\u0259hsil m\u00fc\u0259ssis\u0259si se\u00e7\u0259 bil\u0259r:<\/p>\n<p>\u201cSe\u00e7dikl\u0259ri ba\u011f\u00e7alarda o ya\u015f qrupu \u00fczr\u0259 yer olanda minimum 5 g\u00fcn \u0259rzind\u0259 valideynin n\u00f6mr\u0259sin\u0259 SMS g\u0259lir. Ba\u011f\u00e7alara q\u0259bulla ba\u011fl\u0131 elektron sistem 1-15 sentyabrda komplektl\u0259\u015fdirm\u0259y\u0259 g\u00f6r\u0259 m\u00fcv\u0259qq\u0259ti olaraq ba\u011flanacaq. Sentyabr\u0131n 15-d\u0259n sonra is\u0259 ilboyu a\u00e7\u0131q olacaq\u201d.<\/p>\n","protected":false},"excerpt":{"rendered":"<p>Ke\u00e7\u0259n t\u0259dris ilind\u0259n m\u0259kt\u0259b\u0259q\u0259d\u0259r t\u0259hsil m\u00fc\u0259ssis\u0259l\u0259rin\u0259 u\u015faqlar\u0131n q\u0259bulu elektron formada h\u0259yata ke\u00e7irilir. D\u00fcn\u0259nd\u0259n ba\u015flayaraq \u00f6lk\u0259 \u00fczr\u0259 valideynl\u0259r elektron kabinet yaratma\u011fa ba\u015flay\u0131blar. ARANTV.AZ\u00a0 x\u0259b\u0259r verir ki, bunu Elm v\u0259 T\u0259hsil Nazirliyinin M\u0259kt\u0259b\u0259q\u0259d\u0259r t\u0259hsilin t\u0259\u015fkili v\u0259 idar\u0259olunmas\u0131 sektorunun m\u00fcdiri \u0130lah\u0259 R\u0259sulova bildirib. \u201cD\u00fcn\u0259nd\u0259n yaln\u0131z kabinet yaratma\u011fa ba\u015flan\u0131l\u0131b. Kabinet yarad\u0131ld\u0131qdan sonra avqustun 1-d\u0259 regionlar, 8-d\u0259 is\u0259 Bak\u0131 \u00fczr\u0259 q\u0259bul ba\u015flayacaq\u201d, &#8211; o qeyd edib. \u0130lah\u0259 R\u0259sulova qeyd edib ki, ba\u011f\u00e7a se\u00e7imi \u00fc\u00e7\u00fcn valideynl\u0259r elektron kabinetd\u0259 \u00fc\u00e7 m\u0259kt\u0259b\u0259q\u0259d\u0259r t\u0259hsil m\u00fc\u0259ssis\u0259si se\u00e7\u0259 bil\u0259r: \u201cSe\u00e7dikl\u0259ri ba\u011f\u00e7alarda o ya\u015f qrupu \u00fczr\u0259 yer olanda minimum 5 g\u00fcn \u0259rzind\u0259&hellip;<\/p>\n","protected":false},"author":2,"featured_media":612451,"comment_status":"closed","ping_status":"closed","sticky":false,"template":"","format":"standard","meta":{"om_disable_all_campaigns":false,"_monsterinsights_skip_tracking":false,"_monsterinsights_sitenote_active":false,"_monsterinsights_sitenote_note":"","_monsterinsights_sitenote_category":0},"categories":[1],"tags":[],"aioseo_notices":[],"gutentor_comment":0,"rttpg_featured_image_url":{"full":["https:\/\/arantv.az\/wp-content\/uploads\/2023\/07\/0b9b6d6d159041613322092121010947803.jpg",975,540,false],"landscape":["https:\/\/arantv.az\/wp-content\/uploads\/2023\/07\/0b9b6d6d159041613322092121010947803.jpg",975,540,false],"portraits":["https:\/\/arantv.az\/wp-content\/uploads\/2023\/07\/0b9b6d6d159041613322092121010947803.jpg",975,540,false],"thumbnail":["https:\/\/arantv.az\/wp-content\/uploads\/2023\/07\/0b9b6d6d159041613322092121010947803-500x280.jpg",500,280,true],"medium":["https:\/\/arantv.az\/wp-content\/uploads\/2023\/07\/0b9b6d6d159041613322092121010947803-660x365.jpg",660,365,true],"large":["https:\/\/arantv.az\/wp-content\/uploads\/2023\/07\/0b9b6d6d159041613322092121010947803-840x465.jpg",640,354,true],"1536x1536":["https:\/\/arantv.az\/wp-content\/uploads\/2023\/07\/0b9b6d6d159041613322092121010947803.jpg",975,540,false],"2048x2048":["https:\/\/arantv.az\/wp-content\/uploads\/2023\/07\/0b9b6d6d159041613322092121010947803.jpg",975,540,false],"post-thumbnail":["https:\/\/arantv.az\/wp-content\/uploads\/2023\/07\/0b9b6d6d159041613322092121010947803-240x172.jpg",240,172,true],"advps-thumb-one":["https:\/\/arantv.az\/wp-content\/uploads\/2023\/07\/0b9b6d6d159041613322092121010947803.jpg",975,540,false]},"rttpg_author":{"display_name":"V\u00fcsal Rafiqo\u011flu","author_link":"https:\/\/arantv.az\/?author=2"},"rttpg_comment":0,"rttpg_category":"<a href=\"https:\/\/arantv.az\/?cat=1\" rel=\"category\">C\u0259miyy\u0259t<\/a>","rttpg_excerpt":"Ke\u00e7\u0259n t\u0259dris ilind\u0259n m\u0259kt\u0259b\u0259q\u0259d\u0259r t\u0259hsil m\u00fc\u0259ssis\u0259l\u0259rin\u0259 u\u015faqlar\u0131n q\u0259bulu elektron formada h\u0259yata ke\u00e7irilir. D\u00fcn\u0259nd\u0259n ba\u015flayaraq \u00f6lk\u0259 \u00fczr\u0259 valideynl\u0259r elektron kabinet yaratma\u011fa ba\u015flay\u0131blar. ARANTV.AZ\u00a0 x\u0259b\u0259r verir ki, bunu Elm v\u0259 T\u0259hsil Nazirliyinin M\u0259kt\u0259b\u0259q\u0259d\u0259r t\u0259hsilin t\u0259\u015fkili v\u0259 idar\u0259olunmas\u0131 sektorunun m\u00fcdiri \u0130lah\u0259 R\u0259sulova bildirib. \u201cD\u00fcn\u0259nd\u0259n yaln\u0131z kabinet yaratma\u011fa ba\u015flan\u0131l\u0131b. Kabinet yarad\u0131ld\u0131qdan sonra avqustun 1-d\u0259 regionlar, 8-d\u0259 is\u0259 Bak\u0131 \u00fczr\u0259&hellip;","_links":{"self":[{"href":"https:\/\/arantv.az\/index.php?rest_route=\/wp\/v2\/posts\/612450"}],"collection":[{"href":"https:\/\/arantv.az\/index.php?rest_route=\/wp\/v2\/posts"}],"about":[{"href":"https:\/\/arantv.az\/index.php?rest_route=\/wp\/v2\/types\/post"}],"author":[{"embeddable":true,"href":"https:\/\/arantv.az\/index.php?rest_route=\/wp\/v2\/users\/2"}],"replies":[{"embeddable":true,"href":"https:\/\/arantv.az\/index.php?rest_route=%2Fwp%2Fv2%2Fcomments&post=612450"}],"version-history":[{"count":0,"href":"https:\/\/arantv.az\/index.php?rest_route=\/wp\/v2\/posts\/612450\/revisions"}],"wp:featuredmedia":[{"embeddable":true,"href":"https:\/\/arantv.az\/index.php?rest_route=\/wp\/v2\/media\/612451"}],"wp:attachment":[{"href":"https:\/\/arantv.az\/index.php?rest_route=%2Fwp%2Fv2%2Fmedia&parent=612450"}],"wp:term":[{"taxonomy":"category","embeddable":true,"href":"https:\/\/arantv.az\/index.php?rest_route=%2Fwp%2Fv2%2Fcategories&post=612450"},{"taxonomy":"post_tag","embeddable":true,"href":"https:\/\/arantv.az\/index.php?rest_route=%2Fwp%2Fv2%2Ftags&post=612450"}],"curies":[{"name":"wp","href":"https:\/\/api.w.org\/{rel}","templated":true}]}}