{"id":612454,"date":"2023-07-26T16:44:07","date_gmt":"2023-07-26T12:44:07","guid":{"rendered":"https:\/\/arantv.az\/?p=612454"},"modified":"2023-07-26T16:44:07","modified_gmt":"2023-07-26T12:44:07","slug":"az%c9%99rbaycan-hindistani-erm%c9%99nistani-silahlandirmamaga-cagirib","status":"publish","type":"post","link":"https:\/\/arantv.az\/?p=612454","title":{"rendered":"Az\u0259rbaycan Hindistan\u0131 Erm\u0259nistan\u0131 silahland\u0131rmama\u011fa \u00e7a\u011f\u0131r\u0131b"},"content":{"rendered":"<p>\u0130yulun 26-da Az\u0259rbaycan Respublikas\u0131 Prezidentinin k\u00f6m\u0259k\u00e7isi-Az\u0259rbaycan Respublikas\u0131 Prezidenti Administrasiyas\u0131n\u0131n Xarici siyas\u0259t m\u0259s\u0259l\u0259l\u0259ri \u015f\u00f6b\u0259sinin m\u00fcdiri Hikm\u0259t Hac\u0131yev Hindistan\u0131n \u00f6lk\u0259mizd\u0259ki f\u00f6vq\u0259lad\u0259 v\u0259 s\u0259lahiyy\u0259tli s\u0259firi Sridharan Madhusudhanan il\u0259 g\u00f6r\u00fc\u015f\u00fcb.<\/p>\n<p><strong>ARANTV.AZ<\/strong>\u00a0x\u0259b\u0259r verir ki, g\u00f6r\u00fc\u015fd\u0259 Hikm\u0259t Hac\u0131yev Erm\u0259nistan il\u0259 Hindistan aras\u0131nda h\u0259rbi \u0259m\u0259kda\u015fl\u0131\u011f\u0131n d\u0259rinl\u0259\u015fm\u0259si v\u0259 bu x\u00fcsusda son g\u00fcnl\u0259r mediada Hindistan istehsal\u0131 olan silah sisteml\u0259rinin \u0130ran vasit\u0259sil\u0259 Erm\u0259nistana da\u015f\u0131nmas\u0131 bar\u0259d\u0259 foto v\u0259 videolar\u0131n yay\u0131lmas\u0131n\u0131n Az\u0259rbaycan t\u0259r\u0259find\u0259 narahatl\u0131q do\u011furdu\u011funu bildirib.<\/p>\n<p>Prezident Administrasiyas\u0131n\u0131n r\u0259smisi vur\u011fulay\u0131b ki, Az\u0259rbaycan\u0131n Erm\u0259nistanla s\u00fclh sazi\u015fi \u00fczr\u0259 dan\u0131\u015f\u0131qlar apard\u0131\u011f\u0131 bir vaxtda Hindistan\u0131n bu \u00f6lk\u0259y\u0259 \u00f6ld\u00fcr\u00fcc\u00fc silahlar t\u0259dar\u00fck etm\u0259si Erm\u0259nistan\u0131n militarizasiyas\u0131na v\u0259 v\u0259ziyy\u0259tin g\u0259rginl\u0259\u015fm\u0259sin\u0259 yol a\u00e7\u0131r v\u0259 C\u0259nubi Qafqaz regionunda davaml\u0131 s\u00fclh\u00fcn v\u0259 t\u0259hl\u00fck\u0259sizliyin b\u0259rq\u0259rar olmas\u0131na mane\u0259l\u0259r t\u00f6r\u0259dir.<\/p>\n<p>Bu, h\u0259m d\u0259 Hindistan\u0131n \u00f6z\u00fcn\u00fcn b\u0259yan etdiyi beyn\u0259lxalq h\u00fcququn norma v\u0259 prinsipl\u0259rin\u0259 \u0259saslanan xarici siyas\u0259ti, el\u0259c\u0259 d\u0259 bu \u00f6lk\u0259nin d\u0259 t\u0259msil olundu\u011fu Qo\u015fulmama H\u0259r\u0259kat\u0131n\u0131n tarixi \u201cBandunq prinsipl\u0259ri\u201d il\u0259 uy\u011fun g\u0259lmir.<\/p>\n<p>Hikm\u0259t Hac\u0131yev Hindistan s\u0259firini Az\u0259rbaycan t\u0259r\u0259finin ciddi narahatl\u0131\u011f\u0131n\u0131n r\u0259smi Dehlinin diqq\u0259tin\u0259 \u00e7atd\u0131rma\u011fa v\u0259 Hindistan\u0131 Erm\u0259nistana \u00f6ld\u00fcr\u00fcc\u00fc silahlar\u0131n t\u0259dar\u00fck\u00fc il\u0259 ba\u011fl\u0131 q\u0259rar\u0131n\u0131 bir daha n\u0259z\u0259rd\u0259n ke\u00e7irm\u0259y\u0259 \u00e7a\u011f\u0131r\u0131b.<\/p>\n<p>Hindistan s\u0259firi Az\u0259rbaycan t\u0259r\u0259finin qald\u0131rd\u0131\u011f\u0131 m\u0259qam\u0131n aidiyy\u0259ti \u00fczr\u0259 \u00e7atd\u0131r\u0131laca\u011f\u0131n\u0131 bildirib v\u0259 ikit\u0259r\u0259fli m\u00fcnasib\u0259tl\u0259rd\u0259 narahatl\u0131q do\u011furan m\u0259s\u0259l\u0259l\u0259rin m\u00fczakir\u0259si \u00fc\u00e7\u00fcn iki \u00f6lk\u0259 aras\u0131nda dialoqun apar\u0131lmas\u0131n\u0131n vacibliyini qeyd edib.<\/p>\n<p>Hikm\u0259t Hac\u0131yev Az\u0259rbaycan\u0131n Hindistan il\u0259 dialoqa h\u0259r zaman a\u00e7\u0131q oldu\u011funu bildirib.<\/p>\n","protected":false},"excerpt":{"rendered":"<p>\u0130yulun 26-da Az\u0259rbaycan Respublikas\u0131 Prezidentinin k\u00f6m\u0259k\u00e7isi-Az\u0259rbaycan Respublikas\u0131 Prezidenti Administrasiyas\u0131n\u0131n Xarici siyas\u0259t m\u0259s\u0259l\u0259l\u0259ri \u015f\u00f6b\u0259sinin m\u00fcdiri Hikm\u0259t Hac\u0131yev Hindistan\u0131n \u00f6lk\u0259mizd\u0259ki f\u00f6vq\u0259lad\u0259 v\u0259 s\u0259lahiyy\u0259tli s\u0259firi Sridharan Madhusudhanan il\u0259 g\u00f6r\u00fc\u015f\u00fcb. ARANTV.AZ\u00a0x\u0259b\u0259r verir ki, g\u00f6r\u00fc\u015fd\u0259 Hikm\u0259t Hac\u0131yev Erm\u0259nistan il\u0259 Hindistan aras\u0131nda h\u0259rbi \u0259m\u0259kda\u015fl\u0131\u011f\u0131n d\u0259rinl\u0259\u015fm\u0259si v\u0259 bu x\u00fcsusda son g\u00fcnl\u0259r mediada Hindistan istehsal\u0131 olan silah sisteml\u0259rinin \u0130ran vasit\u0259sil\u0259 Erm\u0259nistana da\u015f\u0131nmas\u0131 bar\u0259d\u0259 foto v\u0259 videolar\u0131n yay\u0131lmas\u0131n\u0131n Az\u0259rbaycan t\u0259r\u0259find\u0259 narahatl\u0131q do\u011furdu\u011funu bildirib. Prezident Administrasiyas\u0131n\u0131n r\u0259smisi vur\u011fulay\u0131b ki, Az\u0259rbaycan\u0131n Erm\u0259nistanla s\u00fclh sazi\u015fi \u00fczr\u0259 dan\u0131\u015f\u0131qlar apard\u0131\u011f\u0131 bir vaxtda Hindistan\u0131n bu \u00f6lk\u0259y\u0259 \u00f6ld\u00fcr\u00fcc\u00fc silahlar t\u0259dar\u00fck etm\u0259si Erm\u0259nistan\u0131n militarizasiyas\u0131na v\u0259 v\u0259ziyy\u0259tin g\u0259rginl\u0259\u015fm\u0259sin\u0259&hellip;<\/p>\n","protected":false},"author":2,"featured_media":612455,"comment_status":"closed","ping_status":"closed","sticky":false,"template":"","format":"standard","meta":{"om_disable_all_campaigns":false,"_monsterinsights_skip_tracking":false,"_monsterinsights_sitenote_active":false,"_monsterinsights_sitenote_note":"","_monsterinsights_sitenote_category":0},"categories":[19],"tags":[],"aioseo_notices":[],"gutentor_comment":0,"rttpg_featured_image_url":{"full":["https:\/\/arantv.az\/wp-content\/uploads\/2023\/07\/3db98ed42514b39557cc1130015eceef.jpg",870,500,false],"landscape":["https:\/\/arantv.az\/wp-content\/uploads\/2023\/07\/3db98ed42514b39557cc1130015eceef.jpg",870,500,false],"portraits":["https:\/\/arantv.az\/wp-content\/uploads\/2023\/07\/3db98ed42514b39557cc1130015eceef.jpg",870,500,false],"thumbnail":["https:\/\/arantv.az\/wp-content\/uploads\/2023\/07\/3db98ed42514b39557cc1130015eceef-500x280.jpg",500,280,true],"medium":["https:\/\/arantv.az\/wp-content\/uploads\/2023\/07\/3db98ed42514b39557cc1130015eceef-635x365.jpg",635,365,true],"large":["https:\/\/arantv.az\/wp-content\/uploads\/2023\/07\/3db98ed42514b39557cc1130015eceef-840x483.jpg",640,368,true],"1536x1536":["https:\/\/arantv.az\/wp-content\/uploads\/2023\/07\/3db98ed42514b39557cc1130015eceef.jpg",870,500,false],"2048x2048":["https:\/\/arantv.az\/wp-content\/uploads\/2023\/07\/3db98ed42514b39557cc1130015eceef.jpg",870,500,false],"post-thumbnail":["https:\/\/arantv.az\/wp-content\/uploads\/2023\/07\/3db98ed42514b39557cc1130015eceef-240x172.jpg",240,172,true],"advps-thumb-one":["https:\/\/arantv.az\/wp-content\/uploads\/2023\/07\/3db98ed42514b39557cc1130015eceef.jpg",870,500,false]},"rttpg_author":{"display_name":"V\u00fcsal Rafiqo\u011flu","author_link":"https:\/\/arantv.az\/?author=2"},"rttpg_comment":0,"rttpg_category":"<a href=\"https:\/\/arantv.az\/?cat=19\" rel=\"category\">G\u00fcnd\u0259m<\/a>","rttpg_excerpt":"\u0130yulun 26-da Az\u0259rbaycan Respublikas\u0131 Prezidentinin k\u00f6m\u0259k\u00e7isi-Az\u0259rbaycan Respublikas\u0131 Prezidenti Administrasiyas\u0131n\u0131n Xarici siyas\u0259t m\u0259s\u0259l\u0259l\u0259ri \u015f\u00f6b\u0259sinin m\u00fcdiri Hikm\u0259t Hac\u0131yev Hindistan\u0131n \u00f6lk\u0259mizd\u0259ki f\u00f6vq\u0259lad\u0259 v\u0259 s\u0259lahiyy\u0259tli s\u0259firi Sridharan Madhusudhanan il\u0259 g\u00f6r\u00fc\u015f\u00fcb. ARANTV.AZ\u00a0x\u0259b\u0259r verir ki, g\u00f6r\u00fc\u015fd\u0259 Hikm\u0259t Hac\u0131yev Erm\u0259nistan il\u0259 Hindistan aras\u0131nda h\u0259rbi \u0259m\u0259kda\u015fl\u0131\u011f\u0131n d\u0259rinl\u0259\u015fm\u0259si v\u0259 bu x\u00fcsusda son g\u00fcnl\u0259r mediada Hindistan istehsal\u0131 olan silah sisteml\u0259rinin \u0130ran vasit\u0259sil\u0259 Erm\u0259nistana da\u015f\u0131nmas\u0131 bar\u0259d\u0259&hellip;","_links":{"self":[{"href":"https:\/\/arantv.az\/index.php?rest_route=\/wp\/v2\/posts\/612454"}],"collection":[{"href":"https:\/\/arantv.az\/index.php?rest_route=\/wp\/v2\/posts"}],"about":[{"href":"https:\/\/arantv.az\/index.php?rest_route=\/wp\/v2\/types\/post"}],"author":[{"embeddable":true,"href":"https:\/\/arantv.az\/index.php?rest_route=\/wp\/v2\/users\/2"}],"replies":[{"embeddable":true,"href":"https:\/\/arantv.az\/index.php?rest_route=%2Fwp%2Fv2%2Fcomments&post=612454"}],"version-history":[{"count":0,"href":"https:\/\/arantv.az\/index.php?rest_route=\/wp\/v2\/posts\/612454\/revisions"}],"wp:featuredmedia":[{"embeddable":true,"href":"https:\/\/arantv.az\/index.php?rest_route=\/wp\/v2\/media\/612455"}],"wp:attachment":[{"href":"https:\/\/arantv.az\/index.php?rest_route=%2Fwp%2Fv2%2Fmedia&parent=612454"}],"wp:term":[{"taxonomy":"category","embeddable":true,"href":"https:\/\/arantv.az\/index.php?rest_route=%2Fwp%2Fv2%2Fcategories&post=612454"},{"taxonomy":"post_tag","embeddable":true,"href":"https:\/\/arantv.az\/index.php?rest_route=%2Fwp%2Fv2%2Ftags&post=612454"}],"curies":[{"name":"wp","href":"https:\/\/api.w.org\/{rel}","templated":true}]}}