{"id":612468,"date":"2023-07-26T16:48:13","date_gmt":"2023-07-26T12:48:13","guid":{"rendered":"https:\/\/arantv.az\/?p=612468"},"modified":"2023-07-26T16:48:13","modified_gmt":"2023-07-26T12:48:13","slug":"%c9%99li-%c9%99hm%c9%99dov-qirgizistanin-bas-naziri-il%c9%99-gorusub","status":"publish","type":"post","link":"https:\/\/arantv.az\/?p=612468","title":{"rendered":"\u018fli \u018fhm\u0259dov Q\u0131r\u011f\u0131z\u0131stan\u0131n ba\u015f naziri il\u0259 g\u00f6r\u00fc\u015f\u00fcb"},"content":{"rendered":"<p>Az\u0259rbaycanla Q\u0131r\u011f\u0131z\u0131stan aras\u0131nda \u0259m\u0259kda\u015fl\u0131\u011f\u0131n g\u0259l\u0259c\u0259k inki\u015faf\u0131n\u0131n perspektivl\u0259ri m\u00fczakir\u0259 olunub.<\/p>\n<p>Bu bar\u0259d\u0259 Nazirl\u0259r Kabinetind\u0259n m\u0259lumat verilib.<\/p>\n<p>Bildirilib ki, bu g\u00fcn Q\u0131r\u011f\u0131z\u0131standa s\u0259f\u0259rd\u0259 olan Az\u0259rbaycan\u0131n Ba\u015f nazirinin m\u00fcavini \u018fli \u018fhm\u0259dov \u00c7olpon-Ata \u015f\u0259h\u0259rind\u0259 Q\u0131r\u011f\u0131z\u0131stan\u0131n Nazirl\u0259r Kabinetinin s\u0259dri Ak\u0131lbek Japarov il\u0259 g\u00f6r\u00fc\u015f\u00fcb.<\/p>\n<p>G\u00f6r\u00fc\u015fd\u0259 Az\u0259rbaycan v\u0259 Q\u0131r\u011f\u0131z\u0131stan aras\u0131nda m\u00fcxt\u0259lif sah\u0259l\u0259rd\u0259 ikit\u0259r\u0259fli \u0259laq\u0259l\u0259rin inki\u015faf\u0131ndan m\u0259mnunluq ifad\u0259 olunub.<\/p>\n<p>T\u0259r\u0259fl\u0259r y\u00fcks\u0259k s\u0259viyy\u0259d\u0259 ke\u00e7iril\u0259n qar\u015f\u0131l\u0131ql\u0131 s\u0259f\u0259rl\u0259rin v\u0259 bu s\u0259f\u0259rl\u0259r zaman\u0131 imzalanm\u0131\u015f s\u0259n\u0259dl\u0259rin \u0259m\u0259kda\u015fl\u0131\u011f\u0131n m\u00f6hk\u0259ml\u0259ndirilm\u0259si v\u0259 geni\u015fl\u0259ndirilm\u0259sind\u0259 ba\u015fl\u0131ca rolunu qeyd edibl\u0259r.<\/p>\n<p>\u00c7olpon-Ata \u015f\u0259h\u0259rind\u0259 ke\u00e7iril\u0259n Az\u0259rbaycan Respublikas\u0131 v\u0259 Q\u0131r\u011f\u0131z Respublikas\u0131 aras\u0131nda iqtisadi v\u0259 humanitar \u0259m\u0259kda\u015fl\u0131q \u00fczr\u0259 Birg\u0259 H\u00f6kum\u0259tl\u0259raras\u0131 komissiyas\u0131n\u0131n 5-ci iclas\u0131n\u0131n vacibliyi vur\u011fulan\u0131b.<\/p>\n<p>G\u00f6r\u00fc\u015fd\u0259 Az\u0259rbaycan-Q\u0131r\u011f\u0131z\u0131stan qar\u015f\u0131l\u0131ql\u0131 faydal\u0131 t\u0259r\u0259fda\u015fl\u0131\u011f\u0131n\u0131n ticar\u0259t-iqtisadi, investisiya, n\u0259qliyyat-tranzit, k\u0259nd t\u0259s\u0259rr\u00fcfat\u0131, m\u0259d\u0259ni-humanitar, turizm v\u0259 dig\u0259r sah\u0259l\u0259rd\u0259 g\u0259l\u0259c\u0259k inki\u015faf\u0131n\u0131n perspektivl\u0259ri m\u00fczakir\u0259 olunub.<\/p>\n","protected":false},"excerpt":{"rendered":"<p>Az\u0259rbaycanla Q\u0131r\u011f\u0131z\u0131stan aras\u0131nda \u0259m\u0259kda\u015fl\u0131\u011f\u0131n g\u0259l\u0259c\u0259k inki\u015faf\u0131n\u0131n perspektivl\u0259ri m\u00fczakir\u0259 olunub. Bu bar\u0259d\u0259 Nazirl\u0259r Kabinetind\u0259n m\u0259lumat verilib. Bildirilib ki, bu g\u00fcn Q\u0131r\u011f\u0131z\u0131standa s\u0259f\u0259rd\u0259 olan Az\u0259rbaycan\u0131n Ba\u015f nazirinin m\u00fcavini \u018fli \u018fhm\u0259dov \u00c7olpon-Ata \u015f\u0259h\u0259rind\u0259 Q\u0131r\u011f\u0131z\u0131stan\u0131n Nazirl\u0259r Kabinetinin s\u0259dri Ak\u0131lbek Japarov il\u0259 g\u00f6r\u00fc\u015f\u00fcb. G\u00f6r\u00fc\u015fd\u0259 Az\u0259rbaycan v\u0259 Q\u0131r\u011f\u0131z\u0131stan aras\u0131nda m\u00fcxt\u0259lif sah\u0259l\u0259rd\u0259 ikit\u0259r\u0259fli \u0259laq\u0259l\u0259rin inki\u015faf\u0131ndan m\u0259mnunluq ifad\u0259 olunub. T\u0259r\u0259fl\u0259r y\u00fcks\u0259k s\u0259viyy\u0259d\u0259 ke\u00e7iril\u0259n qar\u015f\u0131l\u0131ql\u0131 s\u0259f\u0259rl\u0259rin v\u0259 bu s\u0259f\u0259rl\u0259r zaman\u0131 imzalanm\u0131\u015f s\u0259n\u0259dl\u0259rin \u0259m\u0259kda\u015fl\u0131\u011f\u0131n m\u00f6hk\u0259ml\u0259ndirilm\u0259si v\u0259 geni\u015fl\u0259ndirilm\u0259sind\u0259 ba\u015fl\u0131ca rolunu qeyd edibl\u0259r. \u00c7olpon-Ata \u015f\u0259h\u0259rind\u0259 ke\u00e7iril\u0259n Az\u0259rbaycan Respublikas\u0131 v\u0259 Q\u0131r\u011f\u0131z Respublikas\u0131 aras\u0131nda iqtisadi v\u0259 humanitar \u0259m\u0259kda\u015fl\u0131q \u00fczr\u0259 Birg\u0259 H\u00f6kum\u0259tl\u0259raras\u0131 komissiyas\u0131n\u0131n 5-ci iclas\u0131n\u0131n&hellip;<\/p>\n","protected":false},"author":2,"featured_media":612469,"comment_status":"closed","ping_status":"closed","sticky":false,"template":"","format":"standard","meta":{"om_disable_all_campaigns":false,"_monsterinsights_skip_tracking":false,"_monsterinsights_sitenote_active":false,"_monsterinsights_sitenote_note":"","_monsterinsights_sitenote_category":0},"categories":[4],"tags":[],"aioseo_notices":[],"gutentor_comment":0,"rttpg_featured_image_url":{"full":["https:\/\/arantv.az\/wp-content\/uploads\/2023\/07\/195a8c4f-dd9e-3563-a477-34325bf9eb92_850.jpg",620,413,false],"landscape":["https:\/\/arantv.az\/wp-content\/uploads\/2023\/07\/195a8c4f-dd9e-3563-a477-34325bf9eb92_850.jpg",620,413,false],"portraits":["https:\/\/arantv.az\/wp-content\/uploads\/2023\/07\/195a8c4f-dd9e-3563-a477-34325bf9eb92_850.jpg",620,413,false],"thumbnail":["https:\/\/arantv.az\/wp-content\/uploads\/2023\/07\/195a8c4f-dd9e-3563-a477-34325bf9eb92_850-500x280.jpg",500,280,true],"medium":["https:\/\/arantv.az\/wp-content\/uploads\/2023\/07\/195a8c4f-dd9e-3563-a477-34325bf9eb92_850-548x365.jpg",548,365,true],"large":["https:\/\/arantv.az\/wp-content\/uploads\/2023\/07\/195a8c4f-dd9e-3563-a477-34325bf9eb92_850.jpg",620,413,false],"1536x1536":["https:\/\/arantv.az\/wp-content\/uploads\/2023\/07\/195a8c4f-dd9e-3563-a477-34325bf9eb92_850.jpg",620,413,false],"2048x2048":["https:\/\/arantv.az\/wp-content\/uploads\/2023\/07\/195a8c4f-dd9e-3563-a477-34325bf9eb92_850.jpg",620,413,false],"post-thumbnail":["https:\/\/arantv.az\/wp-content\/uploads\/2023\/07\/195a8c4f-dd9e-3563-a477-34325bf9eb92_850-240x172.jpg",240,172,true],"advps-thumb-one":["https:\/\/arantv.az\/wp-content\/uploads\/2023\/07\/195a8c4f-dd9e-3563-a477-34325bf9eb92_850.jpg",620,413,false]},"rttpg_author":{"display_name":"V\u00fcsal Rafiqo\u011flu","author_link":"https:\/\/arantv.az\/?author=2"},"rttpg_comment":0,"rttpg_category":"<a href=\"https:\/\/arantv.az\/?cat=4\" rel=\"category\">Siyas\u0259t<\/a>","rttpg_excerpt":"Az\u0259rbaycanla Q\u0131r\u011f\u0131z\u0131stan aras\u0131nda \u0259m\u0259kda\u015fl\u0131\u011f\u0131n g\u0259l\u0259c\u0259k inki\u015faf\u0131n\u0131n perspektivl\u0259ri m\u00fczakir\u0259 olunub. Bu bar\u0259d\u0259 Nazirl\u0259r Kabinetind\u0259n m\u0259lumat verilib. Bildirilib ki, bu g\u00fcn Q\u0131r\u011f\u0131z\u0131standa s\u0259f\u0259rd\u0259 olan Az\u0259rbaycan\u0131n Ba\u015f nazirinin m\u00fcavini \u018fli \u018fhm\u0259dov \u00c7olpon-Ata \u015f\u0259h\u0259rind\u0259 Q\u0131r\u011f\u0131z\u0131stan\u0131n Nazirl\u0259r Kabinetinin s\u0259dri Ak\u0131lbek Japarov il\u0259 g\u00f6r\u00fc\u015f\u00fcb. G\u00f6r\u00fc\u015fd\u0259 Az\u0259rbaycan v\u0259 Q\u0131r\u011f\u0131z\u0131stan aras\u0131nda m\u00fcxt\u0259lif sah\u0259l\u0259rd\u0259 ikit\u0259r\u0259fli \u0259laq\u0259l\u0259rin inki\u015faf\u0131ndan m\u0259mnunluq ifad\u0259 olunub. T\u0259r\u0259fl\u0259r y\u00fcks\u0259k s\u0259viyy\u0259d\u0259 ke\u00e7iril\u0259n&hellip;","_links":{"self":[{"href":"https:\/\/arantv.az\/index.php?rest_route=\/wp\/v2\/posts\/612468"}],"collection":[{"href":"https:\/\/arantv.az\/index.php?rest_route=\/wp\/v2\/posts"}],"about":[{"href":"https:\/\/arantv.az\/index.php?rest_route=\/wp\/v2\/types\/post"}],"author":[{"embeddable":true,"href":"https:\/\/arantv.az\/index.php?rest_route=\/wp\/v2\/users\/2"}],"replies":[{"embeddable":true,"href":"https:\/\/arantv.az\/index.php?rest_route=%2Fwp%2Fv2%2Fcomments&post=612468"}],"version-history":[{"count":0,"href":"https:\/\/arantv.az\/index.php?rest_route=\/wp\/v2\/posts\/612468\/revisions"}],"wp:featuredmedia":[{"embeddable":true,"href":"https:\/\/arantv.az\/index.php?rest_route=\/wp\/v2\/media\/612469"}],"wp:attachment":[{"href":"https:\/\/arantv.az\/index.php?rest_route=%2Fwp%2Fv2%2Fmedia&parent=612468"}],"wp:term":[{"taxonomy":"category","embeddable":true,"href":"https:\/\/arantv.az\/index.php?rest_route=%2Fwp%2Fv2%2Fcategories&post=612468"},{"taxonomy":"post_tag","embeddable":true,"href":"https:\/\/arantv.az\/index.php?rest_route=%2Fwp%2Fv2%2Ftags&post=612468"}],"curies":[{"name":"wp","href":"https:\/\/api.w.org\/{rel}","templated":true}]}}