{"id":612685,"date":"2023-07-27T12:03:59","date_gmt":"2023-07-27T08:03:59","guid":{"rendered":"https:\/\/arantv.az\/?p=612685"},"modified":"2023-07-27T12:03:59","modified_gmt":"2023-07-27T08:03:59","slug":"az%c9%99rbaycan-turkiy%c9%99-istehsali-kaan-ucun-ankarayla-%c9%99m%c9%99kdasliq-ed%c9%99c%c9%99k-foto","status":"publish","type":"post","link":"https:\/\/arantv.az\/?p=612685","title":{"rendered":"Az\u0259rbaycan T\u00fcrkiy\u0259 istehsal\u0131 \u201cKaan\u201d \u00fc\u00e7\u00fcn Ankarayla \u0259m\u0259kda\u015fl\u0131q ed\u0259c\u0259k &#8211; FOTO"},"content":{"rendered":"<p>Ankara v\u0259 Bak\u0131 T\u00fcrkiy\u0259nin be\u015finci n\u0259sil q\u0131r\u0131c\u0131s\u0131 olan \u201cKaan\u201d\u0131n yarad\u0131lmas\u0131 layih\u0259si \u00e7\u0259r\u00e7iv\u0259sind\u0259 \u0259m\u0259kda\u015fl\u0131q haqq\u0131nda raz\u0131l\u0131\u011fa g\u0259libl\u0259r. Bu raz\u0131la\u015fma \u0130stanbulda beyn\u0259lxalq m\u00fcdafi\u0259 s\u0259nayesi s\u0259rgisi (IDEF-2023) \u00e7\u0259r\u00e7iv\u0259sind\u0259 imzalanmas\u0131 planla\u015fd\u0131r\u0131lan ikit\u0259r\u0259fli sazi\u015fl\u0259 r\u0259smil\u0259\u015fdiril\u0259c\u0259k.<\/p>\n<p>Bildirilir ki, Bak\u0131n\u0131n layih\u0259d\u0259 i\u015ftirak\u0131 Rusiyan\u0131n \u201cMiQ-29\u201d t\u0259yyar\u0259l\u0259ri il\u0259 t\u0259chiz edilmi\u015f Az\u0259rbaycan H\u0259rbi Hava Q\u00fcvv\u0259l\u0259rinin modernl\u0259\u015fdirilm\u0259sind\u0259 m\u00fch\u00fcm add\u0131m kimi qiym\u0259tl\u0259ndiriliir.<\/p>\n<p>O da vur\u011fulan\u0131r ki, T\u00fcrkiy\u0259nin milli q\u0131r\u0131c\u0131s\u0131n\u0131n yarad\u0131lmas\u0131 layih\u0259sind\u0259 Ukrayna da i\u015ftirak ed\u0259 bil\u0259r.<\/p>\n<p>Qeyd ed\u0259k ki, \u201cKaan\u201d be\u015finci n\u0259sil q\u0131r\u0131c\u0131s\u0131 T\u00fcrkiy\u0259d\u0259 milli d\u00f6y\u00fc\u015f t\u0259yyar\u0259l\u0259ri proqram\u0131 \u00e7\u0259r\u00e7iv\u0259sind\u0259 yarad\u0131l\u0131b. Onun ilk u\u00e7u\u015funu bu il h\u0259yata ke\u00e7ir\u0259c\u0259yi qeyd edilib.<\/p>\n<p>Q\u0131r\u0131c\u0131n\u0131n k\u00fctl\u0259vi istehsal\u0131na 2028-ci ild\u0259 ba\u015flanmas\u0131 planla\u015fd\u0131r\u0131l\u0131r.<\/p>\n<p>&nbsp;<\/p>\n<div class=\"gallery\">\n<div class=\"gallery-i\"><img src=\"https:\/\/cdn.oxu.az\/uploads\/W1siZiIsIjIwMjMvMDcvMjcvMTEvMDkvMzgvNGZhNTI1MDYtYjEwNC00ZWVlLTg0ZjctODQzOTJmOGM3YWE0L0Z2Qzd6R2NYZ0FFeHhhNi5qcGciXSxbInAiLCJlbmNvZGUiLCJqcGciLCItcXVhbGl0eSA4MCJdLFsicCIsInRodW1iIiwiNTkweDU5MFx1MDAzZSJdXQ?sha=949e1c5bfb9d1dac\" alt=\"\" \/><\/p>\n<div class=\"gallery-i-caption\"><\/div>\n<\/div>\n<div class=\"gallery-i\"><img src=\"https:\/\/cdn.oxu.az\/uploads\/W1siZiIsIjIwMjMvMDcvMjcvMTEvMDkvMzgvYmNkOTUxMjYtZTJjNi00Nzc1LTlhN2UtNmUyZjExNzJkYTY0L21pbGxpLmpwZyJdLFsicCIsImVuY29kZSIsImpwZyIsIi1xdWFsaXR5IDgwIl0sWyJwIiwidGh1bWIiLCI1OTB4NTkwXHUwMDNlIl1d?sha=7b9cf116c752acf5\" alt=\"\" \/><\/p>\n<div class=\"gallery-i-caption\"><\/div>\n<\/div>\n<\/div>\n<p>M\u0259nb\u0259: Defence Turk<\/p>\n","protected":false},"excerpt":{"rendered":"<p>Ankara v\u0259 Bak\u0131 T\u00fcrkiy\u0259nin be\u015finci n\u0259sil q\u0131r\u0131c\u0131s\u0131 olan \u201cKaan\u201d\u0131n yarad\u0131lmas\u0131 layih\u0259si \u00e7\u0259r\u00e7iv\u0259sind\u0259 \u0259m\u0259kda\u015fl\u0131q haqq\u0131nda raz\u0131l\u0131\u011fa g\u0259libl\u0259r. Bu raz\u0131la\u015fma \u0130stanbulda beyn\u0259lxalq m\u00fcdafi\u0259 s\u0259nayesi s\u0259rgisi (IDEF-2023) \u00e7\u0259r\u00e7iv\u0259sind\u0259 imzalanmas\u0131 planla\u015fd\u0131r\u0131lan ikit\u0259r\u0259fli sazi\u015fl\u0259 r\u0259smil\u0259\u015fdiril\u0259c\u0259k. Bildirilir ki, Bak\u0131n\u0131n layih\u0259d\u0259 i\u015ftirak\u0131 Rusiyan\u0131n \u201cMiQ-29\u201d t\u0259yyar\u0259l\u0259ri il\u0259 t\u0259chiz edilmi\u015f Az\u0259rbaycan H\u0259rbi Hava Q\u00fcvv\u0259l\u0259rinin modernl\u0259\u015fdirilm\u0259sind\u0259 m\u00fch\u00fcm add\u0131m kimi qiym\u0259tl\u0259ndiriliir. O da vur\u011fulan\u0131r ki, T\u00fcrkiy\u0259nin milli q\u0131r\u0131c\u0131s\u0131n\u0131n yarad\u0131lmas\u0131 layih\u0259sind\u0259 Ukrayna da i\u015ftirak ed\u0259 bil\u0259r. Qeyd ed\u0259k ki, \u201cKaan\u201d be\u015finci n\u0259sil q\u0131r\u0131c\u0131s\u0131 T\u00fcrkiy\u0259d\u0259 milli d\u00f6y\u00fc\u015f t\u0259yyar\u0259l\u0259ri proqram\u0131 \u00e7\u0259r\u00e7iv\u0259sind\u0259 yarad\u0131l\u0131b. Onun ilk u\u00e7u\u015funu bu il h\u0259yata ke\u00e7ir\u0259c\u0259yi qeyd edilib. Q\u0131r\u0131c\u0131n\u0131n k\u00fctl\u0259vi istehsal\u0131na&hellip;<\/p>\n","protected":false},"author":2,"featured_media":612686,"comment_status":"closed","ping_status":"closed","sticky":false,"template":"","format":"standard","meta":{"om_disable_all_campaigns":false,"_monsterinsights_skip_tracking":false,"_monsterinsights_sitenote_active":false,"_monsterinsights_sitenote_note":"","_monsterinsights_sitenote_category":0},"categories":[4],"tags":[],"aioseo_notices":[],"gutentor_comment":0,"rttpg_featured_image_url":{"full":["https:\/\/arantv.az\/wp-content\/uploads\/2023\/07\/Fs3SRT4WcAEVPBL-2048x1365-1.jpg",620,413,false],"landscape":["https:\/\/arantv.az\/wp-content\/uploads\/2023\/07\/Fs3SRT4WcAEVPBL-2048x1365-1.jpg",620,413,false],"portraits":["https:\/\/arantv.az\/wp-content\/uploads\/2023\/07\/Fs3SRT4WcAEVPBL-2048x1365-1.jpg",620,413,false],"thumbnail":["https:\/\/arantv.az\/wp-content\/uploads\/2023\/07\/Fs3SRT4WcAEVPBL-2048x1365-1-500x280.jpg",500,280,true],"medium":["https:\/\/arantv.az\/wp-content\/uploads\/2023\/07\/Fs3SRT4WcAEVPBL-2048x1365-1-548x365.jpg",548,365,true],"large":["https:\/\/arantv.az\/wp-content\/uploads\/2023\/07\/Fs3SRT4WcAEVPBL-2048x1365-1.jpg",620,413,false],"1536x1536":["https:\/\/arantv.az\/wp-content\/uploads\/2023\/07\/Fs3SRT4WcAEVPBL-2048x1365-1.jpg",620,413,false],"2048x2048":["https:\/\/arantv.az\/wp-content\/uploads\/2023\/07\/Fs3SRT4WcAEVPBL-2048x1365-1.jpg",620,413,false],"post-thumbnail":["https:\/\/arantv.az\/wp-content\/uploads\/2023\/07\/Fs3SRT4WcAEVPBL-2048x1365-1-240x172.jpg",240,172,true],"advps-thumb-one":["https:\/\/arantv.az\/wp-content\/uploads\/2023\/07\/Fs3SRT4WcAEVPBL-2048x1365-1.jpg",620,413,false]},"rttpg_author":{"display_name":"V\u00fcsal Rafiqo\u011flu","author_link":"https:\/\/arantv.az\/?author=2"},"rttpg_comment":0,"rttpg_category":"<a href=\"https:\/\/arantv.az\/?cat=4\" rel=\"category\">Siyas\u0259t<\/a>","rttpg_excerpt":"Ankara v\u0259 Bak\u0131 T\u00fcrkiy\u0259nin be\u015finci n\u0259sil q\u0131r\u0131c\u0131s\u0131 olan \u201cKaan\u201d\u0131n yarad\u0131lmas\u0131 layih\u0259si \u00e7\u0259r\u00e7iv\u0259sind\u0259 \u0259m\u0259kda\u015fl\u0131q haqq\u0131nda raz\u0131l\u0131\u011fa g\u0259libl\u0259r. Bu raz\u0131la\u015fma \u0130stanbulda beyn\u0259lxalq m\u00fcdafi\u0259 s\u0259nayesi s\u0259rgisi (IDEF-2023) \u00e7\u0259r\u00e7iv\u0259sind\u0259 imzalanmas\u0131 planla\u015fd\u0131r\u0131lan ikit\u0259r\u0259fli sazi\u015fl\u0259 r\u0259smil\u0259\u015fdiril\u0259c\u0259k. Bildirilir ki, Bak\u0131n\u0131n layih\u0259d\u0259 i\u015ftirak\u0131 Rusiyan\u0131n \u201cMiQ-29\u201d t\u0259yyar\u0259l\u0259ri il\u0259 t\u0259chiz edilmi\u015f Az\u0259rbaycan H\u0259rbi Hava Q\u00fcvv\u0259l\u0259rinin modernl\u0259\u015fdirilm\u0259sind\u0259 m\u00fch\u00fcm add\u0131m kimi qiym\u0259tl\u0259ndiriliir. O da vur\u011fulan\u0131r ki, T\u00fcrkiy\u0259nin&hellip;","_links":{"self":[{"href":"https:\/\/arantv.az\/index.php?rest_route=\/wp\/v2\/posts\/612685"}],"collection":[{"href":"https:\/\/arantv.az\/index.php?rest_route=\/wp\/v2\/posts"}],"about":[{"href":"https:\/\/arantv.az\/index.php?rest_route=\/wp\/v2\/types\/post"}],"author":[{"embeddable":true,"href":"https:\/\/arantv.az\/index.php?rest_route=\/wp\/v2\/users\/2"}],"replies":[{"embeddable":true,"href":"https:\/\/arantv.az\/index.php?rest_route=%2Fwp%2Fv2%2Fcomments&post=612685"}],"version-history":[{"count":0,"href":"https:\/\/arantv.az\/index.php?rest_route=\/wp\/v2\/posts\/612685\/revisions"}],"wp:featuredmedia":[{"embeddable":true,"href":"https:\/\/arantv.az\/index.php?rest_route=\/wp\/v2\/media\/612686"}],"wp:attachment":[{"href":"https:\/\/arantv.az\/index.php?rest_route=%2Fwp%2Fv2%2Fmedia&parent=612685"}],"wp:term":[{"taxonomy":"category","embeddable":true,"href":"https:\/\/arantv.az\/index.php?rest_route=%2Fwp%2Fv2%2Fcategories&post=612685"},{"taxonomy":"post_tag","embeddable":true,"href":"https:\/\/arantv.az\/index.php?rest_route=%2Fwp%2Fv2%2Ftags&post=612685"}],"curies":[{"name":"wp","href":"https:\/\/api.w.org\/{rel}","templated":true}]}}