{"id":616356,"date":"2023-08-06T21:53:26","date_gmt":"2023-08-06T17:53:26","guid":{"rendered":"https:\/\/arantv.az\/?p=616356"},"modified":"2023-08-06T21:53:26","modified_gmt":"2023-08-06T17:53:26","slug":"bakida-avtomobilin-hamil%c9%99-qadini-vurdugu-anin-goruntul%c9%99ri-yayildi-anbaan-video","status":"publish","type":"post","link":"https:\/\/arantv.az\/?p=616356","title":{"rendered":"Bak\u0131da avtomobilin hamil\u0259 qad\u0131n\u0131 vurdu\u011fu an\u0131n g\u00f6r\u00fcnt\u00fcl\u0259ri yay\u0131ld\u0131 &#8211; ANBAAN V\u0130DEO"},"content":{"rendered":"<article class=\"news\">\n<div class=\"news-inner\">\n<p>D\u00fcn\u0259n Bak\u0131n\u0131n X\u0259tai rayonunda ba\u015f ver\u0259n a\u011f\u0131r yol-n\u0259qliyyat hadis\u0259sinin g\u00f6r\u00fcnt\u00fcl\u0259ri yay\u0131l\u0131b.<\/p>\n<p>Qeyd ed\u0259k ki, hadis\u0259 n\u0259tic\u0259sind\u0259 2001-ci il t\u0259v\u0259ll\u00fcdl\u00fc G\u00fcll\u00fc Mehdiyeva d\u00fcnyas\u0131n\u0131 d\u0259yi\u015fib.<\/p>\n<p>Daha sonra onun hamil\u0259 oldu\u011fu m\u0259lum olub. Q\u0259za n\u0259tic\u0259sind\u0259 b\u0259tnind\u0259ki k\u00f6rp\u0259si, x\u0259st\u0259xanada is\u0259 \u00f6z\u00fc h\u0259yat\u0131n\u0131 itirib.<\/p>\n<p>H\u0259min q\u0259zan\u0131n g\u00f6r\u00fcnt\u00fcl\u0259rini t\u0259qdim edirik:<\/p>\n<div><iframe loading=\"lazy\" id=\"telegram-post-oxuaze-58818\" src=\"https:\/\/t.me\/oxuaze\/58818?embed=1\" width=\"100%\" height=\"\" frameborder=\"0\" scrolling=\"no\" data-mce-fragment=\"1\"><\/iframe><\/div>\n<\/div>\n<\/article>\n<section class=\"related-news\">\n<div class=\"l-center\"><\/div>\n<\/section>\n","protected":false},"excerpt":{"rendered":"<p>D\u00fcn\u0259n Bak\u0131n\u0131n X\u0259tai rayonunda ba\u015f ver\u0259n a\u011f\u0131r yol-n\u0259qliyyat hadis\u0259sinin g\u00f6r\u00fcnt\u00fcl\u0259ri yay\u0131l\u0131b. Qeyd ed\u0259k ki, hadis\u0259 n\u0259tic\u0259sind\u0259 2001-ci il t\u0259v\u0259ll\u00fcdl\u00fc G\u00fcll\u00fc Mehdiyeva d\u00fcnyas\u0131n\u0131 d\u0259yi\u015fib. Daha sonra onun hamil\u0259 oldu\u011fu m\u0259lum olub. Q\u0259za n\u0259tic\u0259sind\u0259 b\u0259tnind\u0259ki k\u00f6rp\u0259si, x\u0259st\u0259xanada is\u0259 \u00f6z\u00fc h\u0259yat\u0131n\u0131 itirib. H\u0259min q\u0259zan\u0131n g\u00f6r\u00fcnt\u00fcl\u0259rini t\u0259qdim edirik:<\/p>\n","protected":false},"author":2,"featured_media":616358,"comment_status":"closed","ping_status":"closed","sticky":false,"template":"","format":"standard","meta":{"om_disable_all_campaigns":false,"_monsterinsights_skip_tracking":false,"_monsterinsights_sitenote_active":false,"_monsterinsights_sitenote_note":"","_monsterinsights_sitenote_category":0},"categories":[5],"tags":[],"aioseo_notices":[],"gutentor_comment":0,"rttpg_featured_image_url":{"full":["https:\/\/arantv.az\/wp-content\/uploads\/2023\/08\/FotoJet-2023-08-06T184701.943.jpg",620,413,false],"landscape":["https:\/\/arantv.az\/wp-content\/uploads\/2023\/08\/FotoJet-2023-08-06T184701.943.jpg",620,413,false],"portraits":["https:\/\/arantv.az\/wp-content\/uploads\/2023\/08\/FotoJet-2023-08-06T184701.943.jpg",620,413,false],"thumbnail":["https:\/\/arantv.az\/wp-content\/uploads\/2023\/08\/FotoJet-2023-08-06T184701.943-500x280.jpg",500,280,true],"medium":["https:\/\/arantv.az\/wp-content\/uploads\/2023\/08\/FotoJet-2023-08-06T184701.943-548x365.jpg",548,365,true],"large":["https:\/\/arantv.az\/wp-content\/uploads\/2023\/08\/FotoJet-2023-08-06T184701.943.jpg",620,413,false],"1536x1536":["https:\/\/arantv.az\/wp-content\/uploads\/2023\/08\/FotoJet-2023-08-06T184701.943.jpg",620,413,false],"2048x2048":["https:\/\/arantv.az\/wp-content\/uploads\/2023\/08\/FotoJet-2023-08-06T184701.943.jpg",620,413,false],"post-thumbnail":["https:\/\/arantv.az\/wp-content\/uploads\/2023\/08\/FotoJet-2023-08-06T184701.943-240x172.jpg",240,172,true],"advps-thumb-one":["https:\/\/arantv.az\/wp-content\/uploads\/2023\/08\/FotoJet-2023-08-06T184701.943.jpg",620,413,false]},"rttpg_author":{"display_name":"V\u00fcsal Rafiqo\u011flu","author_link":"https:\/\/arantv.az\/?author=2"},"rttpg_comment":0,"rttpg_category":"<a href=\"https:\/\/arantv.az\/?cat=5\" rel=\"category\">Hadis\u0259<\/a>","rttpg_excerpt":"D\u00fcn\u0259n Bak\u0131n\u0131n X\u0259tai rayonunda ba\u015f ver\u0259n a\u011f\u0131r yol-n\u0259qliyyat hadis\u0259sinin g\u00f6r\u00fcnt\u00fcl\u0259ri yay\u0131l\u0131b. Qeyd ed\u0259k ki, hadis\u0259 n\u0259tic\u0259sind\u0259 2001-ci il t\u0259v\u0259ll\u00fcdl\u00fc G\u00fcll\u00fc Mehdiyeva d\u00fcnyas\u0131n\u0131 d\u0259yi\u015fib. Daha sonra onun hamil\u0259 oldu\u011fu m\u0259lum olub. Q\u0259za n\u0259tic\u0259sind\u0259 b\u0259tnind\u0259ki k\u00f6rp\u0259si, x\u0259st\u0259xanada is\u0259 \u00f6z\u00fc h\u0259yat\u0131n\u0131 itirib. H\u0259min q\u0259zan\u0131n g\u00f6r\u00fcnt\u00fcl\u0259rini t\u0259qdim edirik:","_links":{"self":[{"href":"https:\/\/arantv.az\/index.php?rest_route=\/wp\/v2\/posts\/616356"}],"collection":[{"href":"https:\/\/arantv.az\/index.php?rest_route=\/wp\/v2\/posts"}],"about":[{"href":"https:\/\/arantv.az\/index.php?rest_route=\/wp\/v2\/types\/post"}],"author":[{"embeddable":true,"href":"https:\/\/arantv.az\/index.php?rest_route=\/wp\/v2\/users\/2"}],"replies":[{"embeddable":true,"href":"https:\/\/arantv.az\/index.php?rest_route=%2Fwp%2Fv2%2Fcomments&post=616356"}],"version-history":[{"count":0,"href":"https:\/\/arantv.az\/index.php?rest_route=\/wp\/v2\/posts\/616356\/revisions"}],"wp:featuredmedia":[{"embeddable":true,"href":"https:\/\/arantv.az\/index.php?rest_route=\/wp\/v2\/media\/616358"}],"wp:attachment":[{"href":"https:\/\/arantv.az\/index.php?rest_route=%2Fwp%2Fv2%2Fmedia&parent=616356"}],"wp:term":[{"taxonomy":"category","embeddable":true,"href":"https:\/\/arantv.az\/index.php?rest_route=%2Fwp%2Fv2%2Fcategories&post=616356"},{"taxonomy":"post_tag","embeddable":true,"href":"https:\/\/arantv.az\/index.php?rest_route=%2Fwp%2Fv2%2Ftags&post=616356"}],"curies":[{"name":"wp","href":"https:\/\/api.w.org\/{rel}","templated":true}]}}